{"id":188343,"date":"2024-05-18T13:03:33","date_gmt":"2024-05-18T18:03:33","guid":{"rendered":"https:\/\/visionpeninsular.com\/mid\/?p=188343"},"modified":"2024-05-18T13:03:35","modified_gmt":"2024-05-18T18:03:35","slug":"mexico-entre-la-oscuridad-y-la-luz","status":"publish","type":"post","link":"https:\/\/visionpeninsular.com\/mid\/mexico-entre-la-oscuridad-y-la-luz\/","title":{"rendered":"M\u00e9xico, entre la oscuridad y la luz"},"content":{"rendered":"\n<p>Por: SemM\u00e9xico<\/p>\n\n\n\n<p>Dulce Mar\u00eda Sauri Riancho (*)<\/p>\n\n\n\n<p>SemM\u00e9xico, M\u00e9rida, Yucat\u00e1n, 16 de mayo, 2024.- El final del sexenio del presidente L\u00f3pez Obrador ser\u00e1 recordado por los apagones que azotan a la mayor parte de M\u00e9xico.<\/p>\n\n\n\n<p>No s\u00f3lo la luz se ha cortado en un racionamiento incomprensible para un pa\u00eds que aspira a participar en la relocalizaci\u00f3n industrial m\u00e1s grande, el famoso nearshoring.<\/p>\n\n\n\n<p>Tambi\u00e9n el gobierno ha \u201cbajado\u201d el switch de otros importantes sectores fundamentales para el bienestar de las familias mexicanas.<\/p>\n\n\n\n<p>Decid\u00ed hacer una lista de \u201capagones\u201d que hemos vivido a lo largo de casi seis a\u00f1os. Todos tienen en com\u00fan la advertencia oportuna sobre las consecuencias de \u201capagar\u201d programas, de cancelar pol\u00edticas p\u00fablicas exitosas. Tambi\u00e9n todas coinciden en los o\u00eddos sordos que encontraron las alertas y otro factor com\u00fan, es que en casi la totalidad no hemos tenido que esperar mucho para ver y sufrir sus consecuencias.<\/p>\n\n\n\n<p><strong>Comienzo con el apag\u00f3n de la energ\u00eda el\u00e9ctrica<\/strong><\/p>\n\n\n\n<p>Se va la luz a cualquier hora, con cualquier pretexto que, agregada la terrible ola de calor, hacen la situaci\u00f3n de millones de familias mexicanas pr\u00e1cticamente insostenible. Lo m\u00e1s triste del caso es que desde el inicio del actual gobierno, en 2019, se dio aviso del riesgo que se corr\u00eda al cancelar los proyectos aprobados para proveer a la CFE de energ\u00edas limpias, procedentes de los parques e\u00f3licos y fotovoltaicos en distintas regiones de M\u00e9xico.<\/p>\n\n\n\n<p>La terca realidad alcanz\u00f3 a las \u201cma\u00f1aneras\u201d del presidente, pues no se puede iluminar la oscuridad con sus palabras, ni se pueden ocultar los serios problemas que afligen la vida cotidiana, en la que, una vez m\u00e1s, son los m\u00e1s pobres y vulnerables los que m\u00e1s sufren.<\/p>\n\n\n\n<p><strong>Decisiones<\/strong><\/p>\n\n\n\n<p>Como en otras \u00e1reas de la administraci\u00f3n, el gobierno lopezobradorista ha gastado mucho y mal. En vez de ampliar las l\u00edneas de transmisi\u00f3n y la capacidad de distribuci\u00f3n del fluido el\u00e9ctrico, decidi\u00f3 comprar plantas el\u00e9ctricas a una empresa espa\u00f1ola que, feliz, se llev\u00f3 los 6,000 millones de d\u00f3lares (alrededor de 120,000 millones de pesos) a otro pa\u00eds para invertirlos en energ\u00edas verdes.<\/p>\n\n\n\n<p>Por ning\u00fan lado se ve preocupaci\u00f3n o estrategia para mitigar los efectos devastadores del cambio clim\u00e1tico, del anunciado incremento de la fuerza de los huracanes, como \u201cOtis\u201d que arras\u00f3 Acapulco, ni de los nuevos fen\u00f3menos de \u201cenjambres s\u00edsmicos\u201d presentes en varias regiones del territorio nacional, incluyendo la Ciudad de M\u00e9xico. M\u00ednimamente, por favor, que el gobierno permita la conexi\u00f3n de los parques e\u00f3licos y solares que ya est\u00e1n listos, pero que no pueden entregar su energ\u00eda por razones estrictamente ideol\u00f3gicas: porque son privados.<\/p>\n\n\n\n<p>Las pol\u00edticas que privilegian la generaci\u00f3n a trav\u00e9s de combustibles f\u00f3siles, significativamente el contaminante combust\u00f3leo, espero que se cancelen o al menos se reduzcan, en la pr\u00f3xima administraci\u00f3n.<\/p>\n\n\n\n<p><strong>El apag\u00f3n de la salud<\/strong><\/p>\n\n\n\n<p>Comenzando el gobierno, se apag\u00f3 el Seguro Popular. A la fecha no acabo de entender las razones por las cuales el presidente L\u00f3pez Obrador le ten\u00eda tan mala voluntad, cuando era esencialmente un esquema que aseguraba los recursos econ\u00f3micos para atender la salud de m\u00e1s de 50 millones de personas, proveerlas de medicamentos y, si contra\u00edan alguna enfermedad de las consideradas como catastr\u00f3ficas \u2014c\u00e1ncer de varios tipos, padecimientos renales asociados a la diabetes, entre otros\u2014, hab\u00eda un fondo especial para tratarlas y evitarles a las familias la necesidad de atravesar su patrimonio para curar a su ser querido. La entelequia que lo sucedi\u00f3 \u2014 El Insabi\u2014 dur\u00f3 poco, pero el da\u00f1o se vio multiplicado con la llegada de la pandemia del Covid. \u00a1Qu\u00e9 sentir\u00e1n las familias que sufrieron la muerte de alguien cercano cuando se enteran de que m\u00e1s de 300 mil personas no debieron haber fallecido! \u201cApagar\u201d la salud signific\u00f3 enfermedad y muerte.<\/p>\n\n\n\n<p><strong>El apag\u00f3n de la educaci\u00f3n<\/strong><\/p>\n\n\n\n<p>No encontramos con facilidad consecuencias inmediatas de haber \u201capagado\u201d la educaci\u00f3n b\u00e1sica, desde preescolar hasta preparatoria. A diferencia de la salud, que se refleja enseguida en enfermedad y muerte, en la educaci\u00f3n el da\u00f1o profundo se manifiesta a lo largo de la vida, cuando la ni\u00f1ez de hoy salga al mundo con una formaci\u00f3n deficiente para enfrentar con \u00e9xito su futuro.<\/p>\n\n\n\n<p>El saldo tr\u00e1gico de la pandemia se refleja en casi 1.5 millones de ni\u00f1@s y j\u00f3venes que abandonaron las aulas. Pero no es todo. Desconociendo el grave efecto de haber dejado de asistir presencialmente a la escuela, las autoridades lopezobradoristas hicieron caso omiso del rezago educativo de la ni\u00f1ez, prefirieron dictar una disposici\u00f3n para que \u201ctod@s\u201d pasen de grado, sin acreditar los conocimientos necesarios. Reconocer el \u201capag\u00f3n\u201d educativo implicaba dise\u00f1ar y echar a andar un programa de emergencia para recuperar el tiempo, eliminar o al menos, suavizar los rezagos que acompa\u00f1ar\u00e1n a una generaci\u00f3n por el resto de sus vidas.<\/p>\n\n\n\n<p><strong>El apag\u00f3n a las mujeres<\/strong><\/p>\n\n\n\n<p>No s\u00f3lo fueron los recursos no entregados a los albergues para las v\u00edctimas de violencia.<\/p>\n\n\n\n<p>Tampoco el apag\u00f3n se limita a la reducci\u00f3n de los fondos para la salud de las mujeres, la planificaci\u00f3n familiar o los programas de formaci\u00f3n y capacitaci\u00f3n para el trabajo. Cuando se baj\u00f3 el switch de Progresa-Oportunidades-Prospera, m\u00e1s de seis millones de mujeres dejaron de recibir y administrar los apoyos econ\u00f3micos que el gobierno les transfer\u00eda para asegurar la salud, la nutrici\u00f3n y la educaci\u00f3n de su sus hijos.<\/p>\n\n\n\n<p>El empoderamiento de las mujeres m\u00e1s vulnerables sufri\u00f3 un grave retroceso del que muy poco se habla.<\/p>\n\n\n\n<p>Podr\u00eda continuar narrando \u201capagones\u201d deliberados o como consecuencias no previstas, que ha generado este gobierno. \u201cApag\u00f3\u201d las estancias infantiles, cancel\u00f3 las escuelas de tiempo completo. Acab\u00f3 con los fideicomisos, el Fonden entre los m\u00e1s significativos. El gobierno puso en penumbras a la ciencia y la tecnolog\u00eda, persigui\u00f3 a las y los cient\u00edficos e \u201cinvent\u00f3\u201d la categor\u00eda de la \u201cciencia neoliberal\u201d para combatir a sus supuestos adversarios.<\/p>\n\n\n\n<p><strong>Democracia<\/strong><\/p>\n\n\n\n<p>La luz de la democracia se puede apagar si triunfa el control pol\u00edtico y la concentraci\u00f3n de las decisiones en una persona. Siguen siendo faros de luz los \u00f3rganos constitucionales aut\u00f3nomos que todav\u00eda ejercen su independencia, esto es, que no han sido \u201ccolonizados\u201d y desde luego, el poder judicial federal y la Suprema Corte de Justicia. A la dif\u00edcil tarea que est\u00e1n desempe\u00f1ando el INE y el Trife, a\u00f1adamos la funci\u00f3n fundamental de preservar la democracia, las libertades, la vida. Oscuridad es la mentira y la traici\u00f3n; la Luz, la verdad y la justicia. Cada uno\/a tenemos con nuestro voto la decisi\u00f3n de dejar el switch abajo: en Salud en Educaci\u00f3n, en Energ\u00eda, etc., o quitarnos el miedo, subir el apagador e iluminar a M\u00e9xico.<\/p>\n\n\n\n<p>*dulcesauri@gmail.com<\/p>\n\n\n\n<p>(*) Licenciada en Sociolog\u00eda con doctorado en Historia. Ex gobernadora de Yucat\u00e1n<\/p>\n<div class='share-to-whatsapp-wrapper'><div class='share-on-whsp'>Share on: <\/div><a data-text='M\u00e9xico, entre la oscuridad y la luz' data-link='https:\/\/visionpeninsular.com\/mid\/mexico-entre-la-oscuridad-y-la-luz\/' class='whatsapp-button whatsapp-share'>WhatsApp<\/a><div class='clear '><\/div><\/div>","protected":false},"excerpt":{"rendered":"<p>Por: SemM\u00e9xico Dulce Mar\u00eda Sauri Riancho (*) SemM\u00e9xico, M\u00e9rida, Yucat\u00e1n, 16 de mayo, 2024.- El final del sexenio del presidente L\u00f3pez Obrador ser\u00e1 recordado por los apagones que azotan a la mayor parte de M\u00e9xico. No s\u00f3lo la luz se ha cortado en un racionamiento incomprensible para un pa\u00eds que aspira a participar en la &hellip;<\/p>\n","protected":false},"author":5,"featured_media":149239,"comment_status":"open","ping_status":"open","sticky":false,"template":"","format":"standard","meta":{"_mi_skip_tracking":false},"categories":[44],"tags":[42503,42504,42502,171,523],"_links":{"self":[{"href":"https:\/\/visionpeninsular.com\/mid\/wp-json\/wp\/v2\/posts\/188343"}],"collection":[{"href":"https:\/\/visionpeninsular.com\/mid\/wp-json\/wp\/v2\/posts"}],"about":[{"href":"https:\/\/visionpeninsular.com\/mid\/wp-json\/wp\/v2\/types\/post"}],"author":[{"embeddable":true,"href":"https:\/\/visionpeninsular.com\/mid\/wp-json\/wp\/v2\/users\/5"}],"replies":[{"embeddable":true,"href":"https:\/\/visionpeninsular.com\/mid\/wp-json\/wp\/v2\/comments?post=188343"}],"version-history":[{"count":1,"href":"https:\/\/visionpeninsular.com\/mid\/wp-json\/wp\/v2\/posts\/188343\/revisions"}],"predecessor-version":[{"id":188345,"href":"https:\/\/visionpeninsular.com\/mid\/wp-json\/wp\/v2\/posts\/188343\/revisions\/188345"}],"wp:featuredmedia":[{"embeddable":true,"href":"https:\/\/visionpeninsular.com\/mid\/wp-json\/wp\/v2\/media\/149239"}],"wp:attachment":[{"href":"https:\/\/visionpeninsular.com\/mid\/wp-json\/wp\/v2\/media?parent=188343"}],"wp:term":[{"taxonomy":"category","embeddable":true,"href":"https:\/\/visionpeninsular.com\/mid\/wp-json\/wp\/v2\/categories?post=188343"},{"taxonomy":"post_tag","embeddable":true,"href":"https:\/\/visionpeninsular.com\/mid\/wp-json\/wp\/v2\/tags?post=188343"}],"curies":[{"name":"wp","href":"https:\/\/api.w.org\/{rel}","templated":true}]}}