{"id":188333,"date":"2024-05-18T12:37:06","date_gmt":"2024-05-18T17:37:06","guid":{"rendered":"https:\/\/visionpeninsular.com\/mid\/?p=188333"},"modified":"2024-05-18T12:37:08","modified_gmt":"2024-05-18T17:37:08","slug":"festival-las-miradas-de-sisal-cine-arte-y-conciencia-para-las-infancias","status":"publish","type":"post","link":"https:\/\/visionpeninsular.com\/mid\/festival-las-miradas-de-sisal-cine-arte-y-conciencia-para-las-infancias\/","title":{"rendered":"Festival Las Miradas de Sisal: Cine, arte y conciencia para las infancias"},"content":{"rendered":"\n<p>Este s\u00e1bado 18, en el puerto de Sisal, en las instalaciones de la ex aduana, se realizar\u00e1 el primer festival \u201cLas Miradas de Sisal\u201d, que contar\u00e1 con diversas actividades enfocadas a las infancias de esa comunidad pesquera, que est\u00e1n&nbsp; a cargo del proyecto Cinema Paradiso.<\/p>\n\n\n\n<p>En rueda de prensa, los coordinadores Uriel Gallegos y B\u00e1rbara P\u00e9rez explicaron que hace tres a\u00f1os iniciaron un trabajo Sisal con un proyecto de Instituto Mexicano del Cine (Imcine), que consisti\u00f3 en hacer funciones gratuitas una vez al mes, ya sea en el parque principal, ex aduana, instalaciones de alg\u00fan restaurante como parte de un circuito itinerante, que tuvo por objetivo despertar el amor al s\u00e9ptimo arte entre las infancias y juventudes.<\/p>\n\n\n\n<p>Barbar\u00e1 P\u00e9rez indic\u00f3 que ya son varios chicos que se han sumado a esta agrupaci\u00f3n y que incluso realizan actividades de protecci\u00f3n a las tortugas, al manglar, a las aves mientras documentan el trabajo hecho.<\/p>\n\n\n\n<p>\u201cEl objetivo es que, desde la trinchera que son los medios de comunicaci\u00f3n y arte, despertar conciencia a las futuras generaciones y generar espacios para que se expresen en el arte y contra su historia\u201d, coment\u00f3.<\/p>\n\n\n\n<p>La programaci\u00f3n incluye la exposici\u00f3n \u201cLos mayas eternos\u201d, del fot\u00f3grafo Pedro Tec, quien celebra 10 a\u00f1os de trayectoria art\u00edstica; la presentaci\u00f3n de la pel\u00edcula \u201cEl carret\u00f3n del desierto\u201d, de Jorge Prior. La obra audiovisual narra la historia de la familia Nudo, quienes viajan en una carreta jalada por dos caballos y una mula.<\/p>\n\n\n\n<p>La sinopsis del filme narra la convivencia de personalidades variopintas en el interior del veh\u00edculo. Actrices, rancheros, monstruos, cantantes de \u00f3pera, que se amontonan en una armon\u00eda ca\u00f3tica de artistas trashumantes, van de pueblo en pueblo con su espect\u00e1culo de t\u00edteres.<\/p>\n\n\n\n<p>Uriel Gallegos mencion\u00f3 que otro prop\u00f3sito del festival comunitario es rescatar el talento local. Las actividades comienzan a las 10 de la ma\u00f1ana con pinta caritas, presentaci\u00f3n de cuentos, manualidades y acuarelas.<\/p>\n\n\n\n<p>A la 1 de la tarde, se abrir\u00e1 la sala de cine para la presentaci\u00f3n de documentales en corto, posteriormente \u201cEl carret\u00f3n del desierto\u201d y otras producciones hechas por alumnos de la Escuela de Cinematograf\u00eda Pohuolizcalli, de Ciudad de M\u00e9xico, as\u00ed como un documental de Pita Ochoa sobre raperos en maya; \u201cEl santuario de las aves de Sisal\u201d, por activistas del puerto, y el evento concluye con un trabajo de Ito Mu\u00f1oz sobre esa comunidad.<\/p>\n\n\n\n<p>El festival incluye la entrega de la estatuilla \u201cEl flamenco de Oro\u201d, a v\u00eddeos y reals de Instagram y Tik Tok con duraci\u00f3n m\u00e1xima de 10 minutos, en las categor\u00edas &nbsp;infantil, juvenil y for\u00e1neos sobre algo que quieran mostrar de la localidad de Sisal.<\/p>\n<div class='share-to-whatsapp-wrapper'><div class='share-on-whsp'>Share on: <\/div><a data-text='Festival Las Miradas de Sisal: Cine, arte y conciencia para las infancias' data-link='https:\/\/visionpeninsular.com\/mid\/festival-las-miradas-de-sisal-cine-arte-y-conciencia-para-las-infancias\/' class='whatsapp-button whatsapp-share'>WhatsApp<\/a><div class='clear '><\/div><\/div>","protected":false},"excerpt":{"rendered":"<p>Este s\u00e1bado 18, en el puerto de Sisal, en las instalaciones de la ex aduana, se realizar\u00e1 el primer festival \u201cLas Miradas de Sisal\u201d, que contar\u00e1 con diversas actividades enfocadas a las infancias de esa comunidad pesquera, que est\u00e1n&nbsp; a cargo del proyecto Cinema Paradiso. En rueda de prensa, los coordinadores Uriel Gallegos y B\u00e1rbara &hellip;<\/p>\n","protected":false},"author":5,"featured_media":188335,"comment_status":"open","ping_status":"open","sticky":false,"template":"","format":"standard","meta":{"_mi_skip_tracking":false},"categories":[50,37],"tags":[42498,162],"_links":{"self":[{"href":"https:\/\/visionpeninsular.com\/mid\/wp-json\/wp\/v2\/posts\/188333"}],"collection":[{"href":"https:\/\/visionpeninsular.com\/mid\/wp-json\/wp\/v2\/posts"}],"about":[{"href":"https:\/\/visionpeninsular.com\/mid\/wp-json\/wp\/v2\/types\/post"}],"author":[{"embeddable":true,"href":"https:\/\/visionpeninsular.com\/mid\/wp-json\/wp\/v2\/users\/5"}],"replies":[{"embeddable":true,"href":"https:\/\/visionpeninsular.com\/mid\/wp-json\/wp\/v2\/comments?post=188333"}],"version-history":[{"count":1,"href":"https:\/\/visionpeninsular.com\/mid\/wp-json\/wp\/v2\/posts\/188333\/revisions"}],"predecessor-version":[{"id":188336,"href":"https:\/\/visionpeninsular.com\/mid\/wp-json\/wp\/v2\/posts\/188333\/revisions\/188336"}],"wp:featuredmedia":[{"embeddable":true,"href":"https:\/\/visionpeninsular.com\/mid\/wp-json\/wp\/v2\/media\/188335"}],"wp:attachment":[{"href":"https:\/\/visionpeninsular.com\/mid\/wp-json\/wp\/v2\/media?parent=188333"}],"wp:term":[{"taxonomy":"category","embeddable":true,"href":"https:\/\/visionpeninsular.com\/mid\/wp-json\/wp\/v2\/categories?post=188333"},{"taxonomy":"post_tag","embeddable":true,"href":"https:\/\/visionpeninsular.com\/mid\/wp-json\/wp\/v2\/tags?post=188333"}],"curies":[{"name":"wp","href":"https:\/\/api.w.org\/{rel}","templated":true}]}}