{"id":188244,"date":"2024-05-16T22:20:04","date_gmt":"2024-05-17T03:20:04","guid":{"rendered":"https:\/\/visionpeninsular.com\/mid\/?p=188244"},"modified":"2024-05-16T22:20:06","modified_gmt":"2024-05-17T03:20:06","slug":"aspirantes-a-la-gubernatura-llamados-a-firmar-el-compromiso-por-la-paz","status":"publish","type":"post","link":"https:\/\/visionpeninsular.com\/mid\/aspirantes-a-la-gubernatura-llamados-a-firmar-el-compromiso-por-la-paz\/","title":{"rendered":"Aspirantes a la gubernatura llamados a firmar el \u201cCompromiso por la paz\u201d"},"content":{"rendered":"\n<h2 class=\"has-text-align-center\">\u2022El encuentro se realizar\u00e1 el lunes 22 en el Club Cumbres; acudir\u00e1n los respectivos sectores de la Iglesia Cat\u00f3lica, es plural y no partidista<\/h2>\n\n\n\n<p>M\u00e9rida, Yucat\u00e1n, a 16 de mayo de 2024.\u2013 Los candidatos y las candidatas a la gubernatura de Yucat\u00e1n expondr\u00e1n sus propuestas en materias de seguridad, justicia, tejido social, c\u00e1rceles, j\u00f3venes, derechos humanos y gobernanza como parte del \u201cCompromiso por la paz\u201d, que se realizar\u00e1 el lunes 20 a partir de las 9:30 horas en el Club Cumbres.<\/p>\n\n\n\n<p>El arzobispo de Yucat\u00e1n, Monse\u00f1or Gustavo Rodr\u00edguez Vega, coment\u00f3 que, aunque en la entidad no se sufre la violencia que azota a otras entidades del pa\u00eds, la responsabilidad de las autoridades electas es cuidar la paz y la seguridad.<\/p>\n\n\n\n<p>\u201cEstos compromisos a los que se les invita, ya est\u00e1n bien pensados a nivel nacional y a nivel local de las grandes necesidades que hay entre nosotros. Seguramente, todos estar\u00e1n de acuerdo y querr\u00e1n firmar y el modo en c\u00f3mo piensan comprometerse\u201d, dijo.<\/p>\n\n\n\n<p>\u201cQuien vaya a ganar que tenga este valor, de conservar la paz, como primordial en su gobierno, que haya siempre di\u00e1logos que son enriquecedores para compartir nuestra forma de ver las cosas, pero sin da\u00f1ar las relaciones interpersonales\u201d, afirm\u00f3.<\/p>\n\n\n\n<p>El prelado asegur\u00f3 que hay otras violencias que perjudican&nbsp; a los yucatecos. \u201cUna de ellas es la intrafamiliar. Conocemos las causas, c\u00f3mo se desarrolla, se desbord\u00f3 mucho en el tiempo de la pandemia , pero es importante eliminar ese tipo violencia&nbsp; hasta que la familia sea un espacio seguro de paz, as\u00ed como la escuela y todos los lugares de convivencia humana\u201d, se\u00f1al\u00f3.<\/p>\n\n\n\n<p>El evento, precis\u00f3, \u201cno es un acto pol\u00edtico particular. Como Iglesia no hay ning\u00fan partido. Nadie tiene porque sentirse m\u00e1s o menos en este aspecto\u201d.\u00a0 Se contar\u00e1 con diversos sectores del catolicismo, previamente inscritos, como los laicos, grupos apost\u00f3licos, consagrados, sacerdotes, representantes parroquiales, cuerpo acad\u00e9mico y empresarios.<\/p>\n\n\n\n<figure class=\"wp-block-image size-large\"><img loading=\"lazy\" width=\"1024\" height=\"576\" src=\"https:\/\/visionpeninsular.com\/mid\/wp-content\/uploads\/2024\/05\/WhatsApp-Image-2024-05-16-at-3.45.59-PM-1024x576.jpeg\" alt=\"\" class=\"wp-image-188246\" srcset=\"https:\/\/visionpeninsular.com\/mid\/wp-content\/uploads\/2024\/05\/WhatsApp-Image-2024-05-16-at-3.45.59-PM-1024x576.jpeg 1024w, https:\/\/visionpeninsular.com\/mid\/wp-content\/uploads\/2024\/05\/WhatsApp-Image-2024-05-16-at-3.45.59-PM-300x169.jpeg 300w, https:\/\/visionpeninsular.com\/mid\/wp-content\/uploads\/2024\/05\/WhatsApp-Image-2024-05-16-at-3.45.59-PM-768x432.jpeg 768w, https:\/\/visionpeninsular.com\/mid\/wp-content\/uploads\/2024\/05\/WhatsApp-Image-2024-05-16-at-3.45.59-PM-1536x864.jpeg 1536w, https:\/\/visionpeninsular.com\/mid\/wp-content\/uploads\/2024\/05\/WhatsApp-Image-2024-05-16-at-3.45.59-PM.jpeg 1599w\" sizes=\"(max-width: 1024px) 100vw, 1024px\" \/><figcaption>Monse\u00f1or Gustavo Rodr\u00edguez Vega, arzobispo de Yucat\u00e1n, dio detalles del encuentro Compromiso por la paz a realizarse este lunes 20. Foto:VP<\/figcaption><\/figure>\n<div class='share-to-whatsapp-wrapper'><div class='share-on-whsp'>Share on: <\/div><a data-text='Aspirantes a la gubernatura llamados a firmar el \u201cCompromiso por la paz\u201d' data-link='https:\/\/visionpeninsular.com\/mid\/aspirantes-a-la-gubernatura-llamados-a-firmar-el-compromiso-por-la-paz\/' class='whatsapp-button whatsapp-share'>WhatsApp<\/a><div class='clear '><\/div><\/div>","protected":false},"excerpt":{"rendered":"<p>\u2022El encuentro se realizar\u00e1 el lunes 22 en el Club Cumbres; acudir\u00e1n los respectivos sectores de la Iglesia Cat\u00f3lica, es plural y no partidista M\u00e9rida, Yucat\u00e1n, a 16 de mayo de 2024.\u2013 Los candidatos y las candidatas a la gubernatura de Yucat\u00e1n expondr\u00e1n sus propuestas en materias de seguridad, justicia, tejido social, c\u00e1rceles, j\u00f3venes, derechos &hellip;<\/p>\n","protected":false},"author":11,"featured_media":0,"comment_status":"open","ping_status":"open","sticky":false,"template":"","format":"standard","meta":{"_mi_skip_tracking":false},"categories":[49,37],"tags":[11690,17559,37617,40970],"_links":{"self":[{"href":"https:\/\/visionpeninsular.com\/mid\/wp-json\/wp\/v2\/posts\/188244"}],"collection":[{"href":"https:\/\/visionpeninsular.com\/mid\/wp-json\/wp\/v2\/posts"}],"about":[{"href":"https:\/\/visionpeninsular.com\/mid\/wp-json\/wp\/v2\/types\/post"}],"author":[{"embeddable":true,"href":"https:\/\/visionpeninsular.com\/mid\/wp-json\/wp\/v2\/users\/11"}],"replies":[{"embeddable":true,"href":"https:\/\/visionpeninsular.com\/mid\/wp-json\/wp\/v2\/comments?post=188244"}],"version-history":[{"count":1,"href":"https:\/\/visionpeninsular.com\/mid\/wp-json\/wp\/v2\/posts\/188244\/revisions"}],"predecessor-version":[{"id":188247,"href":"https:\/\/visionpeninsular.com\/mid\/wp-json\/wp\/v2\/posts\/188244\/revisions\/188247"}],"wp:attachment":[{"href":"https:\/\/visionpeninsular.com\/mid\/wp-json\/wp\/v2\/media?parent=188244"}],"wp:term":[{"taxonomy":"category","embeddable":true,"href":"https:\/\/visionpeninsular.com\/mid\/wp-json\/wp\/v2\/categories?post=188244"},{"taxonomy":"post_tag","embeddable":true,"href":"https:\/\/visionpeninsular.com\/mid\/wp-json\/wp\/v2\/tags?post=188244"}],"curies":[{"name":"wp","href":"https:\/\/api.w.org\/{rel}","templated":true}]}}