{"id":188216,"date":"2024-05-16T12:01:51","date_gmt":"2024-05-16T17:01:51","guid":{"rendered":"https:\/\/visionpeninsular.com\/mid\/?p=188216"},"modified":"2024-05-16T12:01:54","modified_gmt":"2024-05-16T17:01:54","slug":"pianista-mexicano-rachid-bernal-este-viernes-y-domingo-con-la-osy-en-palacio-de-la-musica","status":"publish","type":"post","link":"https:\/\/visionpeninsular.com\/mid\/pianista-mexicano-rachid-bernal-este-viernes-y-domingo-con-la-osy-en-palacio-de-la-musica\/","title":{"rendered":"Pianista mexicano Rachid Bernal, este viernes y domingo con la OSY en Palacio de la M\u00fasica"},"content":{"rendered":"\n<p>De dos genios inmortales de la m\u00fasica como Mozart y Tchaikovsky, la Orquesta Sinf\u00f3nica de Yucat\u00e1n (OSY), ofrecer\u00e1 al p\u00fablico este fin de semana par de presentaciones, en el Palacio de la M\u00fasica, con grandes obras de repertorio como el Concierto para Piano n\u00famero 21 y la sexta Sinfon\u00eda \u201cPat\u00e9tica\u201d, con la participaci\u00f3n del talentoso pianista mexicano, Rachid Bernal.<\/p>\n\n\n\n<p>Desde su debut como solista a los 16 a\u00f1os con la Filarm\u00f3nica de Quer\u00e9taro, Bernal se ha presentado en m\u00faltiples recitales en M\u00e9xico, Canad\u00e1, Estados Unidos, Espa\u00f1a y Austria. En Yucat\u00e1n, brindar\u00e1 uno de los conciertos para piano m\u00e1s disfrutados por los amantes del tema.<\/p>\n\n\n\n<p>\u201cTocar a Mozart es todo un reto para m\u00ed, la forma de interpretar este tipo de m\u00fasica es m\u00e1s cuadrada, nosotros tenemos un poco de limitantes, no puede ser tan libre, rom\u00e1ntica, expuesta, la m\u00fasica es m\u00e1s transparente, es predecible, hay frases donde sabemos hacia d\u00f3nde nos va a dirigir y tenemos esa sensaci\u00f3n que llega hacia alg\u00fan lado\u201d, expres\u00f3 el artista.<\/p>\n\n\n\n<p>\u201cPero esta transparencia es la que la hace m\u00e1s delicada al solista, porque estas expuesto en todo momento, esa l\u00ednea delgada que tenemos que seguir, si se nos va de las manos se rompe la musicalidad. La forma como uno tiene que acoplarse en las distintas interpretaciones con las orquestas te enriquecen, te dan una idea ya m\u00e1s general de c\u00f3mo podr\u00edas manejar las frases, explorar musicalmente miles de maneras\u201d, agreg\u00f3.<\/p>\n\n\n\n<p>Este viernes 17 de mayo y domingo 19, la OSY abrir\u00e1 con el Concierto para Piano 21 en Do Mayor, una de las piezas de la m\u00fasica cl\u00e1sica m\u00e1s emblem\u00e1ticas y reconocibles. Sus elementos \u00fanicos y su contenido mel\u00f3dico rom\u00e1ntico han sobrevivido a trav\u00e9s de siglos y contin\u00faan inspirando y cautivando a los oyentes.<\/p>\n\n\n\n<figure class=\"wp-block-image size-full\"><img loading=\"lazy\" width=\"400\" height=\"300\" src=\"https:\/\/visionpeninsular.com\/mid\/wp-content\/uploads\/2024\/05\/los-oyentes.jpg\" alt=\"\" class=\"wp-image-188219\" srcset=\"https:\/\/visionpeninsular.com\/mid\/wp-content\/uploads\/2024\/05\/los-oyentes.jpg 400w, https:\/\/visionpeninsular.com\/mid\/wp-content\/uploads\/2024\/05\/los-oyentes-300x225.jpg 300w\" sizes=\"(max-width: 400px) 100vw, 400px\" \/><\/figure>\n\n\n\n<p>El andante, segundo de tres movimientos, es desarrollado por la cuerda baja en pizzicato y los violines, que arrullan un tema l\u00edrico, mismo que resumen en pocas notas todo el contenido mel\u00f3dico del clasicismo.<\/p>\n\n\n\n<p>El und\u00e9cimo programa de la OSY tendr\u00e1 como broche de oro la Sinfon\u00eda seis, en Si Menor, la \u00faltima de las grandes creaciones de Tchaikovsky antes de morir.<\/p>\n\n\n\n<p>En esta obra, Tchaikovsky ha perdido el amor, el sentimiento de soledad lo invade, se siente destruido, sin fuerzas para nada, sus lamentos son cada vez m\u00e1s intensos, el destino lo arrastra hacia su fatal desenlace.<\/p>\n\n\n\n<p>El p\u00fablico podr\u00e1 disfrutar de estas interpretaciones, el viernes a las 20:00 horas y el domingo al mediod\u00eda, en el Palacio de la M\u00fasica. Los boletos est\u00e1n disponibles en la sede del evento o en la p\u00e1gina de la Orquesta Sinf\u00f3nica de Yucat\u00e1n, con un costo de 350 pesos.<\/p>\n<div class='share-to-whatsapp-wrapper'><div class='share-on-whsp'>Share on: <\/div><a data-text='Pianista mexicano Rachid Bernal, este viernes y domingo con la OSY en Palacio de la M\u00fasica' data-link='https:\/\/visionpeninsular.com\/mid\/pianista-mexicano-rachid-bernal-este-viernes-y-domingo-con-la-osy-en-palacio-de-la-musica\/' class='whatsapp-button whatsapp-share'>WhatsApp<\/a><div class='clear '><\/div><\/div>","protected":false},"excerpt":{"rendered":"<p>De dos genios inmortales de la m\u00fasica como Mozart y Tchaikovsky, la Orquesta Sinf\u00f3nica de Yucat\u00e1n (OSY), ofrecer\u00e1 al p\u00fablico este fin de semana par de presentaciones, en el Palacio de la M\u00fasica, con grandes obras de repertorio como el Concierto para Piano n\u00famero 21 y la sexta Sinfon\u00eda \u201cPat\u00e9tica\u201d, con la participaci\u00f3n del talentoso &hellip;<\/p>\n","protected":false},"author":5,"featured_media":188218,"comment_status":"open","ping_status":"open","sticky":false,"template":"","format":"standard","meta":{"_mi_skip_tracking":false},"categories":[49,37],"tags":[42469,8020,9585,42468,42467],"_links":{"self":[{"href":"https:\/\/visionpeninsular.com\/mid\/wp-json\/wp\/v2\/posts\/188216"}],"collection":[{"href":"https:\/\/visionpeninsular.com\/mid\/wp-json\/wp\/v2\/posts"}],"about":[{"href":"https:\/\/visionpeninsular.com\/mid\/wp-json\/wp\/v2\/types\/post"}],"author":[{"embeddable":true,"href":"https:\/\/visionpeninsular.com\/mid\/wp-json\/wp\/v2\/users\/5"}],"replies":[{"embeddable":true,"href":"https:\/\/visionpeninsular.com\/mid\/wp-json\/wp\/v2\/comments?post=188216"}],"version-history":[{"count":1,"href":"https:\/\/visionpeninsular.com\/mid\/wp-json\/wp\/v2\/posts\/188216\/revisions"}],"predecessor-version":[{"id":188220,"href":"https:\/\/visionpeninsular.com\/mid\/wp-json\/wp\/v2\/posts\/188216\/revisions\/188220"}],"wp:featuredmedia":[{"embeddable":true,"href":"https:\/\/visionpeninsular.com\/mid\/wp-json\/wp\/v2\/media\/188218"}],"wp:attachment":[{"href":"https:\/\/visionpeninsular.com\/mid\/wp-json\/wp\/v2\/media?parent=188216"}],"wp:term":[{"taxonomy":"category","embeddable":true,"href":"https:\/\/visionpeninsular.com\/mid\/wp-json\/wp\/v2\/categories?post=188216"},{"taxonomy":"post_tag","embeddable":true,"href":"https:\/\/visionpeninsular.com\/mid\/wp-json\/wp\/v2\/tags?post=188216"}],"curies":[{"name":"wp","href":"https:\/\/api.w.org\/{rel}","templated":true}]}}