{"id":18795,"date":"2016-12-20T09:42:38","date_gmt":"2016-12-20T15:42:38","guid":{"rendered":"http:\/\/visionpeninsular.com\/mid\/?p=18795"},"modified":"2016-12-20T09:42:38","modified_gmt":"2016-12-20T15:42:38","slug":"mauricio-vila-supervisa-obras-en-la-catedral","status":"publish","type":"post","link":"https:\/\/visionpeninsular.com\/mid\/mauricio-vila-supervisa-obras-en-la-catedral\/","title":{"rendered":"Mauricio Vila supervisa obras en la Catedral"},"content":{"rendered":"<p>El alcalde, Mauricio Vila Dosal, supervis\u00f3 el avance de los trabajos de sustituci\u00f3n del enverjado del atrio de la Catedral, que, de acuerdo con informaci\u00f3n de la Direcci\u00f3n de Obras P\u00fablicas de la Comuna, ya tienen un avance del 30%.<\/p>\n<p>Los trabajos preliminares de la obra, en la que se ejerce una inversi\u00f3n de $1.188,600, se iniciaron desde el 29 de agosto pasado y estar\u00e1n completamente listos en la segunda quincena de enero de 2017.<\/p>\n<p>Acompa\u00f1ado del director del coordinador general de Funcionamiento Urbano, C\u00e9sar Boj\u00f3rquez Zapata, y de los directores de  Obras P\u00fablicas y Servicios P\u00fablicos Municipales, Virgilio Crespo M\u00e9ndez y Luis Jorge Montalvo Duarte, respectivamente, Vila Dosal constat\u00f3 el inicio de la instalaci\u00f3n de los primeros tramos de la nueva estructura que se hizo con materiales de mejor calidad y mayor durabilidad. <\/p>\n<p>-Con estos trabajos seguimos construyendo a nuestra gran M\u00e9rida, ciudad blanca -expres\u00f3.<\/p>\n<p>La instalaci\u00f3n se inici\u00f3 en el costado sur del atrio, en el que varios trabajadores colocaron el primero de los 31 tramos fijos y de las cuatro rejas de acceso, que integran toda la estructura.<\/p>\n<p>El alcalde subray\u00f3 la importancia para que este ic\u00f3nico sitio tenga una mejor imagen, pues M\u00e9rida estar\u00e1 ante los ojos del mundo durante los eventos que tomar\u00e1n parte en el 2017 a ra\u00edz de su nombramiento, por segunda vez, como Capital Americana de la Cultura.<\/p>\n<p>La obra, explic\u00f3, se realiza en cuatro etapas, y la primera consisti\u00f3 en la detecci\u00f3n de los da\u00f1os que presentaba el enverjado anterior, se identificaron afectaciones como el robo de piezas completas, estructuras vandalizadas, pintura corro\u00edda y reparaciones mal hechas, que no eran acordes a la similitud del original.<\/p>\n<p>En la segunda parte, a\u00f1adi\u00f3, de com\u00fan acuerdo con personal del INAH y de la Di\u00f3cesis Cat\u00f3lica se tomaron acuerdos para definir las caracter\u00edsticas y el dise\u00f1o del enverjado que se colocar\u00eda, logrando el consenso de todos.<\/p>\n<p>Indic\u00f3 que en la tercera etapa se mand\u00f3 a hacer el enverjado a talleres especializados, a fin de lograr un trabajo con la calidad que la primera catedral de Meso\u00e1merica en tierra firme se merece.<\/p>\n<p>-El cuarto paso es el que se realiza en la actualidad y consiste en la instalaci\u00f3n del enverjado en el atrio -explic\u00f3.<\/p>\n<p>Cabe resaltar que el enverjado del atrio de la Catedral ten\u00eda cerca de 10 a\u00f1os sin recibir mantenimiento. Una petici\u00f3n recurrente a las autoridades que el actual alcalde escuch\u00f3 y realiz\u00f3, reconociendo la importancia de preservar las tradiciones y cultura de la ciudad, para beneficio de actuales y futuras generaciones.<\/p>\n<p>Se inform\u00f3 que en estos trabajos se realiza el desmantelamiento de 74 metros lineales de herrer\u00eda existentes, el suministro y colocaci\u00f3n de 74 metros lineales de hierro forjado y la limpieza de 68.56 m2 del pretil del atrio que tiene 46 cm de altura y 70 cm de ancho.<\/p>\n<p>Tambi\u00e9n se incluye el suministro de 3 rejas de acceso de hierro forjado, la aplicaci\u00f3n de 34.28 m2 de pintura vin\u00edlica en el pretil del atrio, y el suministro y colocaci\u00f3n de un segmento de reja en la calle 61.<\/p>\n<p>El presidente municipal realiz\u00f3 tambi\u00e9n un recorrido para constatar avances de los programas de Mantenimiento Permanente del Centro Hist\u00f3rico y del mantenimiento de fachadas que se hacen en el costado norte de la Plaza Grande.<\/p>\n<p>Tambi\u00e9n recorri\u00f3 el pasaje de la Revoluci\u00f3n y dispuso que se realicen varios trabajos de limpieza en las paredes y pisos de este lugar, y que se hagan ajustes y mejoras en las rejillas.<\/p>\n<div class='share-to-whatsapp-wrapper'><div class='share-on-whsp'>Share on: <\/div><a data-text='Mauricio Vila supervisa obras en la Catedral' data-link='https:\/\/visionpeninsular.com\/mid\/mauricio-vila-supervisa-obras-en-la-catedral\/' class='whatsapp-button whatsapp-share'>WhatsApp<\/a><div class='clear '><\/div><\/div>","protected":false},"excerpt":{"rendered":"<p>El alcalde, Mauricio Vila Dosal, supervis\u00f3 el avance de los trabajos de sustituci\u00f3n del enverjado del atrio de la Catedral, que, de acuerdo con informaci\u00f3n de la Direcci\u00f3n de Obras P\u00fablicas de la Comuna, ya tienen un avance del 30%. Los trabajos preliminares de la obra, en la que se ejerce una inversi\u00f3n de $1.188,600, &hellip;<\/p>\n","protected":false},"author":1,"featured_media":18796,"comment_status":"open","ping_status":"open","sticky":false,"template":"","format":"standard","meta":{"_mi_skip_tracking":false},"categories":[49],"tags":[4450,107,1099],"_links":{"self":[{"href":"https:\/\/visionpeninsular.com\/mid\/wp-json\/wp\/v2\/posts\/18795"}],"collection":[{"href":"https:\/\/visionpeninsular.com\/mid\/wp-json\/wp\/v2\/posts"}],"about":[{"href":"https:\/\/visionpeninsular.com\/mid\/wp-json\/wp\/v2\/types\/post"}],"author":[{"embeddable":true,"href":"https:\/\/visionpeninsular.com\/mid\/wp-json\/wp\/v2\/users\/1"}],"replies":[{"embeddable":true,"href":"https:\/\/visionpeninsular.com\/mid\/wp-json\/wp\/v2\/comments?post=18795"}],"version-history":[{"count":1,"href":"https:\/\/visionpeninsular.com\/mid\/wp-json\/wp\/v2\/posts\/18795\/revisions"}],"predecessor-version":[{"id":18797,"href":"https:\/\/visionpeninsular.com\/mid\/wp-json\/wp\/v2\/posts\/18795\/revisions\/18797"}],"wp:featuredmedia":[{"embeddable":true,"href":"https:\/\/visionpeninsular.com\/mid\/wp-json\/wp\/v2\/media\/18796"}],"wp:attachment":[{"href":"https:\/\/visionpeninsular.com\/mid\/wp-json\/wp\/v2\/media?parent=18795"}],"wp:term":[{"taxonomy":"category","embeddable":true,"href":"https:\/\/visionpeninsular.com\/mid\/wp-json\/wp\/v2\/categories?post=18795"},{"taxonomy":"post_tag","embeddable":true,"href":"https:\/\/visionpeninsular.com\/mid\/wp-json\/wp\/v2\/tags?post=18795"}],"curies":[{"name":"wp","href":"https:\/\/api.w.org\/{rel}","templated":true}]}}