{"id":187046,"date":"2024-04-18T14:44:46","date_gmt":"2024-04-18T19:44:46","guid":{"rendered":"https:\/\/visionpeninsular.com\/mid\/?p=187046"},"modified":"2024-04-18T14:44:47","modified_gmt":"2024-04-18T19:44:47","slug":"sheinbaum-mantiene-un-silencio-complice-en-la-agenda-antifeminista-de-amlo-rosario-robles","status":"publish","type":"post","link":"https:\/\/visionpeninsular.com\/mid\/sheinbaum-mantiene-un-silencio-complice-en-la-agenda-antifeminista-de-amlo-rosario-robles\/","title":{"rendered":"Sheinbaum mantiene un silencio c\u00f3mplice en la agenda antifeminista de AMLO: Rosario Robles"},"content":{"rendered":"\n<p>Por: &nbsp;SemM\u00e9xico<\/p>\n\n\n\n<p>Sara Lovera\/Rivelino Rueda\/Fotos Ernesto Rodr\u00edguez Mu\u00f1oz<\/p>\n\n\n\n<p>SemM\u00e9xico\/El Sol de M\u00e9xico, Ciudad de M\u00e9xico, 17 de abril, 2024.- Rosario Robles Berlanga, exjefa de Gobierno de la Ciudad de M\u00e9xico, afirma que si Claudia Sheinbaum gana la elecci\u00f3n del 2 de junio se cumplir\u00eda ese precepto que se han planteado los movimientos feministas en M\u00e9xico durante d\u00e9cadas, es decir, que \u201ccuerpo de mujer no garantiza perspectiva de g\u00e9nero\u201d.<\/p>\n\n\n\n<p>\u201cClaudia ha mantenido un silencio c\u00f3mplice durante seis a\u00f1os en el tema de la anulaci\u00f3n de los derechos de las mujeres y en las pol\u00edticas en contra de la perspectiva de g\u00e9nero del gobierno de Andr\u00e9s Manuel L\u00f3pez Obrador. Claudia les puso muros a las mujeres el 8 de marzo y nos recibi\u00f3 con gases lacrim\u00f3genos. Para m\u00ed eso s\u00ed es algo muy significativo\u201d, subraya.<\/p>\n\n\n\n<figure class=\"wp-block-image size-full\"><img loading=\"lazy\" width=\"500\" height=\"737\" src=\"https:\/\/visionpeninsular.com\/mid\/wp-content\/uploads\/2024\/04\/significativo-subraya.jpg\" alt=\"\" class=\"wp-image-187049\" srcset=\"https:\/\/visionpeninsular.com\/mid\/wp-content\/uploads\/2024\/04\/significativo-subraya.jpg 500w, https:\/\/visionpeninsular.com\/mid\/wp-content\/uploads\/2024\/04\/significativo-subraya-204x300.jpg 204w\" sizes=\"(max-width: 500px) 100vw, 500px\" \/><\/figure>\n\n\n\n<p>En larga charla&nbsp; con la periodista Sara Lovera para el podcast La Lovera, feminismo desde cero,&nbsp; de la Organizaci\u00f3n Editorial Mexicana (OEM), la exsecretaria de Desarrollo Social (Sedesol) y de Desarrollo Agrario, Territorial y Urbano (Sedatu) durante el sexenio de Enrique Pe\u00f1a Nieto reitera que fue una presa pol\u00edtica del gobierno de L\u00f3pez Obrador y una \u201cperseguida pol\u00edtica\u201d de la actual administraci\u00f3n.<\/p>\n\n\n\n<p>Robles Berlanga (Ciudad de M\u00e9xico, 1956) menciona que la investigaci\u00f3n period\u00edstica conocida como \u201cLa Estafa Maestra\u201d, que la llev\u00f3 a prisi\u00f3n de 2019 a 2023, involucraba a diez dependencias de la administraci\u00f3n p\u00fablica federal, y subraya que a la \u00fanica que persiguieron fue a ella.<\/p>\n\n\n\n<p>Absuelta de la causa penal por un juez federal el 24 de febrero de 2023, la tambi\u00e9n expresidenta nacional del PRD afirma que en este caso \u201cse criminaliz\u00f3 de nuevo a las mujeres, sobre todo cuando en una de las audiencias p\u00fablicas el Ministerio P\u00fablico dijo que \u2018Rosario Robles era la mujer m\u00e1s poderosa\u2019. En ese momento le dije al juez: \u2018Ahora entiendo por qu\u00e9 estoy aqu\u00ed sentada, porque para ellos yo soy un problema en su proyecto transexenal\u201d.<\/p>\n\n\n\n<figure class=\"wp-block-image size-full\"><img loading=\"lazy\" width=\"600\" height=\"406\" src=\"https:\/\/visionpeninsular.com\/mid\/wp-content\/uploads\/2024\/04\/transexenal.jpg\" alt=\"\" class=\"wp-image-187050\" srcset=\"https:\/\/visionpeninsular.com\/mid\/wp-content\/uploads\/2024\/04\/transexenal.jpg 600w, https:\/\/visionpeninsular.com\/mid\/wp-content\/uploads\/2024\/04\/transexenal-300x203.jpg 300w, https:\/\/visionpeninsular.com\/mid\/wp-content\/uploads\/2024\/04\/transexenal-110x75.jpg 110w\" sizes=\"(max-width: 600px) 100vw, 600px\" \/><\/figure>\n\n\n\n<p>Rosario Robles comenta que L\u00f3pez Obrador tiene una formaci\u00f3n muy conservadora en temas como la interrupci\u00f3n legal del embarazo y matrimonio entre personas del mismo sexo, y asegura que \u201crealmente el presidente no tiene una formaci\u00f3n de izquierda y desconoce la lucha que durante tantos a\u00f1os dimos las mujeres\u201d.<\/p>\n\n\n\n<p>\u201cPorfirio Mu\u00f1oz Ledo y Cuauht\u00e9moc C\u00e1rdenas ten\u00edan una visi\u00f3n mucho m\u00e1s amplia en estos temas. Andr\u00e9s Manuel no. Siempre fue demasiado conservador en estos derechos. Y tan no nos entiende a las mujeres que nos golpe\u00f3 en programas fundamentales, porque no sabe, no comprende, no entiende que ya las mujeres trabajamos, somos proveedoras\u201d.<\/p>\n\n\n\n<p>Entonces -recalca- \u201crequerimos pol\u00edticas p\u00fablicas que permitan que se cuide a nuestros hijos\u201d, porque en este sexenio \u201cpasamos de que \u2018es la responsabilidad de la mujer el cuidado de sus hijos\u2019 a \u2018es una responsabilidad del Estado mexicano cuidar a los ni\u00f1os y a las ni\u00f1as\u201d.<\/p>\n\n\n\n<p>Robles Berlanga se\u00f1ala que por eso no le cree a las candidatas de Morena y de L\u00f3pez Obrador cuando hablan de pol\u00edticas de cuidados, porque \u201cellas callaron de manera absoluta durante estos casi seis a\u00f1os cuando se desaparecieron las escuelas de tiempo completo, las estancias infantiles, todos los programas que ten\u00edan que ver con el cuidado de la mujer, incluidas las normas oficiales para control de calidad de c\u00e1ncer c\u00e9rvico uterino y c\u00e1ncer mamario, \u00e9ste \u00faltimo, una de las principales causas de mortalidad de mujeres en M\u00e9xico\u201d.<\/p>\n\n\n\n<p>\u201cHa habido retrocesos muy importantes en este gobierno, y se amparan en esta visi\u00f3n mis\u00f3gina, en este arquetipo patriarcal que representa L\u00f3pez Obrador, porque es \u2018el padre que provee\u2019, que da dinero con los programas sociales, pero que tambi\u00e9n castiga al que se porta mal\u201d, sostiene.<\/p>\n\n\n\n<p>-El presidente ha insistido estos a\u00f1os que \u201csu pecho no es bodega\u201d, \u00bfL\u00f3pez Obrador es rencoroso?<\/p>\n\n\n\n<p>-Muy rencoroso. Yo creo que lo que pas\u00f3 con L\u00f3pez Obrador, teniendo la posibilidad de ser un gran presidente, que no lo es ni lo va a ser, es que se qued\u00f3 anclado en el 2006, y toda esa venganza, todo ese odio, lo carcomi\u00f3, porque yo creo que \u00e9l sent\u00eda que en esa \u00e9poca estaba en un mejor momento para ser presidente de la Rep\u00fablica.<\/p>\n\n\n\n<p>-\u00bfEse rencor viene de los videoesc\u00e1ndalos de 2004?<\/p>\n\n\n\n<p>-En parte, pero viene desde antes. Desde que era jefa de Gobierno y \u00e9l era jefe de Gobierno electo, pues ya est\u00e1bamos en las encuestas parejos. Se dec\u00eda incluso que el PRD pod\u00eda tener dos candidatos presidenciales para las elecciones de 2006, pero yo siempre dije que Andr\u00e9s Manuel deb\u00eda ser nuestro candidato.<\/p>\n\n\n\n<p>\u201cYo nunca me puse en la lista, pero la gente nos pon\u00eda. Y yo hice una buena gesti\u00f3n, la gente me quer\u00eda. Luego fui presidenta del partido en contra de su voluntad y empez\u00f3 a verme como un problema que hab\u00eda que quitar del camino. Como ahora. Creo que Andr\u00e9s Manuel lo que menos quer\u00eda era una Rosario Robles que hab\u00eda recorrido todo el pa\u00eds, con el manejo de los programas sociales, ahora recorri\u00e9ndolo sin ninguna atadura en cinco a\u00f1os, y pues ahora la circunstancia ser\u00eda muy diferente\u201d.<\/p>\n\n\n\n<p>-Uno de los personajes que apareci\u00f3 en los videoesc\u00e1ndalos fue Carlos Imaz, que en ese momento era esposo de Claudia Sheinbaum. En caso de que la candidata de Morena gane la elecci\u00f3n presidencial, \u00bfcrees que contin\u00fae este rencor hacia ti?<\/p>\n\n\n\n<p>-No lo dudo, pero me parece que ah\u00ed el rencor y la venganza tendr\u00eda que ser contra quien fue y recibi\u00f3 el dinero, no contra m\u00ed. En el primer debate presidencial se mostraron atisbos de la verdadera personalidad de Claudia Sheinbaum, sobre todo en el asunto del reloj y los tiempos, es decir, dando \u00f3rdenes.<\/p>\n\n\n\n<figure class=\"wp-block-image size-full\"><img loading=\"lazy\" width=\"600\" height=\"337\" src=\"https:\/\/visionpeninsular.com\/mid\/wp-content\/uploads\/2024\/04\/dando-ordenes.jpg\" alt=\"\" class=\"wp-image-187051\" srcset=\"https:\/\/visionpeninsular.com\/mid\/wp-content\/uploads\/2024\/04\/dando-ordenes.jpg 600w, https:\/\/visionpeninsular.com\/mid\/wp-content\/uploads\/2024\/04\/dando-ordenes-300x169.jpg 300w\" sizes=\"(max-width: 600px) 100vw, 600px\" \/><\/figure>\n\n\n\n<p><strong>De su libro<\/strong><\/p>\n\n\n\n<p>Pr\u00f3logo de Ciro G\u00f3mez Leyva<\/p>\n\n\n\n<p>\u00abA Rosario la clavaron en la c\u00e1rcel para convertirla en un objeto de deshonra, en un s\u00edmbolo de inagotable humillaci\u00f3n. No lo consiguieron. Ya en libertad, sin el rencor como combustible, ha sabido resurgir fortalecida para rehacerse e incluso tratar de regresar a la vida p\u00fablica.\u00bb<\/p>\n\n\n\n<p><strong>Escribe Rosario Robles en Rosario de M\u00e9xico: Testimonio de una Infamia<\/strong><\/p>\n\n\n\n<p>Estas l\u00edneas representan lo vivido en mil 101 d\u00edas de cautiverio injusto, de lo aberrante que significa el abuso de la prisi\u00f3n preventiva en nuestro pa\u00eds, pues se convierte en una condena anticipada, una estigmatizaci\u00f3n, violatoria de la inocencia.<\/p>\n\n\n\n<p>Hoy tengo la oportunidad de contar mi verdad, que nunca ser\u00e1 absoluta, lo que aprend\u00ed a un alto precio. . Estas l\u00edneas representan lo vivido en mil 101 d\u00edas de cautiverio injusto, de lo aberrante que significa el abuso de la prisi\u00f3n preventiva en nuestro pa\u00eds, pues se convierte en una condena anticipada, una estigmatizaci\u00f3n, violatoria de la inocencia. Hoy tengo la oportunidad de contar mi verdad, que nunca ser\u00e1 absoluta, lo que aprend\u00ed a un alto precio. .248 p\u00e1ginas<\/p>\n\n\n\n<p>En la introducci\u00f3n de Rosario de M\u00e9xico, afirma que es \u201c lo aberrante&nbsp; que significa el abuso de la prisi\u00f3n preventiva en nuestro pa\u00eds, pues se convierte en una condena anticipada, una estigmatizaci\u00f3n&nbsp; violatoria de la inocencia\u201d.<\/p>\n\n\n\n<p>Explica&nbsp; que el texto&nbsp; recoge revelaciones simb\u00f3licas de quienes son privadas de su libertad; contiene recuerdos,&nbsp; e historias de las mujeres con las que habl\u00f3 en Santa Martha Acatitla\u2026<\/p>\n\n\n\n<p><strong>El Dato<\/strong><\/p>\n\n\n\n<p>Rosario Robles ahora se presenta como: mujer, madre de Mariana, abuela de Mateo, mexicana comprometida.<\/p>\n\n\n\n<p>&nbsp;Naci\u00f3 en la Ciudad de M\u00e9xico, hija de padres coahuilenses. Es Licenciada en Econom\u00eda por la&nbsp; UNAM y tiene una maestr\u00eda en Desarrollo Rural por la UAM.<\/p>\n\n\n\n<p>Acompa\u00f1\u00f3 a Cuauht\u00e9moc C\u00e1rdenas desde la formaci\u00f3n del Frente Democr\u00e1tico Nacional. Fue fundadora del PRD y tambi\u00e9n su presidenta. Fue la primera mujer en gobernar la Ciudad de M\u00e9xico y secretaria de Desarrollo Social y de Desarrollo Agrario, Urbano y Territorial en el sexenio 2012-2018.<\/p>\n\n\n\n<p>Ha sido columnista en varios medios impresos. Actualmente escribe en El Universal y participa como comentarista en el programa de Jos\u00e9 C\u00e1rdenas Informa. Como feminista a lo largo de su trayectoria pol\u00edtica ha impulsado leyes y pol\u00edticas p\u00fablicas relacionadas con los derechos de las mujeres. Es coautora en algunos libros de corte acad\u00e9mico y \u00e9ste es su segundo libro biogr\u00e1fico. El primero: Con todo el coraz\u00f3n. Una historia personal desde la izquierda (Plaza y Jan\u00e9s, 2005).<\/p>\n\n\n\n<figure class=\"wp-block-image size-full is-resized\"><img loading=\"lazy\" src=\"https:\/\/visionpeninsular.com\/mid\/wp-content\/uploads\/2024\/04\/rosario-de-mexico-1.jpg\" alt=\"\" class=\"wp-image-187052\" width=\"499\" height=\"763\" srcset=\"https:\/\/visionpeninsular.com\/mid\/wp-content\/uploads\/2024\/04\/rosario-de-mexico-1.jpg 500w, https:\/\/visionpeninsular.com\/mid\/wp-content\/uploads\/2024\/04\/rosario-de-mexico-1-196x300.jpg 196w\" sizes=\"(max-width: 499px) 100vw, 499px\" \/><\/figure>\n\n\n\n<figure class=\"wp-block-image size-full\"><img loading=\"lazy\" width=\"500\" height=\"765\" src=\"https:\/\/visionpeninsular.com\/mid\/wp-content\/uploads\/2024\/04\/rosario-de-mexico-2.jpg\" alt=\"\" class=\"wp-image-187053\" srcset=\"https:\/\/visionpeninsular.com\/mid\/wp-content\/uploads\/2024\/04\/rosario-de-mexico-2.jpg 500w, https:\/\/visionpeninsular.com\/mid\/wp-content\/uploads\/2024\/04\/rosario-de-mexico-2-196x300.jpg 196w\" sizes=\"(max-width: 500px) 100vw, 500px\" \/><\/figure>\n\n\n\n<figure class=\"wp-block-image size-full\"><img loading=\"lazy\" width=\"500\" height=\"765\" src=\"https:\/\/visionpeninsular.com\/mid\/wp-content\/uploads\/2024\/04\/rosario-de-mexico-3.jpg\" alt=\"\" class=\"wp-image-187054\" srcset=\"https:\/\/visionpeninsular.com\/mid\/wp-content\/uploads\/2024\/04\/rosario-de-mexico-3.jpg 500w, https:\/\/visionpeninsular.com\/mid\/wp-content\/uploads\/2024\/04\/rosario-de-mexico-3-196x300.jpg 196w\" sizes=\"(max-width: 500px) 100vw, 500px\" \/><\/figure>\n\n\n\n<figure class=\"wp-block-image size-full\"><img loading=\"lazy\" width=\"500\" height=\"765\" src=\"https:\/\/visionpeninsular.com\/mid\/wp-content\/uploads\/2024\/04\/rosario-de-mexico-4.jpg\" alt=\"\" class=\"wp-image-187055\" srcset=\"https:\/\/visionpeninsular.com\/mid\/wp-content\/uploads\/2024\/04\/rosario-de-mexico-4.jpg 500w, https:\/\/visionpeninsular.com\/mid\/wp-content\/uploads\/2024\/04\/rosario-de-mexico-4-196x300.jpg 196w\" sizes=\"(max-width: 500px) 100vw, 500px\" \/><\/figure>\n\n\n\n<figure class=\"wp-block-image size-full\"><img loading=\"lazy\" width=\"500\" height=\"765\" src=\"https:\/\/visionpeninsular.com\/mid\/wp-content\/uploads\/2024\/04\/rosario-de-mexico-5.jpg\" alt=\"\" class=\"wp-image-187056\" srcset=\"https:\/\/visionpeninsular.com\/mid\/wp-content\/uploads\/2024\/04\/rosario-de-mexico-5.jpg 500w, https:\/\/visionpeninsular.com\/mid\/wp-content\/uploads\/2024\/04\/rosario-de-mexico-5-196x300.jpg 196w\" sizes=\"(max-width: 500px) 100vw, 500px\" \/><\/figure>\n\n\n\n<figure class=\"wp-block-image size-full\"><img loading=\"lazy\" width=\"500\" height=\"765\" src=\"https:\/\/visionpeninsular.com\/mid\/wp-content\/uploads\/2024\/04\/rosario-de-mexico-6.jpg\" alt=\"\" class=\"wp-image-187057\" srcset=\"https:\/\/visionpeninsular.com\/mid\/wp-content\/uploads\/2024\/04\/rosario-de-mexico-6.jpg 500w, https:\/\/visionpeninsular.com\/mid\/wp-content\/uploads\/2024\/04\/rosario-de-mexico-6-196x300.jpg 196w\" sizes=\"(max-width: 500px) 100vw, 500px\" \/><\/figure>\n\n\n\n<figure class=\"wp-block-image size-full\"><img loading=\"lazy\" width=\"500\" height=\"765\" src=\"https:\/\/visionpeninsular.com\/mid\/wp-content\/uploads\/2024\/04\/rosario-de-mexico-7.jpg\" alt=\"\" class=\"wp-image-187058\" srcset=\"https:\/\/visionpeninsular.com\/mid\/wp-content\/uploads\/2024\/04\/rosario-de-mexico-7.jpg 500w, https:\/\/visionpeninsular.com\/mid\/wp-content\/uploads\/2024\/04\/rosario-de-mexico-7-196x300.jpg 196w\" sizes=\"(max-width: 500px) 100vw, 500px\" \/><\/figure>\n<div class='share-to-whatsapp-wrapper'><div class='share-on-whsp'>Share on: <\/div><a data-text='Sheinbaum mantiene un silencio c\u00f3mplice en la agenda antifeminista de AMLO: Rosario Robles' data-link='https:\/\/visionpeninsular.com\/mid\/sheinbaum-mantiene-un-silencio-complice-en-la-agenda-antifeminista-de-amlo-rosario-robles\/' class='whatsapp-button whatsapp-share'>WhatsApp<\/a><div class='clear '><\/div><\/div>","protected":false},"excerpt":{"rendered":"<p>Por: &nbsp;SemM\u00e9xico Sara Lovera\/Rivelino Rueda\/Fotos Ernesto Rodr\u00edguez Mu\u00f1oz SemM\u00e9xico\/El Sol de M\u00e9xico, Ciudad de M\u00e9xico, 17 de abril, 2024.- Rosario Robles Berlanga, exjefa de Gobierno de la Ciudad de M\u00e9xico, afirma que si Claudia Sheinbaum gana la elecci\u00f3n del 2 de junio se cumplir\u00eda ese precepto que se han planteado los movimientos feministas en M\u00e9xico &hellip;<\/p>\n","protected":false},"author":5,"featured_media":187048,"comment_status":"open","ping_status":"open","sticky":false,"template":"","format":"standard","meta":{"_mi_skip_tracking":false},"categories":[19567],"tags":[22016,12403,42037],"_links":{"self":[{"href":"https:\/\/visionpeninsular.com\/mid\/wp-json\/wp\/v2\/posts\/187046"}],"collection":[{"href":"https:\/\/visionpeninsular.com\/mid\/wp-json\/wp\/v2\/posts"}],"about":[{"href":"https:\/\/visionpeninsular.com\/mid\/wp-json\/wp\/v2\/types\/post"}],"author":[{"embeddable":true,"href":"https:\/\/visionpeninsular.com\/mid\/wp-json\/wp\/v2\/users\/5"}],"replies":[{"embeddable":true,"href":"https:\/\/visionpeninsular.com\/mid\/wp-json\/wp\/v2\/comments?post=187046"}],"version-history":[{"count":1,"href":"https:\/\/visionpeninsular.com\/mid\/wp-json\/wp\/v2\/posts\/187046\/revisions"}],"predecessor-version":[{"id":187059,"href":"https:\/\/visionpeninsular.com\/mid\/wp-json\/wp\/v2\/posts\/187046\/revisions\/187059"}],"wp:featuredmedia":[{"embeddable":true,"href":"https:\/\/visionpeninsular.com\/mid\/wp-json\/wp\/v2\/media\/187048"}],"wp:attachment":[{"href":"https:\/\/visionpeninsular.com\/mid\/wp-json\/wp\/v2\/media?parent=187046"}],"wp:term":[{"taxonomy":"category","embeddable":true,"href":"https:\/\/visionpeninsular.com\/mid\/wp-json\/wp\/v2\/categories?post=187046"},{"taxonomy":"post_tag","embeddable":true,"href":"https:\/\/visionpeninsular.com\/mid\/wp-json\/wp\/v2\/tags?post=187046"}],"curies":[{"name":"wp","href":"https:\/\/api.w.org\/{rel}","templated":true}]}}