{"id":186862,"date":"2024-04-15T23:56:55","date_gmt":"2024-04-16T04:56:55","guid":{"rendered":"https:\/\/visionpeninsular.com\/mid\/?p=186862"},"modified":"2024-04-15T23:56:56","modified_gmt":"2024-04-16T04:56:56","slug":"candidatos-firmaran-pacto-amanc-por-la-atencion-del-cancer-infantil-en-yucatan","status":"publish","type":"post","link":"https:\/\/visionpeninsular.com\/mid\/candidatos-firmaran-pacto-amanc-por-la-atencion-del-cancer-infantil-en-yucatan\/","title":{"rendered":"Candidatos firmar\u00e1n Pacto AMANC por la atenci\u00f3n del c\u00e1ncer infantil en Yucat\u00e1n"},"content":{"rendered":"\n<h2 class=\"has-text-align-center\">\u2022 \u201cJuntos podemos hacer de Yucat\u00e1n un estado con m\u00e1s esperanza para los ni\u00f1os con c\u00e1ncer\u201d, afirm\u00f3 Walter Mena, coordinador de la iniciativa<\/h2>\n\n\n\n<p>M\u00e9rida, Yucat\u00e1n, a 15 de abril de 2024.\u2013 Candidatos y candidatas a cargos de elecci\u00f3n popular acudir\u00e1n el lunes 29 a las instalaciones del albergue Asociaci\u00f3n Mexicana de Ayuda a Ni\u00f1os con C\u00e1ncer (AMANC) Yucat\u00e1n para firmar la carta compromiso del Pacto AMANC, que tiene por objetivo establecer una agenda dedicada a la atenci\u00f3n del c\u00e1ncer infantil en la entidad.<\/p>\n\n\n\n<p>Este proyecto integral busca instrumentar la participaci\u00f3n de los tres sectores de la sociedad en la atenci\u00f3n temprana del c\u00e1ncer infantil: gubernamental, Iniciativa Privada y sociedad civil. Por ese motivo, la Instituci\u00f3n de Asistencia Privada exhort\u00f3 a la ciudadan\u00eda yucateca a sumarse al Pacto e invitar a los candidatos a un compromiso real con la atenci\u00f3n del c\u00e1ncer infantil. \u201cJuntos podemos hacer de Yucat\u00e1n un estado con m\u00e1s esperanza para los ni\u00f1os con c\u00e1ncer\u201d, afirm\u00f3 Walter Mena Gonz\u00e1lez, encargado de procesos estrat\u00e9gicos y coordinador de la iniciativa.<\/p>\n\n\n\n<p>\u201cEste compromiso no es con nuestra instituci\u00f3n, es un compromiso con los cientos de ni\u00f1os y ni\u00f1as con c\u00e1ncer y los miles que lo padecer\u00e1n en los pr\u00f3ximos a\u00f1os en Yucat\u00e1n, as\u00ed como con sus familias, personal del sector salud y con toda la sociedad yucateca\u201d, se\u00f1al\u00f3 Walter Mena Gonz\u00e1lez, encargado de procesos estrat\u00e9gicos y coordinador de la iniciativa.<\/p>\n\n\n\n<p>Las acciones que se buscan conseguir a trav\u00e9s del Pacto AMANC incluyen:<\/p>\n\n\n\n<ul><li>Asegurar la legislaci\u00f3n e instrumentaci\u00f3n de la iniciativa de Ley para la atenci\u00f3n del c\u00e1ncer infantil presentada al Congreso del estado el pasado 14 de febrero. Esta iniciativa a\u00fan no ha sido legislada e incluye estrategias de detecci\u00f3n y atenci\u00f3n temprana del c\u00e1ncer, as\u00ed como la colaboraci\u00f3n interdisciplinaria e interinstitucional para favorecer la comunicaci\u00f3n de las campa\u00f1as.<\/li><\/ul>\n\n\n\n<ul><li>Fortalecer la infraestructura y el equipamiento de los hospitales p\u00fablicos especializados en el tratamiento del c\u00e1ncer infantil.<\/li><\/ul>\n\n\n\n<ul><li>Garantizar el acceso oportuno y gratuito a medicamentos y tratamientos para todos los ni\u00f1os con c\u00e1ncer en Yucat\u00e1n.<\/li><\/ul>\n\n\n\n<ul><li>Implementar programas de educaci\u00f3n y sensibilizaci\u00f3n sobre el c\u00e1ncer infantil dirigidos a la poblaci\u00f3n en general.<\/li><\/ul>\n\n\n\n<p>\u201cYucat\u00e1n es un estado clave para la atenci\u00f3n oncol\u00f3gica de todo el Sureste del pa\u00eds\u201d, afirm\u00f3 Mena Gonz\u00e1lez. \u201cTenemos a incre\u00edbles m\u00e9dicos, buenas instalaciones hospitalarias, fundaciones como nosotros que complementan de manera gratuita los servicios p\u00fablicos y sobre todo una sociedad participativa y emp\u00e1tica. Tenemos todo para convertirnos en un estado ejemplo para el resto del pa\u00eds, y estamos seguros que el Pacto AMANC ser\u00e1 el empuj\u00f3n que necesitamos para lograrlo\u201d, concluy\u00f3. <\/p>\n\n\n\n<div class=\"wp-block-image\"><figure class=\"aligncenter size-large\"><img loading=\"lazy\" width=\"1024\" height=\"682\" src=\"https:\/\/visionpeninsular.com\/mid\/wp-content\/uploads\/2024\/04\/VP_ABR15_CANCERINFANTIL-1024x682.jpg\" alt=\"\" class=\"wp-image-186864\" srcset=\"https:\/\/visionpeninsular.com\/mid\/wp-content\/uploads\/2024\/04\/VP_ABR15_CANCERINFANTIL-1024x682.jpg 1024w, https:\/\/visionpeninsular.com\/mid\/wp-content\/uploads\/2024\/04\/VP_ABR15_CANCERINFANTIL-300x200.jpg 300w, https:\/\/visionpeninsular.com\/mid\/wp-content\/uploads\/2024\/04\/VP_ABR15_CANCERINFANTIL-768x512.jpg 768w, https:\/\/visionpeninsular.com\/mid\/wp-content\/uploads\/2024\/04\/VP_ABR15_CANCERINFANTIL-1536x1024.jpg 1536w, https:\/\/visionpeninsular.com\/mid\/wp-content\/uploads\/2024\/04\/VP_ABR15_CANCERINFANTIL-310x205.jpg 310w, https:\/\/visionpeninsular.com\/mid\/wp-content\/uploads\/2024\/04\/VP_ABR15_CANCERINFANTIL.jpg 2000w\" sizes=\"(max-width: 1024px) 100vw, 1024px\" \/><figcaption>El Pacto AMANC busca  la participaci\u00f3n del gobierno, Iniciativa Privada y sociedad civil en la atenci\u00f3n temprana del c\u00e1ncer infantil. FOTO: <a href=\"https:\/\/www.anahuac.mx\/puebla\/dia-internacional-del-cancer-infantil-una-las-principales-causas-muerte-ninos-y-adolescentes\">D\u00eda Internacional del C\u00e1ncer Infantil; una de las principales causas de muerte en ni\u00f1os y adolescentes | Universidad An\u00e1huac Puebla (anahuac.mx)<\/a><\/figcaption><\/figure><\/div>\n<div class='share-to-whatsapp-wrapper'><div class='share-on-whsp'>Share on: <\/div><a data-text='Candidatos firmar\u00e1n Pacto AMANC por la atenci\u00f3n del c\u00e1ncer infantil en Yucat\u00e1n' data-link='https:\/\/visionpeninsular.com\/mid\/candidatos-firmaran-pacto-amanc-por-la-atencion-del-cancer-infantil-en-yucatan\/' class='whatsapp-button whatsapp-share'>WhatsApp<\/a><div class='clear '><\/div><\/div>","protected":false},"excerpt":{"rendered":"<p>\u2022 \u201cJuntos podemos hacer de Yucat\u00e1n un estado con m\u00e1s esperanza para los ni\u00f1os con c\u00e1ncer\u201d, afirm\u00f3 Walter Mena, coordinador de la iniciativa M\u00e9rida, Yucat\u00e1n, a 15 de abril de 2024.\u2013 Candidatos y candidatas a cargos de elecci\u00f3n popular acudir\u00e1n el lunes 29 a las instalaciones del albergue Asociaci\u00f3n Mexicana de Ayuda a Ni\u00f1os con &hellip;<\/p>\n","protected":false},"author":11,"featured_media":186864,"comment_status":"open","ping_status":"open","sticky":false,"template":"","format":"standard","meta":{"_mi_skip_tracking":false},"categories":[49,37],"tags":[41972,5225,37617,41143,33667,41973,5338,30828,41974],"_links":{"self":[{"href":"https:\/\/visionpeninsular.com\/mid\/wp-json\/wp\/v2\/posts\/186862"}],"collection":[{"href":"https:\/\/visionpeninsular.com\/mid\/wp-json\/wp\/v2\/posts"}],"about":[{"href":"https:\/\/visionpeninsular.com\/mid\/wp-json\/wp\/v2\/types\/post"}],"author":[{"embeddable":true,"href":"https:\/\/visionpeninsular.com\/mid\/wp-json\/wp\/v2\/users\/11"}],"replies":[{"embeddable":true,"href":"https:\/\/visionpeninsular.com\/mid\/wp-json\/wp\/v2\/comments?post=186862"}],"version-history":[{"count":1,"href":"https:\/\/visionpeninsular.com\/mid\/wp-json\/wp\/v2\/posts\/186862\/revisions"}],"predecessor-version":[{"id":186865,"href":"https:\/\/visionpeninsular.com\/mid\/wp-json\/wp\/v2\/posts\/186862\/revisions\/186865"}],"wp:featuredmedia":[{"embeddable":true,"href":"https:\/\/visionpeninsular.com\/mid\/wp-json\/wp\/v2\/media\/186864"}],"wp:attachment":[{"href":"https:\/\/visionpeninsular.com\/mid\/wp-json\/wp\/v2\/media?parent=186862"}],"wp:term":[{"taxonomy":"category","embeddable":true,"href":"https:\/\/visionpeninsular.com\/mid\/wp-json\/wp\/v2\/categories?post=186862"},{"taxonomy":"post_tag","embeddable":true,"href":"https:\/\/visionpeninsular.com\/mid\/wp-json\/wp\/v2\/tags?post=186862"}],"curies":[{"name":"wp","href":"https:\/\/api.w.org\/{rel}","templated":true}]}}