{"id":1868,"date":"2016-04-18T19:27:42","date_gmt":"2016-04-19T00:27:42","guid":{"rendered":"http:\/\/visionpeninsular.com\/mid\/?p=1868"},"modified":"2016-04-18T19:27:42","modified_gmt":"2016-04-19T00:27:42","slug":"ayuntamiento-de-merida-realizara-concurso-enchulame-la-bici-para-ninos-de-4-anos-en-adelante","status":"publish","type":"post","link":"https:\/\/visionpeninsular.com\/mid\/ayuntamiento-de-merida-realizara-concurso-enchulame-la-bici-para-ninos-de-4-anos-en-adelante\/","title":{"rendered":"Ayuntamiento de M\u00e9rida realizar\u00e1 concurso \u201cEnch\u00falame la Bici\u201d para ni\u00f1os de 4 a\u00f1os en adelante"},"content":{"rendered":"<p class=\"ecxmsonormal\" style=\"line-height: 18.0pt;background: white;vertical-align: baseline;margin: 0cm 0cm 9.75pt 0cm\"><span style=\"font-size: 10.5pt;font-family: 'Droid Sans',serif;color: #555555\">Como parte de las actividades para celebrar el D\u00eda del Ni\u00f1o, el Ayuntamiento de M\u00e9rida realizar\u00e1 el\u00a0 concurso \u201cEnch\u00falame la bici\u201d, dirigido a ni\u00f1os de cuatro a\u00f1os en adelante, que consiste en decorar sus bicicletas con originalidad y creatividad, indic\u00f3 el coordinador general de Pol\u00edtica Comunitaria, V\u00edctor Hugo Lozano Poveda.<\/span><\/p>\n<p class=\"ecxmsonormal\" style=\"line-height: 18.0pt;background: white;vertical-align: baseline;text-align: start;margin: 0cm 0cm 9.75pt 0cm\"><span style=\"font-size: 10.5pt;font-family: 'Droid Sans',serif;color: #555555\">El concurso se realizar\u00e1 el pr\u00f3ximo domingo 24, a partir de las 10 a.m., en la Bici-Ruta de Paseo de Montejo y se aceptar\u00e1n bicicletas de cualquier modelo, marca y rodada.<\/span><\/p>\n<p class=\"ecxmsonormal\" style=\"line-height: 18.0pt;background: white;vertical-align: baseline;text-align: start;margin: 0cm 0cm 9.75pt 0cm\"><span style=\"font-size: 10.5pt;font-family: 'Droid Sans',serif;color: #555555\">\u2014Adem\u00e1s de celebrar a los ni\u00f1os, el Ayuntamiento promueve tambi\u00e9n la convivencia familiar y la sana recreaci\u00f3n de los meridanos \u2014expres\u00f3.<\/span><\/p>\n<p class=\"ecxmsonormal\" style=\"line-height: 18.0pt;background: white;vertical-align: baseline;text-align: start;margin: 0cm 0cm 9.75pt 0cm\"><span style=\"font-size: 10.5pt;font-family: 'Droid Sans',serif;color: #555555\">Record\u00f3 que por instrucciones del alcalde Mauricio Vila este tipo de actividades tienen tambi\u00e9n como fin fortalecer los ejes de sustentabilidad y movilidad urbana\u00a0 promoviendo el uso de la bicicleta como un transporte alternativo y amigable con el medio ambiente.<\/span><\/p>\n<p class=\"ecxmsonormal\" style=\"line-height: 18.0pt;background: white;vertical-align: baseline;text-align: start;margin: 0cm 0cm 9.75pt 0cm\"><span style=\"font-size: 10.5pt;font-family: 'Droid Sans',serif;color: #555555\">Dijo que por estas fechas numerosas escuelas organizan concursos de este tipo por lo que \u201cEnch\u00falame la Bicicleta\u201d es una oportunidad para aprovechar la originalidad, la inversi\u00f3n y el esfuerzo de los padres y ni\u00f1os que decoran sus bicicletas.<\/span><\/p>\n<p class=\"ecxmsonormal\" style=\"line-height: 18.0pt;background: white;vertical-align: baseline;text-align: start;margin: 0cm 0cm 9.75pt 0cm\"><span style=\"font-size: 10.5pt;font-family: 'Droid Sans',serif;color: #555555\">Agreg\u00f3 que este concurso forma parte de varias actividades que organiza el DIF Municipal y que en su momento dar\u00e1 a conocer su directora, Loreto Villanueva Trujillo.<\/span><\/p>\n<p class=\"ecxmsonormal\" style=\"line-height: 18.0pt;background: white;vertical-align: baseline;text-align: start;margin: 0cm 0cm 9.75pt 0cm\"><span style=\"font-size: 10.5pt;font-family: 'Droid Sans',serif;color: #555555\">El funcionario municipal coment\u00f3 que los concursantes podr\u00e1n participar en tres categor\u00edas: de 4 a 7 a\u00f1os; de 8 a 14 y de 15 en adelante. Los ganadores de cada categor\u00eda recibir\u00e1n de premio una tablet.<\/span><\/p>\n<p class=\"ecxmsonormal\" style=\"line-height: 18.0pt;background: white;vertical-align: baseline;text-align: start;margin: 0cm 0cm 9.75pt 0cm\"><span style=\"font-size: 10.5pt;font-family: 'Droid Sans',serif;color: #555555\">Lozano Poveda explic\u00f3 que se aceptar\u00e1 cualquier material para la decoraci\u00f3n de las bicicletas, excepto pirotecnia y objetos punzocortantes.<\/span><\/p>\n<p class=\"ecxmsonormal\" style=\"line-height: 18.0pt;background: white;vertical-align: baseline;text-align: start;margin: 0cm 0cm 9.75pt 0cm\"><span style=\"font-size: 10.5pt;font-family: 'Droid Sans',serif;color: #555555\">Originalidad y creatividad ser\u00e1n los aspectos que tomar\u00e1 en cuenta el jurado calificador<\/span><\/p>\n<p class=\"ecxmsonormal\" style=\"line-height: 18.0pt;background: white;vertical-align: baseline;text-align: start;margin: 0cm 0cm 9.75pt 0cm\"><span style=\"font-size: 10.5pt;font-family: 'Droid Sans',serif;color: #555555\">Los participantes se pueden inscribir en l\u00ednea, en el sitio web del Ayuntamiento de M\u00e9rida. Tambi\u00e9n podr\u00e1n hacerlo el mismo d\u00eda del concurso, de 8 a 9 de la ma\u00f1ana, en la Bici Ruta.<\/span><\/p>\n<p class=\"ecxmsonormal\" style=\"line-height: 18.0pt;background: white;vertical-align: baseline;text-align: start;margin: 0cm 0cm 9.75pt 0cm\"><span style=\"font-size: 10.5pt;font-family: 'Droid Sans',serif;color: #555555\">Lozano Poveda coment\u00f3 que para mayores los interesados pueden comunicarse al 924 69 62, extensi\u00f3n 81801.<\/span><\/p>\n<div class='share-to-whatsapp-wrapper'><div class='share-on-whsp'>Share on: <\/div><a data-text='Ayuntamiento de M\u00e9rida realizar\u00e1 concurso \u201cEnch\u00falame la Bici\u201d para ni\u00f1os de 4 a\u00f1os en adelante' data-link='https:\/\/visionpeninsular.com\/mid\/ayuntamiento-de-merida-realizara-concurso-enchulame-la-bici-para-ninos-de-4-anos-en-adelante\/' class='whatsapp-button whatsapp-share'>WhatsApp<\/a><div class='clear '><\/div><\/div>","protected":false},"excerpt":{"rendered":"<p>Como parte de las actividades para celebrar el D\u00eda del Ni\u00f1o, el Ayuntamiento de M\u00e9rida realizar\u00e1 el\u00a0 concurso \u201cEnch\u00falame la bici\u201d, dirigido a ni\u00f1os de cuatro a\u00f1os en adelante, que consiste en decorar sus bicicletas con originalidad y creatividad, indic\u00f3 el coordinador general de Pol\u00edtica Comunitaria, V\u00edctor Hugo Lozano Poveda. El concurso se realizar\u00e1 el &hellip;<\/p>\n","protected":false},"author":3,"featured_media":1869,"comment_status":"open","ping_status":"open","sticky":false,"template":"","format":"standard","meta":{"_mi_skip_tracking":false},"categories":[50,37],"tags":[41,330,331],"_links":{"self":[{"href":"https:\/\/visionpeninsular.com\/mid\/wp-json\/wp\/v2\/posts\/1868"}],"collection":[{"href":"https:\/\/visionpeninsular.com\/mid\/wp-json\/wp\/v2\/posts"}],"about":[{"href":"https:\/\/visionpeninsular.com\/mid\/wp-json\/wp\/v2\/types\/post"}],"author":[{"embeddable":true,"href":"https:\/\/visionpeninsular.com\/mid\/wp-json\/wp\/v2\/users\/3"}],"replies":[{"embeddable":true,"href":"https:\/\/visionpeninsular.com\/mid\/wp-json\/wp\/v2\/comments?post=1868"}],"version-history":[{"count":1,"href":"https:\/\/visionpeninsular.com\/mid\/wp-json\/wp\/v2\/posts\/1868\/revisions"}],"predecessor-version":[{"id":1870,"href":"https:\/\/visionpeninsular.com\/mid\/wp-json\/wp\/v2\/posts\/1868\/revisions\/1870"}],"wp:featuredmedia":[{"embeddable":true,"href":"https:\/\/visionpeninsular.com\/mid\/wp-json\/wp\/v2\/media\/1869"}],"wp:attachment":[{"href":"https:\/\/visionpeninsular.com\/mid\/wp-json\/wp\/v2\/media?parent=1868"}],"wp:term":[{"taxonomy":"category","embeddable":true,"href":"https:\/\/visionpeninsular.com\/mid\/wp-json\/wp\/v2\/categories?post=1868"},{"taxonomy":"post_tag","embeddable":true,"href":"https:\/\/visionpeninsular.com\/mid\/wp-json\/wp\/v2\/tags?post=1868"}],"curies":[{"name":"wp","href":"https:\/\/api.w.org\/{rel}","templated":true}]}}