{"id":186306,"date":"2024-04-03T21:17:57","date_gmt":"2024-04-04T03:17:57","guid":{"rendered":"https:\/\/visionpeninsular.com\/mid\/?p=186306"},"modified":"2024-04-03T21:17:58","modified_gmt":"2024-04-04T03:17:58","slug":"el-gobernador-de-yucatan-permanecera-en-el-cargo-hasta-la-resolucion-del-tepjf","status":"publish","type":"post","link":"https:\/\/visionpeninsular.com\/mid\/el-gobernador-de-yucatan-permanecera-en-el-cargo-hasta-la-resolucion-del-tepjf\/","title":{"rendered":"El gobernador de Yucat\u00e1n permanecer\u00e1 en el cargo hasta la resoluci\u00f3n del TEPJF"},"content":{"rendered":"\n<h2 class=\"has-text-align-center\">\u2022\u201cMientras no haya un pronunciamiento del Tribunal, las cosas se mantienen en el estado en como la conocemos\u201d, coment\u00f3 As\u00eds Cano<\/h2>\n\n\n\n<p>M\u00e9rida, Yucat\u00e1n, a 3 de abril de 2024.\u2013 Mientras no haya una resoluci\u00f3n del Tribunal Electoral del Poder Judicial de la Federaci\u00f3n (TEPJF), el gobernador Mauricio Vila Dosal continuar\u00e1 en el cargo, asever\u00f3 el dirigente estatal del PAN, As\u00eds Cano Cetina.<\/p>\n\n\n\n<p>En d\u00edas pasados, el ciudadano Juan Morales de la Rosa present\u00f3 un Juicio para la Protecci\u00f3n de los Derechos Pol\u00edtico-Electorales de la Ciudadan\u00eda (JDC), marcado en el expediente SUP-JDC-480\/2024, para impugnar la omisi\u00f3n de Vila Dosal de separarse del cargo de gobernador, derivado de su postulaci\u00f3n a una candidatura al Senado por el principio de representaci\u00f3n proporcional registrada por el PAN ante el INE.<\/p>\n\n\n\n<p>Al respecto, Cano Cetina coment\u00f3: \u201cMe parece que, mientras no haya un pronunciamiento del Tribunal, las cosas se mantienen en el estado en como la conocemos. El gobernador est\u00e1 en pleno uso de sus derechos pol\u00edticos y trabajando todos los d\u00edas. Es algo que me da mucho gusto porque la gesti\u00f3n del mandatario junto de la mano de la sociedad es por lo que Yucat\u00e1n es uno de las entidades m\u00e1s seguras del pa\u00eds\u201d.<\/p>\n\n\n\n<p>A nivel nacional, en este proceso electoral, el precedente de que el TEPJF orden\u00f3 al gobernador de Morelos, Cuauht\u00e9moc Blanco Bravo, a que deje el cargo por ser candidato a diputado federal plurinominal de Morena.<\/p>\n\n\n\n<div class=\"wp-block-image\"><figure class=\"aligncenter size-full\"><img loading=\"lazy\" width=\"1024\" height=\"596\" src=\"https:\/\/visionpeninsular.com\/mid\/wp-content\/uploads\/2024\/04\/WhatsApp-Image-2024-04-03-at-4.10.34-PM-1.jpeg\" alt=\"\" class=\"wp-image-186308\" srcset=\"https:\/\/visionpeninsular.com\/mid\/wp-content\/uploads\/2024\/04\/WhatsApp-Image-2024-04-03-at-4.10.34-PM-1.jpeg 1024w, https:\/\/visionpeninsular.com\/mid\/wp-content\/uploads\/2024\/04\/WhatsApp-Image-2024-04-03-at-4.10.34-PM-1-300x175.jpeg 300w, https:\/\/visionpeninsular.com\/mid\/wp-content\/uploads\/2024\/04\/WhatsApp-Image-2024-04-03-at-4.10.34-PM-1-768x447.jpeg 768w\" sizes=\"(max-width: 1024px) 100vw, 1024px\" \/><figcaption>Hasta que no haya una resoluci\u00f3n del Tribunal Electoral del Poder Judicial de la Federaci\u00f3n (TEPJF), el gobernador Mauricio Vila Dosal continuar\u00e1 en el cargo. El mandatario estatal fue postulado por el PAN a senador de representaci\u00f3n proporcional por la Lista Nacional. Foto: Cortes\u00eda <\/figcaption><\/figure><\/div>\n<div class='share-to-whatsapp-wrapper'><div class='share-on-whsp'>Share on: <\/div><a data-text='El gobernador de Yucat\u00e1n permanecer\u00e1 en el cargo hasta la resoluci\u00f3n del TEPJF' data-link='https:\/\/visionpeninsular.com\/mid\/el-gobernador-de-yucatan-permanecera-en-el-cargo-hasta-la-resolucion-del-tepjf\/' class='whatsapp-button whatsapp-share'>WhatsApp<\/a><div class='clear '><\/div><\/div>","protected":false},"excerpt":{"rendered":"<p>\u2022\u201cMientras no haya un pronunciamiento del Tribunal, las cosas se mantienen en el estado en como la conocemos\u201d, coment\u00f3 As\u00eds Cano M\u00e9rida, Yucat\u00e1n, a 3 de abril de 2024.\u2013 Mientras no haya una resoluci\u00f3n del Tribunal Electoral del Poder Judicial de la Federaci\u00f3n (TEPJF), el gobernador Mauricio Vila Dosal continuar\u00e1 en el cargo, asever\u00f3 el &hellip;<\/p>\n","protected":false},"author":11,"featured_media":186308,"comment_status":"open","ping_status":"open","sticky":false,"template":"","format":"standard","meta":{"_mi_skip_tracking":false},"categories":[49,37],"tags":[35883,41757,41758,3861,4126,33498,227],"_links":{"self":[{"href":"https:\/\/visionpeninsular.com\/mid\/wp-json\/wp\/v2\/posts\/186306"}],"collection":[{"href":"https:\/\/visionpeninsular.com\/mid\/wp-json\/wp\/v2\/posts"}],"about":[{"href":"https:\/\/visionpeninsular.com\/mid\/wp-json\/wp\/v2\/types\/post"}],"author":[{"embeddable":true,"href":"https:\/\/visionpeninsular.com\/mid\/wp-json\/wp\/v2\/users\/11"}],"replies":[{"embeddable":true,"href":"https:\/\/visionpeninsular.com\/mid\/wp-json\/wp\/v2\/comments?post=186306"}],"version-history":[{"count":1,"href":"https:\/\/visionpeninsular.com\/mid\/wp-json\/wp\/v2\/posts\/186306\/revisions"}],"predecessor-version":[{"id":186309,"href":"https:\/\/visionpeninsular.com\/mid\/wp-json\/wp\/v2\/posts\/186306\/revisions\/186309"}],"wp:featuredmedia":[{"embeddable":true,"href":"https:\/\/visionpeninsular.com\/mid\/wp-json\/wp\/v2\/media\/186308"}],"wp:attachment":[{"href":"https:\/\/visionpeninsular.com\/mid\/wp-json\/wp\/v2\/media?parent=186306"}],"wp:term":[{"taxonomy":"category","embeddable":true,"href":"https:\/\/visionpeninsular.com\/mid\/wp-json\/wp\/v2\/categories?post=186306"},{"taxonomy":"post_tag","embeddable":true,"href":"https:\/\/visionpeninsular.com\/mid\/wp-json\/wp\/v2\/tags?post=186306"}],"curies":[{"name":"wp","href":"https:\/\/api.w.org\/{rel}","templated":true}]}}