{"id":186270,"date":"2024-04-03T12:31:29","date_gmt":"2024-04-03T18:31:29","guid":{"rendered":"https:\/\/visionpeninsular.com\/mid\/?p=186270"},"modified":"2024-04-03T12:31:30","modified_gmt":"2024-04-03T18:31:30","slug":"gobierno-del-estado-comienza-la-plantacion-de-arboles-en-el-corredor-turistico-y-gastronomico","status":"publish","type":"post","link":"https:\/\/visionpeninsular.com\/mid\/gobierno-del-estado-comienza-la-plantacion-de-arboles-en-el-corredor-turistico-y-gastronomico\/","title":{"rendered":"Gobierno del Estado comienza la plantaci\u00f3n de \u00e1rboles en el Corredor Tur\u00edstico y Gastron\u00f3mico"},"content":{"rendered":"\n<ul><li><strong><em>En total, se plantar\u00e1n 150 \u00e1rboles de la especie Macul\u00eds en el tramo de la calle 60 que va de la 45 a la 61 y parte de la 47 por el parque de Santa Ana, como parte de este proyecto estatal.<\/em><\/strong><\/li><\/ul>\n\n\n\n<p>M\u00e9rida, Yucat\u00e1n, 2 de abril de 2024.- Este martes el Gobierno del Estado inici\u00f3 con la plantaci\u00f3n de \u00e1rboles en el Corredor Tur\u00edstico y Gastron\u00f3mico en el Centro Hist\u00f3rico de la ciudad, donde se colocar\u00e1n en total 150 ejemplares de la especie Macul\u00eds rosas, las cuales se estar\u00e1n colocando gradualmente, como parte de las acciones de arborizaci\u00f3n que impulsa el Gobernador Mauricio Vila Dosal para un Yucat\u00e1n m\u00e1s verde.<\/p>\n\n\n\n<p>El director de Gesti\u00f3n y Conservaci\u00f3n de Recursos Naturales de la Secretar\u00eda de Desarrollo Sustentable (SDS), Toshio Yokoyama Cob\u00e1, constat\u00f3 el proceso de plantaci\u00f3n que consisti\u00f3 en la limpieza de las mesetas, se utiliz\u00f3 el sustrato adecuado, despu\u00e9s se plantaron los macul\u00eds, se les coloc\u00f3 m\u00e1s tierra y los regaron.<\/p>\n\n\n\n<figure class=\"wp-block-image size-full\"><img loading=\"lazy\" width=\"600\" height=\"399\" src=\"https:\/\/visionpeninsular.com\/mid\/wp-content\/uploads\/2024\/04\/arbolado-2.jpg\" alt=\"\" class=\"wp-image-186273\" srcset=\"https:\/\/visionpeninsular.com\/mid\/wp-content\/uploads\/2024\/04\/arbolado-2.jpg 600w, https:\/\/visionpeninsular.com\/mid\/wp-content\/uploads\/2024\/04\/arbolado-2-300x200.jpg 300w, https:\/\/visionpeninsular.com\/mid\/wp-content\/uploads\/2024\/04\/arbolado-2-310x205.jpg 310w\" sizes=\"(max-width: 600px) 100vw, 600px\" \/><\/figure>\n\n\n\n<p>La plantaci\u00f3n de estos \u00e1rboles contempla el tramo de la calle 60 que va de la 45 a la 61 y parte de la 47 por el parque de Santa Ana y se realizar\u00e1 poco a poco. Los macul\u00eds que se plantar\u00e1n nacieron en bolsa y fueron cultivados en sol y es la especie m\u00e1s apta para el Corredor Tur\u00edstico y Gastron\u00f3mico pues, cuando crezcan, compondr\u00e1n un atractivo t\u00fanel de floraci\u00f3n rosada.<\/p>\n\n\n\n<p>Adem\u00e1s de los 150 \u00e1rboles, tambi\u00e9n se incorporar\u00e1n m\u00e1s plantas de ornato en el camell\u00f3n de la calle 47 con 56-A y 60; as\u00ed como nueva reforestaci\u00f3n en la glorieta del remate de Montejo que, al ampliarse tendr\u00e1 m\u00e1s plantas de ornato.<\/p>\n\n\n\n<p>Yokoyama Cob\u00e1 se\u00f1al\u00f3 que, para que la plantaci\u00f3n de estos \u00e1rboles sea efectiva, se adquirieron plantas con edad de entre 7 y 8 a\u00f1os de edad con ra\u00edces bastante desarrolladas con lo que el riesgo de mortandad es m\u00ednimo; asimismo, se llevar\u00e1 a cabo una etapa de riego con lo que dentro de 4 semanas ya estar\u00e1n completamente establecidas las plantas para comenzar a crecer.<\/p>\n\n\n\n<p>Se trata de una especie emblem\u00e1tica en Yucat\u00e1n ideal para la reforestaci\u00f3n urbana que en la temporada decembrina adorna con sus distintivas flores rosas, brindando un paisaje singular.<\/p>\n\n\n\n<figure class=\"wp-block-image size-full\"><img loading=\"lazy\" width=\"600\" height=\"398\" src=\"https:\/\/visionpeninsular.com\/mid\/wp-content\/uploads\/2024\/04\/arbolado-4.jpg\" alt=\"\" class=\"wp-image-186275\" srcset=\"https:\/\/visionpeninsular.com\/mid\/wp-content\/uploads\/2024\/04\/arbolado-4.jpg 600w, https:\/\/visionpeninsular.com\/mid\/wp-content\/uploads\/2024\/04\/arbolado-4-300x199.jpg 300w, https:\/\/visionpeninsular.com\/mid\/wp-content\/uploads\/2024\/04\/arbolado-4-310x205.jpg 310w\" sizes=\"(max-width: 600px) 100vw, 600px\" \/><\/figure>\n\n\n\n<p>De esta forma, el Gobernador Mauricio Vila Dosal impulsa estas acciones para tener un Yucat\u00e1n m\u00e1s verde y sustentable, con espacios que detonar\u00e1n la econom\u00eda del estado con la atracci\u00f3n de m\u00e1s turismo, pero de forma amable con el medio ambiente, en beneficio de las familias yucatecas.<\/p>\n\n\n\n<p>El Corredor Tur\u00edstico y Gastron\u00f3mico en el Centro Hist\u00f3rico es una obra que conectar\u00e1 la Plaza Grande, el Parque de Santa Luc\u00eda, Santa Ana y el Gran Parque de \u201cLa Plancha\u201d, de manera segura, accesible y sustentable para todos; proyecto en el que el Gobierno del Estado es el encargado del tramo que parte de la calle 60, en la esquina de la Plaza Grande, hasta el Parque de Santa Ana y un tramo m\u00e1s sobre la 47, entre 60 y 56, incluyendo la glorieta del Remate de Paseo de Montejo, para lo que se invierten 174.3 millones de pesos.<\/p>\n\n\n\n<figure class=\"wp-block-image size-full\"><img loading=\"lazy\" width=\"600\" height=\"399\" src=\"https:\/\/visionpeninsular.com\/mid\/wp-content\/uploads\/2024\/04\/arbolado-3.jpg\" alt=\"\" class=\"wp-image-186274\" srcset=\"https:\/\/visionpeninsular.com\/mid\/wp-content\/uploads\/2024\/04\/arbolado-3.jpg 600w, https:\/\/visionpeninsular.com\/mid\/wp-content\/uploads\/2024\/04\/arbolado-3-300x200.jpg 300w, https:\/\/visionpeninsular.com\/mid\/wp-content\/uploads\/2024\/04\/arbolado-3-310x205.jpg 310w\" sizes=\"(max-width: 600px) 100vw, 600px\" \/><\/figure>\n\n\n\n<p>&nbsp;Este proyecto est\u00e1 contemplado en la Declaraci\u00f3n M\u00e9rida 2050 y, con \u00e9l, se mejorar\u00e1 un total de 1,750 metros lineales, con ampliaci\u00f3n de calles, nuevas banquetas, ciclov\u00eda, postes de baja altura, podot\u00e1ctiles para personas con discapacidad visual y f\u00e1cil acceso y desplazamiento para aquellos que tengan alguna discapacidad motriz.<\/p>\n\n\n\n<p>&nbsp;Tambi\u00e9n, se consideraron espacios de ascenso y descenso de pasajeros, as\u00ed como para carga y descarga de mercanc\u00eda, y la instalaci\u00f3n de mesas afuera de los negocios, con lo que se transforma la movilidad urbana y, sobre todo, impulsa la econom\u00eda de los comercios de esta zona.<\/p>\n<div class='share-to-whatsapp-wrapper'><div class='share-on-whsp'>Share on: <\/div><a data-text='Gobierno del Estado comienza la plantaci\u00f3n de \u00e1rboles en el Corredor Tur\u00edstico y Gastron\u00f3mico' data-link='https:\/\/visionpeninsular.com\/mid\/gobierno-del-estado-comienza-la-plantacion-de-arboles-en-el-corredor-turistico-y-gastronomico\/' class='whatsapp-button whatsapp-share'>WhatsApp<\/a><div class='clear '><\/div><\/div>","protected":false},"excerpt":{"rendered":"<p>En total, se plantar\u00e1n 150 \u00e1rboles de la especie Macul\u00eds en el tramo de la calle 60 que va de la 45 a la 61 y parte de la 47 por el parque de Santa Ana, como parte de este proyecto estatal. M\u00e9rida, Yucat\u00e1n, 2 de abril de 2024.- Este martes el Gobierno del Estado &hellip;<\/p>\n","protected":false},"author":5,"featured_media":186272,"comment_status":"open","ping_status":"open","sticky":false,"template":"","format":"standard","meta":{"_mi_skip_tracking":false},"categories":[49,37],"tags":[41743,41742,185,974,41741],"_links":{"self":[{"href":"https:\/\/visionpeninsular.com\/mid\/wp-json\/wp\/v2\/posts\/186270"}],"collection":[{"href":"https:\/\/visionpeninsular.com\/mid\/wp-json\/wp\/v2\/posts"}],"about":[{"href":"https:\/\/visionpeninsular.com\/mid\/wp-json\/wp\/v2\/types\/post"}],"author":[{"embeddable":true,"href":"https:\/\/visionpeninsular.com\/mid\/wp-json\/wp\/v2\/users\/5"}],"replies":[{"embeddable":true,"href":"https:\/\/visionpeninsular.com\/mid\/wp-json\/wp\/v2\/comments?post=186270"}],"version-history":[{"count":1,"href":"https:\/\/visionpeninsular.com\/mid\/wp-json\/wp\/v2\/posts\/186270\/revisions"}],"predecessor-version":[{"id":186276,"href":"https:\/\/visionpeninsular.com\/mid\/wp-json\/wp\/v2\/posts\/186270\/revisions\/186276"}],"wp:featuredmedia":[{"embeddable":true,"href":"https:\/\/visionpeninsular.com\/mid\/wp-json\/wp\/v2\/media\/186272"}],"wp:attachment":[{"href":"https:\/\/visionpeninsular.com\/mid\/wp-json\/wp\/v2\/media?parent=186270"}],"wp:term":[{"taxonomy":"category","embeddable":true,"href":"https:\/\/visionpeninsular.com\/mid\/wp-json\/wp\/v2\/categories?post=186270"},{"taxonomy":"post_tag","embeddable":true,"href":"https:\/\/visionpeninsular.com\/mid\/wp-json\/wp\/v2\/tags?post=186270"}],"curies":[{"name":"wp","href":"https:\/\/api.w.org\/{rel}","templated":true}]}}