{"id":186024,"date":"2024-03-27T12:57:30","date_gmt":"2024-03-27T18:57:30","guid":{"rendered":"https:\/\/visionpeninsular.com\/mid\/?p=186024"},"modified":"2024-03-27T12:57:31","modified_gmt":"2024-03-27T18:57:31","slug":"experto-pronostica-que-en-abril-inicia-fase-intensa-de-calor","status":"publish","type":"post","link":"https:\/\/visionpeninsular.com\/mid\/experto-pronostica-que-en-abril-inicia-fase-intensa-de-calor\/","title":{"rendered":"Experto pronostica que en  abril inicia fase intensa de calor"},"content":{"rendered":"\n<p>El meteor\u00f3logo de la Universidad Aut\u00f3noma de Yucat\u00e1n (UADY), Juan V\u00e1zquez Montalvo, dio a conocer que en el mes de abril iniciar\u00e1 la fase m\u00e1s intensa del calor en Yucat\u00e1n.<\/p>\n\n\n\n<p>El especialista se\u00f1al\u00f3 que en abril se espera un incremento en la intensidad del calor, aunque no se descarta la llegada de alg\u00fan frente fr\u00edo que, al juntarse con el calor, generar\u00eda una tormenta.<\/p>\n\n\n\n<p>\u00abEl 15 de abril empieza la fase m\u00e1s intensa, que termina en el mes de mayo, cuando comienzan las lluvias, que es cuando se han presentado las temperaturas m\u00e1s altas\u00bb, explic\u00f3.<\/p>\n\n\n\n<p>Se\u00f1al\u00f3 que las condiciones de la sequ\u00eda 20224 son similares a las del 2020, cuando se presentaron valores m\u00e1ximos de temperatura que marcaron un r\u00e9cord en la entidad.<\/p>\n\n\n\n<p>La \u00faltima vez que se registr\u00f3 una cifra muy alta fue de 41.6 para M\u00e9rida, en abril del 2020. No ha habido otra cifra tan alta para M\u00e9rida desde entonces. Para el estado, la cifra fue de 43, tambi\u00e9n en abril del 2020, a\u00f1adi\u00f3.<\/p>\n\n\n\n<p>V\u00e1zquez Montalvo refiri\u00f3 que la temperatura r\u00e9cord presentada en abril alcanz\u00f3 los 43.6 grados Celsius en M\u00e9rida y 49 grados Celsius en el sur de Yucat\u00e1n, en la comunidad de Santa Elena.<\/p>\n<div class='share-to-whatsapp-wrapper'><div class='share-on-whsp'>Share on: <\/div><a data-text='Experto pronostica que en  abril inicia fase intensa de calor' data-link='https:\/\/visionpeninsular.com\/mid\/experto-pronostica-que-en-abril-inicia-fase-intensa-de-calor\/' class='whatsapp-button whatsapp-share'>WhatsApp<\/a><div class='clear '><\/div><\/div>","protected":false},"excerpt":{"rendered":"<p>El meteor\u00f3logo de la Universidad Aut\u00f3noma de Yucat\u00e1n (UADY), Juan V\u00e1zquez Montalvo, dio a conocer que en el mes de abril iniciar\u00e1 la fase m\u00e1s intensa del calor en Yucat\u00e1n. El especialista se\u00f1al\u00f3 que en abril se espera un incremento en la intensidad del calor, aunque no se descarta la llegada de alg\u00fan frente fr\u00edo &hellip;<\/p>\n","protected":false},"author":5,"featured_media":172737,"comment_status":"open","ping_status":"open","sticky":false,"template":"","format":"standard","meta":{"_mi_skip_tracking":false},"categories":[50,37],"tags":[41629,41630,448],"_links":{"self":[{"href":"https:\/\/visionpeninsular.com\/mid\/wp-json\/wp\/v2\/posts\/186024"}],"collection":[{"href":"https:\/\/visionpeninsular.com\/mid\/wp-json\/wp\/v2\/posts"}],"about":[{"href":"https:\/\/visionpeninsular.com\/mid\/wp-json\/wp\/v2\/types\/post"}],"author":[{"embeddable":true,"href":"https:\/\/visionpeninsular.com\/mid\/wp-json\/wp\/v2\/users\/5"}],"replies":[{"embeddable":true,"href":"https:\/\/visionpeninsular.com\/mid\/wp-json\/wp\/v2\/comments?post=186024"}],"version-history":[{"count":1,"href":"https:\/\/visionpeninsular.com\/mid\/wp-json\/wp\/v2\/posts\/186024\/revisions"}],"predecessor-version":[{"id":186026,"href":"https:\/\/visionpeninsular.com\/mid\/wp-json\/wp\/v2\/posts\/186024\/revisions\/186026"}],"wp:featuredmedia":[{"embeddable":true,"href":"https:\/\/visionpeninsular.com\/mid\/wp-json\/wp\/v2\/media\/172737"}],"wp:attachment":[{"href":"https:\/\/visionpeninsular.com\/mid\/wp-json\/wp\/v2\/media?parent=186024"}],"wp:term":[{"taxonomy":"category","embeddable":true,"href":"https:\/\/visionpeninsular.com\/mid\/wp-json\/wp\/v2\/categories?post=186024"},{"taxonomy":"post_tag","embeddable":true,"href":"https:\/\/visionpeninsular.com\/mid\/wp-json\/wp\/v2\/tags?post=186024"}],"curies":[{"name":"wp","href":"https:\/\/api.w.org\/{rel}","templated":true}]}}