{"id":185674,"date":"2024-03-20T11:30:43","date_gmt":"2024-03-20T17:30:43","guid":{"rendered":"https:\/\/visionpeninsular.com\/mid\/?p=185674"},"modified":"2024-03-20T11:30:44","modified_gmt":"2024-03-20T17:30:44","slug":"el-ayuntamiento-de-merida-fortalece-su-cultura-de-prevencion-interna","status":"publish","type":"post","link":"https:\/\/visionpeninsular.com\/mid\/el-ayuntamiento-de-merida-fortalece-su-cultura-de-prevencion-interna\/","title":{"rendered":"El Ayuntamiento de M\u00e9rida fortalece su cultura de prevenci\u00f3n interna"},"content":{"rendered":"\n<ul><li><strong><em>El Alcalde Alejandro Ruz Castro entrega reconocimientos a las y los Brigadistas Multifuncionales de la Comuna.<\/em><\/strong><\/li><\/ul>\n\n\n\n<p>M\u00e9rida, Yucat\u00e1n, 19 de marzo de 2024.- En el Ayuntamiento se realiza un trabajo constante y responsable en materia de prevenci\u00f3n, lo que ha permitido tener una mejor capacidad de respuesta y recuperaci\u00f3n cuando se han enfrentado afectaciones, principalmente por fen\u00f3menos naturales, dijo el Alcalde Alejandro Ruz Castro.<\/p>\n\n\n\n<figure class=\"wp-block-image size-full\"><img loading=\"lazy\" width=\"934\" height=\"622\" src=\"https:\/\/visionpeninsular.com\/mid\/wp-content\/uploads\/2024\/03\/Brigadistas-2024-03-19-at-3.02.54-PM.jpeg\" alt=\"\" class=\"wp-image-185677\" srcset=\"https:\/\/visionpeninsular.com\/mid\/wp-content\/uploads\/2024\/03\/Brigadistas-2024-03-19-at-3.02.54-PM.jpeg 934w, https:\/\/visionpeninsular.com\/mid\/wp-content\/uploads\/2024\/03\/Brigadistas-2024-03-19-at-3.02.54-PM-300x200.jpeg 300w, https:\/\/visionpeninsular.com\/mid\/wp-content\/uploads\/2024\/03\/Brigadistas-2024-03-19-at-3.02.54-PM-768x511.jpeg 768w, https:\/\/visionpeninsular.com\/mid\/wp-content\/uploads\/2024\/03\/Brigadistas-2024-03-19-at-3.02.54-PM-310x205.jpeg 310w\" sizes=\"(max-width: 934px) 100vw, 934px\" \/><\/figure>\n\n\n\n<p>&#8220;En la actual administraci\u00f3n hemos aprendido a hacer equipo, especialmente en el tema de&nbsp; protecci\u00f3n civil. Nos informamos, prevenimos y organizamos en torno a la seguridad ciudadana, y eso es porque M\u00e9rida es una ciudad que se distingue por tener una cultura de la prevenci\u00f3n ante cualquier contingencia o fen\u00f3meno natural que afecte a nuestra Pen\u00ednsula&#8221;, se\u00f1al\u00f3.<\/p>\n\n\n\n<p>En el marco de la entrega de reconocimientos a los Brigadistas Multifuncionales del Ayuntamiento de M\u00e9rida, que se realiz\u00f3 en el patio central del Centro Cultural &#8220;Olimpo&#8221;, el Presidente Municipal inform\u00f3 que en lo que va de esta administraci\u00f3n se ha capacitado a 3,675 personas en diferentes temas de prevenci\u00f3n, con un total de 106 cursos impartidos por el \u00e1rea de Protecci\u00f3n Civil.<\/p>\n\n\n\n<figure class=\"wp-block-image size-large\"><img loading=\"lazy\" width=\"1024\" height=\"682\" src=\"https:\/\/visionpeninsular.com\/mid\/wp-content\/uploads\/2024\/03\/Brigadistas-2024-03-19-at-3.02.48-PM-1024x682.jpeg\" alt=\"\" class=\"wp-image-185678\" srcset=\"https:\/\/visionpeninsular.com\/mid\/wp-content\/uploads\/2024\/03\/Brigadistas-2024-03-19-at-3.02.48-PM-1024x682.jpeg 1024w, https:\/\/visionpeninsular.com\/mid\/wp-content\/uploads\/2024\/03\/Brigadistas-2024-03-19-at-3.02.48-PM-300x200.jpeg 300w, https:\/\/visionpeninsular.com\/mid\/wp-content\/uploads\/2024\/03\/Brigadistas-2024-03-19-at-3.02.48-PM-768x512.jpeg 768w, https:\/\/visionpeninsular.com\/mid\/wp-content\/uploads\/2024\/03\/Brigadistas-2024-03-19-at-3.02.48-PM-310x205.jpeg 310w, https:\/\/visionpeninsular.com\/mid\/wp-content\/uploads\/2024\/03\/Brigadistas-2024-03-19-at-3.02.48-PM.jpeg 1280w\" sizes=\"(max-width: 1024px) 100vw, 1024px\" \/><\/figure>\n\n\n\n<p>&#8220;El tema de protecci\u00f3n civil es muy amplio y nos actualizamos para que 218 colaboradoras y colaboradores m\u00e1s, de 19 dependencias municipales, se hayan capacitado en primeros auxilios, prevenci\u00f3n y combate de conatos de incendio y evacuaci\u00f3n de inmuebles; temas impartidos en el curso de \u201cBrigada Multifuncional\u201d, explic\u00f3.<\/p>\n\n\n\n<p>En su intervenci\u00f3n, Ignacio Guti\u00e9rrez Sol\u00eds, director de Gobernaci\u00f3n, indic\u00f3 que en el a\u00f1o 2019 la Comuna contaba con un cat\u00e1logo de 19 cursos anuales y a la fecha ya se imparten alrededor de 60 cursos que han permitido capacitar a m\u00e1s de 1,800 personas en lo que va del trienio.<\/p>\n\n\n\n<p>Adem\u00e1s, agreg\u00f3, las capacitaciones han salido de los muros del Ayuntamiento llegando a asociaciones, c\u00e1maras, restaurantes y dem\u00e1s negocios que se dedican a la actividad comercial o la actividad industrial en nuestra ciudad.<\/p>\n\n\n\n<p>En su turno, la param\u00e9dico Lizbeth Orleans S\u00e1nchez, coordinadora de Capacitaci\u00f3n de la Coordinaci\u00f3n Municipal de Protecci\u00f3n Civil, explic\u00f3 que en el curso se impartieron temas sobre c\u00f3mo actuar ante una evacuaci\u00f3n por alg\u00fan incidente, el uso de los extintores, primeros auxilios con el manejo del botiqu\u00edn y la reanimaci\u00f3n cardiopulmonar (RCP).<\/p>\n\n\n\n<figure class=\"wp-block-image size-large\"><img loading=\"lazy\" width=\"1024\" height=\"682\" src=\"https:\/\/visionpeninsular.com\/mid\/wp-content\/uploads\/2024\/03\/Brigadistas-2024-03-19-at-3.02.48-PM-2-1024x682.jpeg\" alt=\"\" class=\"wp-image-185679\" srcset=\"https:\/\/visionpeninsular.com\/mid\/wp-content\/uploads\/2024\/03\/Brigadistas-2024-03-19-at-3.02.48-PM-2-1024x682.jpeg 1024w, https:\/\/visionpeninsular.com\/mid\/wp-content\/uploads\/2024\/03\/Brigadistas-2024-03-19-at-3.02.48-PM-2-300x200.jpeg 300w, https:\/\/visionpeninsular.com\/mid\/wp-content\/uploads\/2024\/03\/Brigadistas-2024-03-19-at-3.02.48-PM-2-768x512.jpeg 768w, https:\/\/visionpeninsular.com\/mid\/wp-content\/uploads\/2024\/03\/Brigadistas-2024-03-19-at-3.02.48-PM-2-310x205.jpeg 310w, https:\/\/visionpeninsular.com\/mid\/wp-content\/uploads\/2024\/03\/Brigadistas-2024-03-19-at-3.02.48-PM-2.jpeg 1280w\" sizes=\"(max-width: 1024px) 100vw, 1024px\" \/><\/figure>\n\n\n\n<p>En ese sentido, Ruz Castro felicit\u00f3 a las y los compa\u00f1eros que tomaron parte en el curso de Brigada Funcional, porque a trav\u00e9s de \u00e9l demostraron su compromiso y deseo de capacitarse para seguir cuid\u00e1ndonos entre todos.<\/p>\n\n\n\n<p>&#8220;Felicito a todas y todos los que hoy reciben reconocimientos como brigadistas funcionales del Ayuntamiento. El exhorto es a continuar fortaleciendo la cultura de la prevenci\u00f3n, abonando de esta manera a la construcci\u00f3n de una mejor ciudad para todas y todos&#8221;, expres\u00f3.<\/p>\n\n\n\n<p>En la entrega de los reconocimientos tambi\u00e9n acompa\u00f1aron al Presidente Municipal Fernando Alcocer \u00c1vila, regidor presidente de la Comisi\u00f3n Especial de Protecci\u00f3n Civil, y Armando Baqueiro, empleado municipal en representaci\u00f3n de sus compa\u00f1eras y compa\u00f1eros.<\/p>\n\n\n\n<p>De igual manera, asistieron las directoras Martha Elena G\u00f3mez Nechar, de la Unidad de Contralor\u00eda Municipal; Eira P\u00f3lito Garc\u00eda, de la Unidad de Atenci\u00f3n Ciudadana; Aura Loza \u00c1lvarez, de Catastro; Alejandra Bolio Rojas, de la Unidad de Desarrollo Sustentable, y Marisol Puerto Acevedo, encargada de la Secretar\u00eda de Participaci\u00f3n Ciudadana.<\/p>\n<div class='share-to-whatsapp-wrapper'><div class='share-on-whsp'>Share on: <\/div><a data-text='El Ayuntamiento de M\u00e9rida fortalece su cultura de prevenci\u00f3n interna' data-link='https:\/\/visionpeninsular.com\/mid\/el-ayuntamiento-de-merida-fortalece-su-cultura-de-prevencion-interna\/' class='whatsapp-button whatsapp-share'>WhatsApp<\/a><div class='clear '><\/div><\/div>","protected":false},"excerpt":{"rendered":"<p>El Alcalde Alejandro Ruz Castro entrega reconocimientos a las y los Brigadistas Multifuncionales de la Comuna. M\u00e9rida, Yucat\u00e1n, 19 de marzo de 2024.- En el Ayuntamiento se realiza un trabajo constante y responsable en materia de prevenci\u00f3n, lo que ha permitido tener una mejor capacidad de respuesta y recuperaci\u00f3n cuando se han enfrentado afectaciones, principalmente &hellip;<\/p>\n","protected":false},"author":5,"featured_media":185676,"comment_status":"open","ping_status":"open","sticky":false,"template":"","format":"standard","meta":{"_mi_skip_tracking":false},"categories":[49,37],"tags":[26810,13587,41494,2057],"_links":{"self":[{"href":"https:\/\/visionpeninsular.com\/mid\/wp-json\/wp\/v2\/posts\/185674"}],"collection":[{"href":"https:\/\/visionpeninsular.com\/mid\/wp-json\/wp\/v2\/posts"}],"about":[{"href":"https:\/\/visionpeninsular.com\/mid\/wp-json\/wp\/v2\/types\/post"}],"author":[{"embeddable":true,"href":"https:\/\/visionpeninsular.com\/mid\/wp-json\/wp\/v2\/users\/5"}],"replies":[{"embeddable":true,"href":"https:\/\/visionpeninsular.com\/mid\/wp-json\/wp\/v2\/comments?post=185674"}],"version-history":[{"count":1,"href":"https:\/\/visionpeninsular.com\/mid\/wp-json\/wp\/v2\/posts\/185674\/revisions"}],"predecessor-version":[{"id":185680,"href":"https:\/\/visionpeninsular.com\/mid\/wp-json\/wp\/v2\/posts\/185674\/revisions\/185680"}],"wp:featuredmedia":[{"embeddable":true,"href":"https:\/\/visionpeninsular.com\/mid\/wp-json\/wp\/v2\/media\/185676"}],"wp:attachment":[{"href":"https:\/\/visionpeninsular.com\/mid\/wp-json\/wp\/v2\/media?parent=185674"}],"wp:term":[{"taxonomy":"category","embeddable":true,"href":"https:\/\/visionpeninsular.com\/mid\/wp-json\/wp\/v2\/categories?post=185674"},{"taxonomy":"post_tag","embeddable":true,"href":"https:\/\/visionpeninsular.com\/mid\/wp-json\/wp\/v2\/tags?post=185674"}],"curies":[{"name":"wp","href":"https:\/\/api.w.org\/{rel}","templated":true}]}}