{"id":185666,"date":"2024-03-19T20:39:10","date_gmt":"2024-03-20T02:39:10","guid":{"rendered":"https:\/\/visionpeninsular.com\/mid\/?p=185666"},"modified":"2024-03-19T20:39:11","modified_gmt":"2024-03-20T02:39:11","slug":"de-un-escandalo-a-otro-el-diputado-macari-ahora-es-acusado-de-maltrato-animal","status":"publish","type":"post","link":"https:\/\/visionpeninsular.com\/mid\/de-un-escandalo-a-otro-el-diputado-macari-ahora-es-acusado-de-maltrato-animal\/","title":{"rendered":"De un esc\u00e1ndalo a otro, el diputado Macari ahora es acusado de maltrato animal"},"content":{"rendered":"\n<h2 class=\"has-text-align-center\">\u2022El empresario ganadero, que aspira ser legislador federal, exhibi\u00f3 su intolerancia al restringir las publicaciones en su cuenta de X<\/h2>\n\n\n\n<p>M\u00e9rida, Yucat\u00e1n, a 19 de marzo de 2024.\u2013 El diputado local Esteban Abraham Macari no sale de un esc\u00e1ndalo medi\u00e1tico para meterse en otro, incluso al grado de exhibirse como un pol\u00edtico intolerante a las cr\u00edticas, pues al primer se\u00f1alamiento por haber cometido un error procedi\u00f3 a &nbsp;restringir los comentarios en su cuenta de X.<\/p>\n\n\n\n<p>Macari, candidato a diputado federal por el Distrito 1 de la coalici\u00f3n \u201cFuerza y Coraz\u00f3n por M\u00e9xico\u201d, consigui\u00f3 el repudio en las redes sociales porque tuvo la idea de subirse en un pony, lo que internautas calificaron como maltrato animal y pidieron al PAN que le retiren de la competencia.<\/p>\n\n\n\n<p>La actriz Laisha Wilkins, quien en \u00faltimos a\u00f1os ha tenido un papel muy cr\u00edtico hacia la clase pol\u00edtica de M\u00e9xico, se fue duro contra el empresario ganadero, de origen liban\u00e9s, al escribir en su cuenta de X el siguiente mensaje: \u201cEl miserable candidato que maltrata animales. \u00a1Oye @AccionNacional amarra a tus cerdos!\u201d.<\/p>\n\n\n\n<p>El congresista escribi\u00f3 que el pony est\u00e1 bien de salud, pero al ver que los internautas no le dieron tregua y tambi\u00e9n le recordaron que est\u00e1 usurpando una candidatura que debe ser ind\u00edgena, procedi\u00f3 a limitar el n\u00famero de personas que ven sus publicaciones.<\/p>\n\n\n\n<p>Abraham Macari junto con el progrese\u00f1o Juli\u00e1n Zacar\u00edas Curi han estado en el ojo del hurac\u00e1n por usurpar identidades, pues fueron postulados por las cuotas ind\u00edgenas cuando no cumplen con ninguno de los tres criterios: v\u00ednculo con una comunidad maya, hablar la lengua materna y menos tener los apellidos que acrediten la ascendencia ind\u00edgena.<\/p>\n\n\n\n<p>Las pol\u00e9micas con el congresista no terminan, ya que fue uno de los 18 diputados y diputados que el pasado 12 de diciembre de 2023 eligi\u00f3 al entonces juez Luis Armando del Jes\u00fas Mendoza Casanova, denunciado por violencia de g\u00e9nero y liberar a un violador de una menor, como magistrado del Tribunal Superior de Justicia del Estado de Yucat\u00e1n.<\/p>\n\n\n\n<figure class=\"wp-block-image size-large\"><img loading=\"lazy\" width=\"1024\" height=\"676\" src=\"https:\/\/visionpeninsular.com\/mid\/wp-content\/uploads\/2024\/03\/WhatsApp-Image-2024-03-19-at-8.35.54-PM-1024x676.jpeg\" alt=\"\" class=\"wp-image-185668\" srcset=\"https:\/\/visionpeninsular.com\/mid\/wp-content\/uploads\/2024\/03\/WhatsApp-Image-2024-03-19-at-8.35.54-PM-1024x676.jpeg 1024w, https:\/\/visionpeninsular.com\/mid\/wp-content\/uploads\/2024\/03\/WhatsApp-Image-2024-03-19-at-8.35.54-PM-300x198.jpeg 300w, https:\/\/visionpeninsular.com\/mid\/wp-content\/uploads\/2024\/03\/WhatsApp-Image-2024-03-19-at-8.35.54-PM-768x507.jpeg 768w, https:\/\/visionpeninsular.com\/mid\/wp-content\/uploads\/2024\/03\/WhatsApp-Image-2024-03-19-at-8.35.54-PM-310x205.jpeg 310w, https:\/\/visionpeninsular.com\/mid\/wp-content\/uploads\/2024\/03\/WhatsApp-Image-2024-03-19-at-8.35.54-PM.jpeg 1200w\" sizes=\"(max-width: 1024px) 100vw, 1024px\" \/><figcaption>El empresario ganadero Esteban Abraham Macari se subi\u00f3 en un pony, acci\u00f3n que gener\u00f3 molestia de los internautas. Foto: Captura de pantalla<\/figcaption><\/figure>\n<div class='share-to-whatsapp-wrapper'><div class='share-on-whsp'>Share on: <\/div><a data-text='De un esc\u00e1ndalo a otro, el diputado Macari ahora es acusado de maltrato animal' data-link='https:\/\/visionpeninsular.com\/mid\/de-un-escandalo-a-otro-el-diputado-macari-ahora-es-acusado-de-maltrato-animal\/' class='whatsapp-button whatsapp-share'>WhatsApp<\/a><div class='clear '><\/div><\/div>","protected":false},"excerpt":{"rendered":"<p>\u2022El empresario ganadero, que aspira ser legislador federal, exhibi\u00f3 su intolerancia al restringir las publicaciones en su cuenta de X M\u00e9rida, Yucat\u00e1n, a 19 de marzo de 2024.\u2013 El diputado local Esteban Abraham Macari no sale de un esc\u00e1ndalo medi\u00e1tico para meterse en otro, incluso al grado de exhibirse como un pol\u00edtico intolerante a las &hellip;<\/p>\n","protected":false},"author":11,"featured_media":185668,"comment_status":"open","ping_status":"open","sticky":false,"template":"","format":"standard","meta":{"_mi_skip_tracking":false},"categories":[49,37],"tags":[39620,27185,31775,40494,157,516,66,449],"_links":{"self":[{"href":"https:\/\/visionpeninsular.com\/mid\/wp-json\/wp\/v2\/posts\/185666"}],"collection":[{"href":"https:\/\/visionpeninsular.com\/mid\/wp-json\/wp\/v2\/posts"}],"about":[{"href":"https:\/\/visionpeninsular.com\/mid\/wp-json\/wp\/v2\/types\/post"}],"author":[{"embeddable":true,"href":"https:\/\/visionpeninsular.com\/mid\/wp-json\/wp\/v2\/users\/11"}],"replies":[{"embeddable":true,"href":"https:\/\/visionpeninsular.com\/mid\/wp-json\/wp\/v2\/comments?post=185666"}],"version-history":[{"count":1,"href":"https:\/\/visionpeninsular.com\/mid\/wp-json\/wp\/v2\/posts\/185666\/revisions"}],"predecessor-version":[{"id":185669,"href":"https:\/\/visionpeninsular.com\/mid\/wp-json\/wp\/v2\/posts\/185666\/revisions\/185669"}],"wp:featuredmedia":[{"embeddable":true,"href":"https:\/\/visionpeninsular.com\/mid\/wp-json\/wp\/v2\/media\/185668"}],"wp:attachment":[{"href":"https:\/\/visionpeninsular.com\/mid\/wp-json\/wp\/v2\/media?parent=185666"}],"wp:term":[{"taxonomy":"category","embeddable":true,"href":"https:\/\/visionpeninsular.com\/mid\/wp-json\/wp\/v2\/categories?post=185666"},{"taxonomy":"post_tag","embeddable":true,"href":"https:\/\/visionpeninsular.com\/mid\/wp-json\/wp\/v2\/tags?post=185666"}],"curies":[{"name":"wp","href":"https:\/\/api.w.org\/{rel}","templated":true}]}}