{"id":185653,"date":"2024-03-19T16:13:59","date_gmt":"2024-03-19T22:13:59","guid":{"rendered":"https:\/\/visionpeninsular.com\/mid\/?p=185653"},"modified":"2024-03-19T16:14:00","modified_gmt":"2024-03-19T22:14:00","slug":"llevan-los-saberes-mayas-a-la-feria-de-ciencias-de-atarfe-granada-en-espana","status":"publish","type":"post","link":"https:\/\/visionpeninsular.com\/mid\/llevan-los-saberes-mayas-a-la-feria-de-ciencias-de-atarfe-granada-en-espana\/","title":{"rendered":"Llevan los saberes mayas a la Feria de Ciencias de Atarfe, Granada en Espa\u00f1a"},"content":{"rendered":"\n<p>Una delegaci\u00f3n yucateca, integrada por cuatro alumnas de las escuelas primarias \u201cJos\u00e9 Andr\u00e9s Espinosa Colonia\u201d y \u201cValent\u00edn G\u00f3mez Farias\u201d del municipio de Oxkutzcab, participa por primera ocasi\u00f3n en la Feria Internacional de Ciencia Atarfe 2024, que se realiza del 18 al 21 de marzo en el Coliseo del municipio del \u00e1rea metropolitana de Granada, Espa\u00f1a para impulsar las vocaciones cient\u00edficas de las ni\u00f1as.<\/p>\n\n\n\n<figure class=\"wp-block-image size-full\"><img loading=\"lazy\" width=\"500\" height=\"342\" src=\"https:\/\/visionpeninsular.com\/mid\/wp-content\/uploads\/2024\/03\/de-las-ninas.jpg\" alt=\"\" class=\"wp-image-185656\" srcset=\"https:\/\/visionpeninsular.com\/mid\/wp-content\/uploads\/2024\/03\/de-las-ninas.jpg 500w, https:\/\/visionpeninsular.com\/mid\/wp-content\/uploads\/2024\/03\/de-las-ninas-300x205.jpg 300w, https:\/\/visionpeninsular.com\/mid\/wp-content\/uploads\/2024\/03\/de-las-ninas-110x75.jpg 110w\" sizes=\"(max-width: 500px) 100vw, 500px\" \/><\/figure>\n\n\n\n<p>La decimoquinta edici\u00f3n de esta Feria, reunir\u00e1 a m\u00e1s de cuatro mil estudiantes, en donde Malillany Cahuich Ucan, Keydi Montes Tun, Arleth Ceh Uc y Elena Pacho G\u00f3ngora, expondr\u00e1n el proyecto \u00abCiencia Maya: una forma divertida de ense\u00f1ar matem\u00e1ticas y astronom\u00eda\u00bb, enfocado en el uso de las matem\u00e1ticas en la cultura maya, mismo que ser\u00e1 transmitido los d\u00edas 19 y 20 del mes en curso en pantallas digitales del recinto ferial a las 12 del d\u00eda y 5 de la ma\u00f1ana hora de M\u00e9xico, respectivamente.<\/p>\n\n\n\n<p>El proyecto, con el que representan a M\u00e9xico como invitadas especiales, se trata de un documental cualitativo apoyado por dos prototipos cient\u00edficos: el primero representa la rueda calend\u00e1rica maya de los calendarios Tzolkin y Haab; y el segundo, una r\u00e9plica de edificios mayas por donde se proyecta el fen\u00f3meno de luz y sombra de los equinoccios y solsticios que conforman el a\u00f1o solar.<\/p>\n\n\n\n<figure class=\"wp-block-image size-full\"><img loading=\"lazy\" width=\"500\" height=\"356\" src=\"https:\/\/visionpeninsular.com\/mid\/wp-content\/uploads\/2024\/03\/ano-solar.jpg\" alt=\"\" class=\"wp-image-185657\" srcset=\"https:\/\/visionpeninsular.com\/mid\/wp-content\/uploads\/2024\/03\/ano-solar.jpg 500w, https:\/\/visionpeninsular.com\/mid\/wp-content\/uploads\/2024\/03\/ano-solar-300x214.jpg 300w\" sizes=\"(max-width: 500px) 100vw, 500px\" \/><\/figure>\n\n\n\n<p>Asimismo, se incluye una explicaci\u00f3n sobre la lectura de estelas y glifos mayas, adem\u00e1s del calendario maya de la cuenta de 819 d\u00edas basado en los movimientos sin\u00f3dicos de los planetas visibles con relaci\u00f3n a la distancia m\u00e1s cercana a tierra.<\/p>\n\n\n\n<p>De acuerdo al maestro Fredy G\u00f3ngora Cabrera asesor del equipo mexicano, adem\u00e1s de difundir a nivel internacional la cultura, la ciencia y la astronom\u00eda basada en los conocimientos ancestrales del pueblo maya, es una forma de motivar a que m\u00e1s ni\u00f1as se interesen por la ciencia.<\/p>\n\n\n\n<figure class=\"wp-block-image size-full\"><img loading=\"lazy\" width=\"600\" height=\"337\" src=\"https:\/\/visionpeninsular.com\/mid\/wp-content\/uploads\/2024\/03\/9nteresen-por-la-ciencia.jpg\" alt=\"\" class=\"wp-image-185658\" srcset=\"https:\/\/visionpeninsular.com\/mid\/wp-content\/uploads\/2024\/03\/9nteresen-por-la-ciencia.jpg 600w, https:\/\/visionpeninsular.com\/mid\/wp-content\/uploads\/2024\/03\/9nteresen-por-la-ciencia-300x169.jpg 300w\" sizes=\"(max-width: 600px) 100vw, 600px\" \/><\/figure>\n\n\n\n<p>G\u00f3ngora Cabrera, destac\u00f3 que con anterioridad las alumnas participaron en la Expo Ciencia Estatal, en donde obtuvieron el primer lugar con los proyectos \u201cEl vuelo de las Abejas\u201d y \u201cTeor\u00eda de la Relatividad para Ni\u00f1os\u201d en 2022 y 2023 respectivamente. Asimismo; en la edici\u00f3n 2024 de la Expo Ciencia Yucat\u00e1n 2024 a realizarse en el mes de mayo, presentar\u00e1n el mismo proyecto expuesto en la ciudad europea.<\/p>\n<div class='share-to-whatsapp-wrapper'><div class='share-on-whsp'>Share on: <\/div><a data-text='Llevan los saberes mayas a la Feria de Ciencias de Atarfe, Granada en Espa\u00f1a' data-link='https:\/\/visionpeninsular.com\/mid\/llevan-los-saberes-mayas-a-la-feria-de-ciencias-de-atarfe-granada-en-espana\/' class='whatsapp-button whatsapp-share'>WhatsApp<\/a><div class='clear '><\/div><\/div>","protected":false},"excerpt":{"rendered":"<p>Una delegaci\u00f3n yucateca, integrada por cuatro alumnas de las escuelas primarias \u201cJos\u00e9 Andr\u00e9s Espinosa Colonia\u201d y \u201cValent\u00edn G\u00f3mez Farias\u201d del municipio de Oxkutzcab, participa por primera ocasi\u00f3n en la Feria Internacional de Ciencia Atarfe 2024, que se realiza del 18 al 21 de marzo en el Coliseo del municipio del \u00e1rea metropolitana de Granada, Espa\u00f1a &hellip;<\/p>\n","protected":false},"author":5,"featured_media":185655,"comment_status":"open","ping_status":"open","sticky":false,"template":"","format":"standard","meta":{"_mi_skip_tracking":false},"categories":[50,37],"tags":[41487,41485,41486],"_links":{"self":[{"href":"https:\/\/visionpeninsular.com\/mid\/wp-json\/wp\/v2\/posts\/185653"}],"collection":[{"href":"https:\/\/visionpeninsular.com\/mid\/wp-json\/wp\/v2\/posts"}],"about":[{"href":"https:\/\/visionpeninsular.com\/mid\/wp-json\/wp\/v2\/types\/post"}],"author":[{"embeddable":true,"href":"https:\/\/visionpeninsular.com\/mid\/wp-json\/wp\/v2\/users\/5"}],"replies":[{"embeddable":true,"href":"https:\/\/visionpeninsular.com\/mid\/wp-json\/wp\/v2\/comments?post=185653"}],"version-history":[{"count":1,"href":"https:\/\/visionpeninsular.com\/mid\/wp-json\/wp\/v2\/posts\/185653\/revisions"}],"predecessor-version":[{"id":185659,"href":"https:\/\/visionpeninsular.com\/mid\/wp-json\/wp\/v2\/posts\/185653\/revisions\/185659"}],"wp:featuredmedia":[{"embeddable":true,"href":"https:\/\/visionpeninsular.com\/mid\/wp-json\/wp\/v2\/media\/185655"}],"wp:attachment":[{"href":"https:\/\/visionpeninsular.com\/mid\/wp-json\/wp\/v2\/media?parent=185653"}],"wp:term":[{"taxonomy":"category","embeddable":true,"href":"https:\/\/visionpeninsular.com\/mid\/wp-json\/wp\/v2\/categories?post=185653"},{"taxonomy":"post_tag","embeddable":true,"href":"https:\/\/visionpeninsular.com\/mid\/wp-json\/wp\/v2\/tags?post=185653"}],"curies":[{"name":"wp","href":"https:\/\/api.w.org\/{rel}","templated":true}]}}