{"id":18560,"date":"2016-12-13T19:13:11","date_gmt":"2016-12-14T01:13:11","guid":{"rendered":"http:\/\/visionpeninsular.com\/mid\/?p=18560"},"modified":"2016-12-13T19:13:11","modified_gmt":"2016-12-14T01:13:11","slug":"convocatoria-a-trabajadores-yucatecos-laborar-en-espana","status":"publish","type":"post","link":"https:\/\/visionpeninsular.com\/mid\/convocatoria-a-trabajadores-yucatecos-laborar-en-espana\/","title":{"rendered":"Convocatoria  a trabajadores yucatecos para laborar en Espa\u00f1a"},"content":{"rendered":"<p>El secretario general de la CROC, Pedro Oxt\u00e9 Conrado, revel\u00f3 que luego del env\u00edo de trabajadores de Yucat\u00e1n hacia Canad\u00e1, la Confederaci\u00f3n Revolucionaria de Obreros y Campesinos (CROC), inform\u00f3 que ha abierto la convocatoria  para llevar fuerza laboral a Espa\u00f1a para las \u00e1reas del sector de las tecnolog\u00edas de la informaci\u00f3n. E n las \u00faltimas semanas ya enviaron a 10 yucatecos que alcanzaron un contrato indefinido.<\/p>\n<p>\u201cEl perfil de profesional que requiere Espa\u00f1a es el relacionado con las tecnolog\u00edas, la demanda mundial de la mano de obra es en este rubro, se trata de investigadores, en este momento hay diez personas que ya se fueron a Espa\u00f1a a trav\u00e9s de v\u00ednculos que la CROC ha tenido\u201d, afirm\u00f3.<br \/>\nOxt\u00e9 Conrado expuso que el salario que ofrece el pa\u00eds europeo es mejor al mexicano, pero no precis\u00f3 los montos.<\/p>\n<p>Este a\u00f1o se enviaron a 200 yucatecos a Canad\u00e1 en puestos como operadores de tr\u00e1iler, enfermeras y ni\u00f1eras.  Agreg\u00f3 que mantiene contacto con los trabajadores yucatecos enviados, con sus familiares y que les dar\u00e1n seguimiento a sus situaciones.<\/p>\n<p>\u201cEn el sector de las tecnolog\u00edas de la informaci\u00f3n tambi\u00e9n se desarrollan mucho los j\u00f3venes, y son los que no encuentran trabajo aqu\u00ed y se van a otra parte. Buscamos nuevos puntos de trabajo en el extranjero para los yucatecos\u201d, indic\u00f3. Asimismo,  detall\u00f3 que el contrato no tiene un tiempo l\u00edmite establecido.<\/p>\n<p>\u201cEl trabajo en Canad\u00e1 es por a\u00f1o, y dependiendo de c\u00f3mo se vayan acostumbrando a la forma de vida, pues se van quedando o regresan\u201d, explic\u00f3.<br \/>\nAgreg\u00f3 que durante el pr\u00f3ximo congreso internacional del trabajo en Bogot\u00e1, Colombia, se investigar\u00e1 las estad\u00edsticas de ocupaci\u00f3n de mexicanos a nivel internacional.<\/p>\n<p>\u201cHemos creado la asociaci\u00f3n Alternancia Democr\u00e1tica Sindical para los sindicatos y confederaciones libres en Am\u00e9rica, esto obedece a que en otras organizaciones no se practica la democracia y creemos que es importante que haya una agrupaci\u00f3n que represente realmente los intereses de la clase trabajadora\u201d, puntualiz\u00f3. Dijo que buscan puntos internacionales para enviar fuerza laboral de Yucat\u00e1n.<\/p>\n<div class='share-to-whatsapp-wrapper'><div class='share-on-whsp'>Share on: <\/div><a data-text='Convocatoria  a trabajadores yucatecos para laborar en Espa\u00f1a' data-link='https:\/\/visionpeninsular.com\/mid\/convocatoria-a-trabajadores-yucatecos-laborar-en-espana\/' class='whatsapp-button whatsapp-share'>WhatsApp<\/a><div class='clear '><\/div><\/div>","protected":false},"excerpt":{"rendered":"<p>El secretario general de la CROC, Pedro Oxt\u00e9 Conrado, revel\u00f3 que luego del env\u00edo de trabajadores de Yucat\u00e1n hacia Canad\u00e1, la Confederaci\u00f3n Revolucionaria de Obreros y Campesinos (CROC), inform\u00f3 que ha abierto la convocatoria para llevar fuerza laboral a Espa\u00f1a para las \u00e1reas del sector de las tecnolog\u00edas de la informaci\u00f3n. E n las \u00faltimas &hellip;<\/p>\n","protected":false},"author":5,"featured_media":18562,"comment_status":"open","ping_status":"open","sticky":false,"template":"","format":"standard","meta":{"_mi_skip_tracking":false},"categories":[50],"tags":[1004,1840,4372,4373],"_links":{"self":[{"href":"https:\/\/visionpeninsular.com\/mid\/wp-json\/wp\/v2\/posts\/18560"}],"collection":[{"href":"https:\/\/visionpeninsular.com\/mid\/wp-json\/wp\/v2\/posts"}],"about":[{"href":"https:\/\/visionpeninsular.com\/mid\/wp-json\/wp\/v2\/types\/post"}],"author":[{"embeddable":true,"href":"https:\/\/visionpeninsular.com\/mid\/wp-json\/wp\/v2\/users\/5"}],"replies":[{"embeddable":true,"href":"https:\/\/visionpeninsular.com\/mid\/wp-json\/wp\/v2\/comments?post=18560"}],"version-history":[{"count":1,"href":"https:\/\/visionpeninsular.com\/mid\/wp-json\/wp\/v2\/posts\/18560\/revisions"}],"predecessor-version":[{"id":18563,"href":"https:\/\/visionpeninsular.com\/mid\/wp-json\/wp\/v2\/posts\/18560\/revisions\/18563"}],"wp:featuredmedia":[{"embeddable":true,"href":"https:\/\/visionpeninsular.com\/mid\/wp-json\/wp\/v2\/media\/18562"}],"wp:attachment":[{"href":"https:\/\/visionpeninsular.com\/mid\/wp-json\/wp\/v2\/media?parent=18560"}],"wp:term":[{"taxonomy":"category","embeddable":true,"href":"https:\/\/visionpeninsular.com\/mid\/wp-json\/wp\/v2\/categories?post=18560"},{"taxonomy":"post_tag","embeddable":true,"href":"https:\/\/visionpeninsular.com\/mid\/wp-json\/wp\/v2\/tags?post=18560"}],"curies":[{"name":"wp","href":"https:\/\/api.w.org\/{rel}","templated":true}]}}