{"id":185569,"date":"2024-03-18T11:01:17","date_gmt":"2024-03-18T17:01:17","guid":{"rendered":"https:\/\/visionpeninsular.com\/mid\/?p=185569"},"modified":"2024-03-18T11:01:18","modified_gmt":"2024-03-18T17:01:18","slug":"con-nuevas-y-modernas-unidades-inicio-la-ruta-69-madero-juan-pablo-ii","status":"publish","type":"post","link":"https:\/\/visionpeninsular.com\/mid\/con-nuevas-y-modernas-unidades-inicio-la-ruta-69-madero-juan-pablo-ii\/","title":{"rendered":"Con nuevas y modernas unidades, inici\u00f3 la ruta 69 Madero \u2013 Juan Pablo II"},"content":{"rendered":"\n<ul><li><strong><em>El titular de la ATY, Rafael Hern\u00e1ndez Kotasek anunci\u00f3 que esta primera semana los trayectos ser\u00e1n completamente gratis<\/em><\/strong><\/li><\/ul>\n\n\n\n<p>M\u00e9rida, Yucat\u00e1n, 16 de marzo de 2024.-La transformaci\u00f3n de la movilidad contin\u00faa en Yucat\u00e1n con la incorporaci\u00f3n de la ruta 69 Madero \u2013 Juan Pablo II, al Sistema Va y Ven, que desde hoy permitir\u00e1 a los usuarios gozar de un servicio de transporte p\u00fablico a la altura, con traslados m\u00e1s \u00e1giles y eficientes a bordo de unidades c\u00f3modas y modernas.<\/p>\n\n\n\n<figure class=\"wp-block-image size-large\"><img loading=\"lazy\" width=\"1024\" height=\"682\" src=\"https:\/\/visionpeninsular.com\/mid\/wp-content\/uploads\/2024\/03\/nueva-ruta-2-1024x682.jpg\" alt=\"\" class=\"wp-image-185572\" srcset=\"https:\/\/visionpeninsular.com\/mid\/wp-content\/uploads\/2024\/03\/nueva-ruta-2-1024x682.jpg 1024w, https:\/\/visionpeninsular.com\/mid\/wp-content\/uploads\/2024\/03\/nueva-ruta-2-300x200.jpg 300w, https:\/\/visionpeninsular.com\/mid\/wp-content\/uploads\/2024\/03\/nueva-ruta-2-768x512.jpg 768w, https:\/\/visionpeninsular.com\/mid\/wp-content\/uploads\/2024\/03\/nueva-ruta-2-310x205.jpg 310w, https:\/\/visionpeninsular.com\/mid\/wp-content\/uploads\/2024\/03\/nueva-ruta-2.jpg 1280w\" sizes=\"(max-width: 1024px) 100vw, 1024px\" \/><\/figure>\n\n\n\n<p>La ruta estar\u00e1 operando con 8 modernas unidades todos los d\u00edas de 5 de la ma\u00f1ana a 11 de la noche con frecuencias de 9 minutos, lo que quiere decir que, la gente esperar\u00e1 menos, ya que antes funcionaba con tan solo 5 autobuses toda la semana.&nbsp;<\/p>\n\n\n\n<figure class=\"wp-block-image size-full\"><img loading=\"lazy\" width=\"500\" height=\"333\" src=\"https:\/\/visionpeninsular.com\/mid\/wp-content\/uploads\/2024\/03\/ruta-nueva-4.jpg\" alt=\"\" class=\"wp-image-185573\" srcset=\"https:\/\/visionpeninsular.com\/mid\/wp-content\/uploads\/2024\/03\/ruta-nueva-4.jpg 500w, https:\/\/visionpeninsular.com\/mid\/wp-content\/uploads\/2024\/03\/ruta-nueva-4-300x200.jpg 300w, https:\/\/visionpeninsular.com\/mid\/wp-content\/uploads\/2024\/03\/ruta-nueva-4-310x205.jpg 310w\" sizes=\"(max-width: 500px) 100vw, 500px\" \/><\/figure>\n\n\n\n<p>El titular de la Agencia de Transporte de Yucat\u00e1n (ATY), Rafael Hern\u00e1ndez Kotasek destac\u00f3 que, esta ruta es la primera que sacan para toda la zona Poniente que sale del centro a 1 cuadra de San Juan hacia Juan Pablo II, pasando por la colonia Madero y Xocl\u00e1n.&nbsp; \u201cEs de las rutas m\u00e1s fuertes que tenemos en esta zona, esperamos mover a unas 5 mil personas al d\u00eda\u201d, destac\u00f3.<\/p>\n\n\n\n<figure class=\"wp-block-image size-full\"><img loading=\"lazy\" width=\"500\" height=\"333\" src=\"https:\/\/visionpeninsular.com\/mid\/wp-content\/uploads\/2024\/03\/ruta-nueva-5.jpg\" alt=\"\" class=\"wp-image-185574\" srcset=\"https:\/\/visionpeninsular.com\/mid\/wp-content\/uploads\/2024\/03\/ruta-nueva-5.jpg 500w, https:\/\/visionpeninsular.com\/mid\/wp-content\/uploads\/2024\/03\/ruta-nueva-5-300x200.jpg 300w, https:\/\/visionpeninsular.com\/mid\/wp-content\/uploads\/2024\/03\/ruta-nueva-5-310x205.jpg 310w\" sizes=\"(max-width: 500px) 100vw, 500px\" \/><\/figure>\n\n\n\n<p>Hern\u00e1ndez Kotasek dio a conocer que, con el fin de que la gente vaya conociendo y adapt\u00e1ndose al moderno servicio Va y Ven, as\u00ed como al sistema de pago electr\u00f3nico, esta primera semana los trayectos ser\u00e1n completamente gratis.<\/p>\n\n\n\n<figure class=\"wp-block-image size-full\"><img loading=\"lazy\" width=\"500\" height=\"362\" src=\"https:\/\/visionpeninsular.com\/mid\/wp-content\/uploads\/2024\/03\/ruta-nueva-6.jpg\" alt=\"\" class=\"wp-image-185575\" srcset=\"https:\/\/visionpeninsular.com\/mid\/wp-content\/uploads\/2024\/03\/ruta-nueva-6.jpg 500w, https:\/\/visionpeninsular.com\/mid\/wp-content\/uploads\/2024\/03\/ruta-nueva-6-300x217.jpg 300w\" sizes=\"(max-width: 500px) 100vw, 500px\" \/><\/figure>\n\n\n\n<p>Los nuevos autobuses puestos en operaci\u00f3n este d\u00eda forman parte de las 616 unidades, entre convencionales e h\u00edbridas, que estar\u00e1n llegando al estado entre marzo y agosto para brindar servicio en 70 rutas y continuar mejorando el transporte p\u00fablico en favor de los yucatecos.<\/p>\n\n\n\n<figure class=\"wp-block-image size-full\"><img loading=\"lazy\" width=\"500\" height=\"333\" src=\"https:\/\/visionpeninsular.com\/mid\/wp-content\/uploads\/2024\/03\/ruta-nueva-7.jpg\" alt=\"\" class=\"wp-image-185576\" srcset=\"https:\/\/visionpeninsular.com\/mid\/wp-content\/uploads\/2024\/03\/ruta-nueva-7.jpg 500w, https:\/\/visionpeninsular.com\/mid\/wp-content\/uploads\/2024\/03\/ruta-nueva-7-300x200.jpg 300w, https:\/\/visionpeninsular.com\/mid\/wp-content\/uploads\/2024\/03\/ruta-nueva-7-310x205.jpg 310w\" sizes=\"(max-width: 500px) 100vw, 500px\" \/><\/figure>\n\n\n\n<p>Dichas unidades son completamente modernas y cuentan con accesibilidad universal, entrada baja, rampa para personas en silla de ruedas, piso podot\u00e1ctil y sistema braille, 5 c\u00e1maras de seguridad, espacio para silla de ruedas, anuncio luminoso led, rack para bicicletas, cargadores USB, internet gratuito, aire acondicionado y GPS para rastreo a trav\u00e9s de la aplicaci\u00f3n Va y Ven.<\/p>\n\n\n\n<p>Para que la gente pueda tramitar su credencial de tarifa social se instalaron m\u00f3dulos itinerantes en los siguientes puntos de la ciudad: Parque Eulogio Rosado, Gran Plaza, Parque Lineal Los Paseos y la Ventanilla \u00danica Estatal. Los horarios pueden ser consultados en las redes sociales de la ATY.<\/p>\n\n\n\n<figure class=\"wp-block-image size-full\"><img loading=\"lazy\" width=\"500\" height=\"333\" src=\"https:\/\/visionpeninsular.com\/mid\/wp-content\/uploads\/2024\/03\/ruta-nueva-8.jpg\" alt=\"\" class=\"wp-image-185577\" srcset=\"https:\/\/visionpeninsular.com\/mid\/wp-content\/uploads\/2024\/03\/ruta-nueva-8.jpg 500w, https:\/\/visionpeninsular.com\/mid\/wp-content\/uploads\/2024\/03\/ruta-nueva-8-300x200.jpg 300w, https:\/\/visionpeninsular.com\/mid\/wp-content\/uploads\/2024\/03\/ruta-nueva-8-310x205.jpg 310w\" sizes=\"(max-width: 500px) 100vw, 500px\" \/><\/figure>\n\n\n\n<p>Hay que recordar que, con este novedoso sistema hay tarifa social todo el a\u00f1o, incluso en vacaciones, para estudiantes y adultos mayores y gratis para personas con discapacidad, con transbordos gratuitos y descuentos con las dem\u00e1s rutas Va y Ven, adem\u00e1s que la tarjeta inteligente se puede comprar y recargar en cualquier cajero inteligente, Oxxo, Dunosusa, Super Willys y Super Aki sin cargo por comisi\u00f3n.<\/p>\n\n\n\n<p>A inicios de 2018, el promedio de flota de las unidades era de 16 a\u00f1os y en tan solo 6 a\u00f1os, en 2024, los yucatecos vamos a tener un promedio de flota de las unidades de 4 a\u00f1os y ser\u00e1 la flota con menos antig\u00fcedad de todo el pa\u00eds.<\/p>\n\n\n\n<figure class=\"wp-block-image size-full\"><img loading=\"lazy\" width=\"500\" height=\"333\" src=\"https:\/\/visionpeninsular.com\/mid\/wp-content\/uploads\/2024\/03\/ruta-nueva-7.jpg\" alt=\"\" class=\"wp-image-185576\" srcset=\"https:\/\/visionpeninsular.com\/mid\/wp-content\/uploads\/2024\/03\/ruta-nueva-7.jpg 500w, https:\/\/visionpeninsular.com\/mid\/wp-content\/uploads\/2024\/03\/ruta-nueva-7-300x200.jpg 300w, https:\/\/visionpeninsular.com\/mid\/wp-content\/uploads\/2024\/03\/ruta-nueva-7-310x205.jpg 310w\" sizes=\"(max-width: 500px) 100vw, 500px\" \/><\/figure>\n\n\n\n<p>Es decir, para agosto 2024 se habr\u00e1 renovado el 90% de la flota de unidades, lo que significa que m\u00e1s del 61% de la poblaci\u00f3n tendr\u00e1 acceso a este novedoso sistema, siendo parte de estos cambios sin precedentes.<\/p>\n<div class='share-to-whatsapp-wrapper'><div class='share-on-whsp'>Share on: <\/div><a data-text='Con nuevas y modernas unidades, inici\u00f3 la ruta 69 Madero \u2013 Juan Pablo II' data-link='https:\/\/visionpeninsular.com\/mid\/con-nuevas-y-modernas-unidades-inicio-la-ruta-69-madero-juan-pablo-ii\/' class='whatsapp-button whatsapp-share'>WhatsApp<\/a><div class='clear '><\/div><\/div>","protected":false},"excerpt":{"rendered":"<p>El titular de la ATY, Rafael Hern\u00e1ndez Kotasek anunci\u00f3 que esta primera semana los trayectos ser\u00e1n completamente gratis M\u00e9rida, Yucat\u00e1n, 16 de marzo de 2024.-La transformaci\u00f3n de la movilidad contin\u00faa en Yucat\u00e1n con la incorporaci\u00f3n de la ruta 69 Madero \u2013 Juan Pablo II, al Sistema Va y Ven, que desde hoy permitir\u00e1 a los &hellip;<\/p>\n","protected":false},"author":5,"featured_media":185571,"comment_status":"open","ping_status":"open","sticky":false,"template":"","format":"standard","meta":{"_mi_skip_tracking":false},"categories":[49,37],"tags":[39343,185,14672,41456,39169],"_links":{"self":[{"href":"https:\/\/visionpeninsular.com\/mid\/wp-json\/wp\/v2\/posts\/185569"}],"collection":[{"href":"https:\/\/visionpeninsular.com\/mid\/wp-json\/wp\/v2\/posts"}],"about":[{"href":"https:\/\/visionpeninsular.com\/mid\/wp-json\/wp\/v2\/types\/post"}],"author":[{"embeddable":true,"href":"https:\/\/visionpeninsular.com\/mid\/wp-json\/wp\/v2\/users\/5"}],"replies":[{"embeddable":true,"href":"https:\/\/visionpeninsular.com\/mid\/wp-json\/wp\/v2\/comments?post=185569"}],"version-history":[{"count":1,"href":"https:\/\/visionpeninsular.com\/mid\/wp-json\/wp\/v2\/posts\/185569\/revisions"}],"predecessor-version":[{"id":185578,"href":"https:\/\/visionpeninsular.com\/mid\/wp-json\/wp\/v2\/posts\/185569\/revisions\/185578"}],"wp:featuredmedia":[{"embeddable":true,"href":"https:\/\/visionpeninsular.com\/mid\/wp-json\/wp\/v2\/media\/185571"}],"wp:attachment":[{"href":"https:\/\/visionpeninsular.com\/mid\/wp-json\/wp\/v2\/media?parent=185569"}],"wp:term":[{"taxonomy":"category","embeddable":true,"href":"https:\/\/visionpeninsular.com\/mid\/wp-json\/wp\/v2\/categories?post=185569"},{"taxonomy":"post_tag","embeddable":true,"href":"https:\/\/visionpeninsular.com\/mid\/wp-json\/wp\/v2\/tags?post=185569"}],"curies":[{"name":"wp","href":"https:\/\/api.w.org\/{rel}","templated":true}]}}