{"id":185097,"date":"2024-03-07T13:28:10","date_gmt":"2024-03-07T19:28:10","guid":{"rendered":"https:\/\/visionpeninsular.com\/mid\/?p=185097"},"modified":"2024-03-07T13:28:11","modified_gmt":"2024-03-07T19:28:11","slug":"en-merida-y-otros-municipios-marchas-por-8m-contra-la-violencia","status":"publish","type":"post","link":"https:\/\/visionpeninsular.com\/mid\/en-merida-y-otros-municipios-marchas-por-8m-contra-la-violencia\/","title":{"rendered":"En M\u00e9rida y otros municipios, marchas por 8M contra la violencia"},"content":{"rendered":"\n<p>Diversos municipios de Yucat\u00e1n se est\u00e1n preparando para conmemorar el D\u00eda Internacional de la Mujer el pr\u00f3ximo 8 de marzo #8M, con actividades programadas en diferentes puntos del estado, se pide sea un evento sin protagonistas, apartidista, antipatriarcal y transincluyente.<\/p>\n\n\n\n<p>&nbsp;Este d\u00eda no se trata de una festividad, sino de una fecha para reflexionar y concientizar sobre la situaci\u00f3n de violencia que viven miles de mujeres y ni\u00f1as en M\u00e9xico.<\/p>\n\n\n\n<p>En M\u00e9rida, se espera la mayor concentraci\u00f3n, con la salida prevista a las 18:00 horas desde el Monumento a la Patria, encabezada por diversos colectivos que se han unido para una manifestaci\u00f3n que ser\u00e1 transincluyente.<\/p>\n\n\n\n<figure class=\"wp-block-image size-full\"><img loading=\"lazy\" width=\"500\" height=\"500\" src=\"https:\/\/visionpeninsular.com\/mid\/wp-content\/uploads\/2024\/03\/8m-discapa.jpg\" alt=\"\" class=\"wp-image-185100\" srcset=\"https:\/\/visionpeninsular.com\/mid\/wp-content\/uploads\/2024\/03\/8m-discapa.jpg 500w, https:\/\/visionpeninsular.com\/mid\/wp-content\/uploads\/2024\/03\/8m-discapa-300x300.jpg 300w, https:\/\/visionpeninsular.com\/mid\/wp-content\/uploads\/2024\/03\/8m-discapa-150x150.jpg 150w\" sizes=\"(max-width: 500px) 100vw, 500px\" \/><\/figure>\n\n\n\n<p><strong>Mujeres con discapacidad en el #8M<\/strong><\/p>\n\n\n\n<p>Adem\u00e1s,&nbsp; en la capital yucateca destaca la convocatoria al #8M de un colectivo de mujeres con discapacidad y aliadas, que buscan visibilizar la situaci\u00f3n de violencias y discriminaci\u00f3n que viven.<\/p>\n\n\n\n<figure class=\"wp-block-image size-full\"><img loading=\"lazy\" width=\"400\" height=\"400\" src=\"https:\/\/visionpeninsular.com\/mid\/wp-content\/uploads\/2024\/03\/8m-valladolid.jpg\" alt=\"\" class=\"wp-image-185103\" srcset=\"https:\/\/visionpeninsular.com\/mid\/wp-content\/uploads\/2024\/03\/8m-valladolid.jpg 400w, https:\/\/visionpeninsular.com\/mid\/wp-content\/uploads\/2024\/03\/8m-valladolid-300x300.jpg 300w, https:\/\/visionpeninsular.com\/mid\/wp-content\/uploads\/2024\/03\/8m-valladolid-150x150.jpg 150w\" sizes=\"(max-width: 400px) 100vw, 400px\" \/><\/figure>\n\n\n\n<p>En Valladolid, la cita es a las 16:00 horas en el Parque de Bacalar, con una invitaci\u00f3n que destaca la importancia de la conmemoraci\u00f3n \u00abPor nuestras ni\u00f1as, adolescentes, ind\u00edgenas, afrodescendientes, por las v\u00edctimas de feminicidio, por las mujeres desaparecidas, nuestras hermanas privadas de la libertad y todas aquellas que han sido olvidadas\u00bb.<\/p>\n\n\n\n<figure class=\"wp-block-image size-full\"><img loading=\"lazy\" width=\"500\" height=\"419\" src=\"https:\/\/visionpeninsular.com\/mid\/wp-content\/uploads\/2024\/03\/uman.jpg\" alt=\"\" class=\"wp-image-185101\" srcset=\"https:\/\/visionpeninsular.com\/mid\/wp-content\/uploads\/2024\/03\/uman.jpg 500w, https:\/\/visionpeninsular.com\/mid\/wp-content\/uploads\/2024\/03\/uman-300x251.jpg 300w\" sizes=\"(max-width: 500px) 100vw, 500px\" \/><\/figure>\n\n\n\n<p>En Um\u00e1n, el colectivo Feministas Humanitarias ha convocado a la Marcha Pac\u00edfica 8M, con salida a las 18:00 horas desde el Registro Civil de la localidad.<\/p>\n\n\n\n<figure class=\"wp-block-image size-full\"><img loading=\"lazy\" width=\"400\" height=\"565\" src=\"https:\/\/visionpeninsular.com\/mid\/wp-content\/uploads\/2024\/03\/8M-ticul.jpg\" alt=\"\" class=\"wp-image-185102\" srcset=\"https:\/\/visionpeninsular.com\/mid\/wp-content\/uploads\/2024\/03\/8M-ticul.jpg 400w, https:\/\/visionpeninsular.com\/mid\/wp-content\/uploads\/2024\/03\/8M-ticul-212x300.jpg 212w\" sizes=\"(max-width: 400px) 100vw, 400px\" \/><\/figure>\n\n\n\n<p>Ticul se une a la conmemoraci\u00f3n con la convocatoria \u00abMarchemos Juntas sin Miedo\u00bb, organizada por el grupo \u00abFlores de Hokab\u00bb, desde el Parque de San Enrique a las 17:00 horas.<\/p>\n\n\n\n<figure class=\"wp-block-image size-full\"><img loading=\"lazy\" width=\"500\" height=\"640\" src=\"https:\/\/visionpeninsular.com\/mid\/wp-content\/uploads\/2024\/03\/8M-motul.jpg\" alt=\"\" class=\"wp-image-185104\" srcset=\"https:\/\/visionpeninsular.com\/mid\/wp-content\/uploads\/2024\/03\/8M-motul.jpg 500w, https:\/\/visionpeninsular.com\/mid\/wp-content\/uploads\/2024\/03\/8M-motul-234x300.jpg 234w\" sizes=\"(max-width: 500px) 100vw, 500px\" \/><\/figure>\n\n\n\n<p>Motul tambi\u00e9n participar\u00e1 con su \u00abMarcha Violeta\u00bb a partir de las 16:30 horas, que iniciar\u00e1 en la calle 27 con 30 del municipio.<\/p>\n\n\n\n<p>Las autoridades en M\u00e9rida han tapiado monumentos en Paseo de Montejo y edificios como el Palacio de Gobierno para evitar que las colectivas que participan en la marcha por el #8M los intervengan. En la marcha, se exige un alto a la violencia feminicida en Yucat\u00e1n y en el pa\u00eds.<\/p>\n<div class='share-to-whatsapp-wrapper'><div class='share-on-whsp'>Share on: <\/div><a data-text='En M\u00e9rida y otros municipios, marchas por 8M contra la violencia' data-link='https:\/\/visionpeninsular.com\/mid\/en-merida-y-otros-municipios-marchas-por-8m-contra-la-violencia\/' class='whatsapp-button whatsapp-share'>WhatsApp<\/a><div class='clear '><\/div><\/div>","protected":false},"excerpt":{"rendered":"<p>Diversos municipios de Yucat\u00e1n se est\u00e1n preparando para conmemorar el D\u00eda Internacional de la Mujer el pr\u00f3ximo 8 de marzo #8M, con actividades programadas en diferentes puntos del estado, se pide sea un evento sin protagonistas, apartidista, antipatriarcal y transincluyente. &nbsp;Este d\u00eda no se trata de una festividad, sino de una fecha para reflexionar y &hellip;<\/p>\n","protected":false},"author":5,"featured_media":185099,"comment_status":"open","ping_status":"open","sticky":false,"template":"","format":"standard","meta":{"_mi_skip_tracking":false},"categories":[49,37],"tags":[15070,5562,41267],"_links":{"self":[{"href":"https:\/\/visionpeninsular.com\/mid\/wp-json\/wp\/v2\/posts\/185097"}],"collection":[{"href":"https:\/\/visionpeninsular.com\/mid\/wp-json\/wp\/v2\/posts"}],"about":[{"href":"https:\/\/visionpeninsular.com\/mid\/wp-json\/wp\/v2\/types\/post"}],"author":[{"embeddable":true,"href":"https:\/\/visionpeninsular.com\/mid\/wp-json\/wp\/v2\/users\/5"}],"replies":[{"embeddable":true,"href":"https:\/\/visionpeninsular.com\/mid\/wp-json\/wp\/v2\/comments?post=185097"}],"version-history":[{"count":1,"href":"https:\/\/visionpeninsular.com\/mid\/wp-json\/wp\/v2\/posts\/185097\/revisions"}],"predecessor-version":[{"id":185105,"href":"https:\/\/visionpeninsular.com\/mid\/wp-json\/wp\/v2\/posts\/185097\/revisions\/185105"}],"wp:featuredmedia":[{"embeddable":true,"href":"https:\/\/visionpeninsular.com\/mid\/wp-json\/wp\/v2\/media\/185099"}],"wp:attachment":[{"href":"https:\/\/visionpeninsular.com\/mid\/wp-json\/wp\/v2\/media?parent=185097"}],"wp:term":[{"taxonomy":"category","embeddable":true,"href":"https:\/\/visionpeninsular.com\/mid\/wp-json\/wp\/v2\/categories?post=185097"},{"taxonomy":"post_tag","embeddable":true,"href":"https:\/\/visionpeninsular.com\/mid\/wp-json\/wp\/v2\/tags?post=185097"}],"curies":[{"name":"wp","href":"https:\/\/api.w.org\/{rel}","templated":true}]}}