{"id":184832,"date":"2024-03-01T11:38:31","date_gmt":"2024-03-01T17:38:31","guid":{"rendered":"https:\/\/visionpeninsular.com\/mid\/?p=184832"},"modified":"2024-03-01T11:38:32","modified_gmt":"2024-03-01T17:38:32","slug":"renombraran-calles-de-merida-en-memoria-de-feministas-yucatecas","status":"publish","type":"post","link":"https:\/\/visionpeninsular.com\/mid\/renombraran-calles-de-merida-en-memoria-de-feministas-yucatecas\/","title":{"rendered":"Renombrar\u00e1n calles de M\u00e9rida en memoria de feministas yucatecas"},"content":{"rendered":"\n<p>En la sesi\u00f3n ordinaria celebrada en la Sala de Cabildo \u00abRosa Torre Gonz\u00e1lez\u00bb, los regidores aprobaron la propuesta del alcalde Alejandro Ruz Castro de renombrar varias calles en M\u00e9rida en memoria de destacadas feministas yucatecas.<\/p>\n\n\n\n<p>La calle 35, en tramos del Fraccionamiento Pol\u00edgono 108 y las colonias Nuevo Yucat\u00e1n y San Nicol\u00e1s, se llamar\u00e1 Avenida Elvia Carrillo Puerto, Avenida Rita Cetina Guti\u00e9rrez y Felipa Poot Tzuc, respectivamente en honor a estas destacas feministas yucatecas.<\/p>\n\n\n\n<p>Esta decisi\u00f3n se tom\u00f3 considerando el homenaje realizado previamente a la calle 35 como Avenida \u201cRosa Torre Gonz\u00e1lez\u201d.<\/p>\n\n\n\n<p>El alcalde explic\u00f3 que estas mujeres fueron figuras destacadas en la lucha por los derechos femeninos y que esta medida es un reconocimiento a su legado en la entidad.<\/p>\n\n\n\n<p><strong>Autorizan convenios de colaboraci\u00f3n<\/strong><\/p>\n\n\n\n<p>Adem\u00e1s, el Cabildo autoriz\u00f3 la firma de dos convenios de colaboraci\u00f3n con el Instituto de Formaci\u00f3n Policial del Estado de Chiapas para capacitar a la Polic\u00eda Municipal de M\u00e9rida en diversos aspectos, con el objetivo de mantener altos est\u00e1ndares de seguridad en la ciudad.<\/p>\n\n\n\n<p>Se aprob\u00f3 tambi\u00e9n el dictamen de viabilidad para concesionar locales en varios mercados municipales, con el fin de brindar certeza jur\u00eddica a los comerciantes. Asimismo, se acept\u00f3 en donaci\u00f3n vialidades y predios en diferentes fraccionamientos de la ciudad.<\/p>\n\n\n\n<p>En materia de obra p\u00fablica, se autoriz\u00f3 una serie de licitaciones para adquirir materiales y servicios destinados a mejorar la infraestructura urbana y vial en distintas zonas de M\u00e9rida. Adem\u00e1s, se otorg\u00f3 un subsidio al Organismo Municipal Descentralizado \u00abAbastos de M\u00e9rida\u00bb.<\/p>\n\n\n\n<p>En una Sesi\u00f3n Extraordinaria previa, el Cabildo aprob\u00f3 acciones para cumplir con una ejecutoria de amparo relacionada con el pago de luminarias, solicitando asesor\u00eda al Congreso del Estado para resolver este tema sin afectar los servicios p\u00fablicos ni el patrimonio municipal.<\/p>\n\n\n\n<p>Se despiden cuatro regidores<\/p>\n\n\n\n<p>Finalmente, el Cabildo aprob\u00f3 las solicitudes de licencia para separarse del cargo por tiempo indefinido de las regidoras Hilda Paulina Peniche Rodr\u00edguez, Mar\u00eda Fernanda Vivas Sierra y Elisa Johanna Z\u00fa\u00f1iga Arellano y del regidor \u00c1lvaro Cetina Puerto; as\u00ed como tambi\u00e9n, de la directora de la Oficina de la Presidencia, Valerie Amador Hurtado y el director de la Unidad de Planeaci\u00f3n y Gesti\u00f3n, Mart\u00edn Uicab Flores.<\/p>\n<div class='share-to-whatsapp-wrapper'><div class='share-on-whsp'>Share on: <\/div><a data-text='Renombrar\u00e1n calles de M\u00e9rida en memoria de feministas yucatecas' data-link='https:\/\/visionpeninsular.com\/mid\/renombraran-calles-de-merida-en-memoria-de-feministas-yucatecas\/' class='whatsapp-button whatsapp-share'>WhatsApp<\/a><div class='clear '><\/div><\/div>","protected":false},"excerpt":{"rendered":"<p>En la sesi\u00f3n ordinaria celebrada en la Sala de Cabildo \u00abRosa Torre Gonz\u00e1lez\u00bb, los regidores aprobaron la propuesta del alcalde Alejandro Ruz Castro de renombrar varias calles en M\u00e9rida en memoria de destacadas feministas yucatecas. La calle 35, en tramos del Fraccionamiento Pol\u00edgono 108 y las colonias Nuevo Yucat\u00e1n y San Nicol\u00e1s, se llamar\u00e1 Avenida &hellip;<\/p>\n","protected":false},"author":5,"featured_media":184835,"comment_status":"open","ping_status":"open","sticky":false,"template":"","format":"standard","meta":{"_mi_skip_tracking":false},"categories":[49,37],"tags":[26810,13587,41151],"_links":{"self":[{"href":"https:\/\/visionpeninsular.com\/mid\/wp-json\/wp\/v2\/posts\/184832"}],"collection":[{"href":"https:\/\/visionpeninsular.com\/mid\/wp-json\/wp\/v2\/posts"}],"about":[{"href":"https:\/\/visionpeninsular.com\/mid\/wp-json\/wp\/v2\/types\/post"}],"author":[{"embeddable":true,"href":"https:\/\/visionpeninsular.com\/mid\/wp-json\/wp\/v2\/users\/5"}],"replies":[{"embeddable":true,"href":"https:\/\/visionpeninsular.com\/mid\/wp-json\/wp\/v2\/comments?post=184832"}],"version-history":[{"count":1,"href":"https:\/\/visionpeninsular.com\/mid\/wp-json\/wp\/v2\/posts\/184832\/revisions"}],"predecessor-version":[{"id":184836,"href":"https:\/\/visionpeninsular.com\/mid\/wp-json\/wp\/v2\/posts\/184832\/revisions\/184836"}],"wp:featuredmedia":[{"embeddable":true,"href":"https:\/\/visionpeninsular.com\/mid\/wp-json\/wp\/v2\/media\/184835"}],"wp:attachment":[{"href":"https:\/\/visionpeninsular.com\/mid\/wp-json\/wp\/v2\/media?parent=184832"}],"wp:term":[{"taxonomy":"category","embeddable":true,"href":"https:\/\/visionpeninsular.com\/mid\/wp-json\/wp\/v2\/categories?post=184832"},{"taxonomy":"post_tag","embeddable":true,"href":"https:\/\/visionpeninsular.com\/mid\/wp-json\/wp\/v2\/tags?post=184832"}],"curies":[{"name":"wp","href":"https:\/\/api.w.org\/{rel}","templated":true}]}}