{"id":184700,"date":"2024-02-24T12:31:35","date_gmt":"2024-02-24T18:31:35","guid":{"rendered":"https:\/\/visionpeninsular.com\/mid\/?p=184700"},"modified":"2024-02-24T12:31:36","modified_gmt":"2024-02-24T18:31:36","slug":"merida-primera-ciudad-mexicana-en-unirse-a-red-de-comercio-justo","status":"publish","type":"post","link":"https:\/\/visionpeninsular.com\/mid\/merida-primera-ciudad-mexicana-en-unirse-a-red-de-comercio-justo\/","title":{"rendered":"M\u00e9rida, primera ciudad mexicana en unirse a red de comercio justo"},"content":{"rendered":"\n<p>En M\u00e9rida nos ocupamos por privilegiar estrategias para la diversificaci\u00f3n de pr\u00e1cticas econ\u00f3micas sustentadas en el respeto al medio ambiente y la calidad de vida de las familias mediante alianzas con la sociedad civil, apunt\u00f3 el Alcalde Alejandro Ruz Castro en la firma de la declaratoria que convierte a M\u00e9rida en la primera ciudad del pa\u00eds en sumarse a la red por el comercio justo.<\/p>\n\n\n\n<p>Al encabezar la firma de la declaratoria a favor de la campa\u00f1a \u201cM\u00e9rida Ciudad Latinoamericana por el Comercio Justo\u201d y sesi\u00f3n de instalaci\u00f3n del Comit\u00e9 T\u00e9cnico por el \u201cComercio Justo en el Municipio de M\u00e9rida\u201d, el Presidente Municipal indic\u00f3 que: \u201ctrabajando juntos logramos mayores beneficios para las y los productores locales y los artesanos, lo que constituye una forma de dignificar su trabajo, respetar el medio ambiente y fomentar una gesti\u00f3n responsable y sostenible de los recursos naturales en el municipio\u201d.<\/p>\n\n\n\n<p>En el evento, que se realiz\u00f3 en el Sal\u00f3n de los Rectores del Centro Cultural Universitario de la Universidad Aut\u00f3noma de Yucat\u00e1n (UADY), el Presidente Municipal estuvo acompa\u00f1ado por Carlos Estrada Pinto, rector de UADY; Xiomara Paredes Santos, directora ejecutiva de CLAC de la Red Latinoamericana y del Caribe de Peque\u00f1os Productores y Trabajadores de Comercio Justo; Miguel Mungu\u00eda Gil, director general de EDUCE Cooperativa; Arturo Garc\u00eda Gonz\u00e1lez, consejero internacional de Slow Food para M\u00e9xico y Centroam\u00e9rica; Paulina Gonz\u00e1lez Jauregui, directora adjunta de Fundaci\u00f3n Haciendas del Mundo Maya; Mayra Dom\u00ednguez Zenteno, en representaci\u00f3n del Instituto Yucateco de Emprendedores (IYEM) del Gobierno del Estado y Jos\u00e9 Luis Mart\u00ednez Semerena, Director de Desarrollo Econ\u00f3mico y Turismo.<\/p>\n\n\n\n<p><strong>Mejores condiciones para productores<\/strong><\/p>\n\n\n\n<p>En ese marco, Ruz Castro indic\u00f3 que la decisi\u00f3n de que M\u00e9rida se sume como Ciudad Latinoamericana por el Comercio Justo, dar\u00e1 mayor visibilidad ante la ciudadan\u00eda al gran esfuerzo de las organizaciones que trabajan por este objetivo fortaleciendo a\u00fan m\u00e1s nuestro compromiso con la justicia social y la sostenibilidad.<\/p>\n\n\n\n<p>\u201cA partir de hoy y a trav\u00e9s de este comit\u00e9 daremos forma a un plan de acci\u00f3n para ofrecer mejores condiciones y oportunidades a los peque\u00f1os productores del municipio. Hacerlo es una tarea de justicia y equidad social, es un paso m\u00e1s para lograr el crecimiento parejo que queremos en M\u00e9rida\u201d, subray\u00f3.<\/p>\n\n\n\n<figure class=\"wp-block-image size-full\"><img loading=\"lazy\" width=\"768\" height=\"512\" src=\"https:\/\/visionpeninsular.com\/mid\/wp-content\/uploads\/2024\/02\/MERIDA-COMERCIO-JUSTO-3-scaled-1.jpeg\" alt=\"\" class=\"wp-image-184703\" srcset=\"https:\/\/visionpeninsular.com\/mid\/wp-content\/uploads\/2024\/02\/MERIDA-COMERCIO-JUSTO-3-scaled-1.jpeg 768w, https:\/\/visionpeninsular.com\/mid\/wp-content\/uploads\/2024\/02\/MERIDA-COMERCIO-JUSTO-3-scaled-1-300x200.jpeg 300w\" sizes=\"(max-width: 768px) 100vw, 768px\" \/><\/figure>\n\n\n\n<p>En su intervenci\u00f3n, Paredes Santos indic\u00f3 que CLAC es una organizaci\u00f3n codue\u00f1a del sistema Fairtrade International y la red que representa a las cerca de 1,000 organizaciones certificadas en Comercio Justo en 23 pa\u00edses de Am\u00e9rica Latina y el Caribe.<\/p>\n\n\n\n<p>Agreg\u00f3 que al d\u00eda de hoy hay m\u00e1s 2,000 ciudades en todo el mundo son comercio justo y actualmente, 15 ciudades (cinco en proceso) forman parte de esta iniciativa en Am\u00e9rica Latina y el Caribe, y M\u00e9rida ser\u00eda la primera ciudad en M\u00e9xico en unirse a esta red al cumplir con una serie de requisitos que incluyen la promoci\u00f3n de las ventas de productos de organizaciones de peque\u00f1as y peque\u00f1os productores&nbsp; a nivel local.<\/p>\n\n\n\n<p>Por su parte, Estrada Pinto refrend\u00f3 su compromiso de que la UADY apoyar\u00e1 con su capacidad acad\u00e9mica y de investigaci\u00f3n, todos los proyectos y programas del Ayuntamiento de M\u00e9rida que abonen al desarrollo social y econ\u00f3mico del Municipio y sus habitantes.<\/p>\n\n\n\n<figure class=\"wp-block-image size-full\"><img loading=\"lazy\" width=\"768\" height=\"484\" src=\"https:\/\/visionpeninsular.com\/mid\/wp-content\/uploads\/2024\/02\/MERIDA-COMERCIO-JUSTO-2-scaled-1.jpeg\" alt=\"\" class=\"wp-image-184704\" srcset=\"https:\/\/visionpeninsular.com\/mid\/wp-content\/uploads\/2024\/02\/MERIDA-COMERCIO-JUSTO-2-scaled-1.jpeg 768w, https:\/\/visionpeninsular.com\/mid\/wp-content\/uploads\/2024\/02\/MERIDA-COMERCIO-JUSTO-2-scaled-1-300x189.jpeg 300w\" sizes=\"(max-width: 768px) 100vw, 768px\" \/><\/figure>\n\n\n\n<p>\u201cEsta es una gran iniciativa que suma a tener una mejor ciudad, porque M\u00e9rida es un ejemplo a nivel nacional que es producto de un gran trabajo que se ha hecho en los \u00faltimos a\u00f1os\u201d, expres\u00f3.<\/p>\n\n\n\n<p>En ese sentido, el Presidente Municipal destac\u00f3 que apoyar el consumo de productos locales es tarea de toda la poblaci\u00f3n: \u201ccomo autoridad municipal, nos corresponde promover medidas que faciliten la llegada de esos productos a la ciudadan\u00eda\u201d.<\/p>\n\n\n\n<p><strong>Las bases para una nueva cultura econ\u00f3mica<\/strong><\/p>\n\n\n\n<p>\u201cDe ah\u00ed la importancia de esta alianza a favor del comercio justo, ya que con acciones puntuales sentamos las bases de una nueva cultura econ\u00f3mica entre la poblaci\u00f3n\u201d, agreg\u00f3.<\/p>\n\n\n\n<p>A su vez, Nelvy Zul\u00fa Guardia, mujer productora de la comisar\u00eda de Tixcuyt\u00fan, agradeci\u00f3 al Ayuntamiento de M\u00e9rida y al Alcalde Alejandro Ruz por apoyar y confiar en las y los peque\u00f1os productores y artesanos de las comisar\u00edas, sobre todo por el reconocimiento que hace al trabajo de comunidades.<\/p>\n\n\n\n<p>\u201cGracias por invitarnos a sumarnos a esta campa\u00f1a a favor del comercio justo. Sin duda hoy ser\u00e1 un d\u00eda para recordar, porque se trazar\u00e1 una ruta hacia el comercio justo, pero tambi\u00e9n somos testigos de c\u00f3mo hemos tenido el apoyo del Ayuntamiento para que podamos salir adelante\u201d, expres\u00f3.<\/p>\n\n\n\n<p>Como parte del protocolo, Mart\u00ednez Semerena realiz\u00f3 la lectura de la declaraci\u00f3n inicial a favor de la campa\u00f1a \u201cM\u00e9rida Ciudad Latinoamericana por el Comercio Justo\u201d, la cual fue firmada por las autoridades correspondientes.<\/p>\n\n\n\n<p>En el evento, tambi\u00e9n se cont\u00f3 con la presencia de Julio Sauma Castillo, secretario municipal: Marisol Puerto Acevedo, encargada de la Secretaria de Participaci\u00f3n Ciudadana&nbsp; e integrantes del Comit\u00e9 T\u00e9cnico por el \u201cComercio Justo en el Municipio de M\u00e9rida\u201d.<\/p>\n<div class='share-to-whatsapp-wrapper'><div class='share-on-whsp'>Share on: <\/div><a data-text='M\u00e9rida, primera ciudad mexicana en unirse a red de comercio justo' data-link='https:\/\/visionpeninsular.com\/mid\/merida-primera-ciudad-mexicana-en-unirse-a-red-de-comercio-justo\/' class='whatsapp-button whatsapp-share'>WhatsApp<\/a><div class='clear '><\/div><\/div>","protected":false},"excerpt":{"rendered":"<p>En M\u00e9rida nos ocupamos por privilegiar estrategias para la diversificaci\u00f3n de pr\u00e1cticas econ\u00f3micas sustentadas en el respeto al medio ambiente y la calidad de vida de las familias mediante alianzas con la sociedad civil, apunt\u00f3 el Alcalde Alejandro Ruz Castro en la firma de la declaratoria que convierte a M\u00e9rida en la primera ciudad del &hellip;<\/p>\n","protected":false},"author":5,"featured_media":184702,"comment_status":"open","ping_status":"open","sticky":false,"template":"","format":"standard","meta":{"_mi_skip_tracking":false},"categories":[49,37],"tags":[26810,36263,41117,41116],"_links":{"self":[{"href":"https:\/\/visionpeninsular.com\/mid\/wp-json\/wp\/v2\/posts\/184700"}],"collection":[{"href":"https:\/\/visionpeninsular.com\/mid\/wp-json\/wp\/v2\/posts"}],"about":[{"href":"https:\/\/visionpeninsular.com\/mid\/wp-json\/wp\/v2\/types\/post"}],"author":[{"embeddable":true,"href":"https:\/\/visionpeninsular.com\/mid\/wp-json\/wp\/v2\/users\/5"}],"replies":[{"embeddable":true,"href":"https:\/\/visionpeninsular.com\/mid\/wp-json\/wp\/v2\/comments?post=184700"}],"version-history":[{"count":1,"href":"https:\/\/visionpeninsular.com\/mid\/wp-json\/wp\/v2\/posts\/184700\/revisions"}],"predecessor-version":[{"id":184705,"href":"https:\/\/visionpeninsular.com\/mid\/wp-json\/wp\/v2\/posts\/184700\/revisions\/184705"}],"wp:featuredmedia":[{"embeddable":true,"href":"https:\/\/visionpeninsular.com\/mid\/wp-json\/wp\/v2\/media\/184702"}],"wp:attachment":[{"href":"https:\/\/visionpeninsular.com\/mid\/wp-json\/wp\/v2\/media?parent=184700"}],"wp:term":[{"taxonomy":"category","embeddable":true,"href":"https:\/\/visionpeninsular.com\/mid\/wp-json\/wp\/v2\/categories?post=184700"},{"taxonomy":"post_tag","embeddable":true,"href":"https:\/\/visionpeninsular.com\/mid\/wp-json\/wp\/v2\/tags?post=184700"}],"curies":[{"name":"wp","href":"https:\/\/api.w.org\/{rel}","templated":true}]}}