{"id":184594,"date":"2024-02-22T14:22:02","date_gmt":"2024-02-22T20:22:02","guid":{"rendered":"https:\/\/visionpeninsular.com\/mid\/?p=184594"},"modified":"2024-02-22T14:22:03","modified_gmt":"2024-02-22T20:22:03","slug":"presentan-en-merida-el-libro-un-mexico-para-todos","status":"publish","type":"post","link":"https:\/\/visionpeninsular.com\/mid\/presentan-en-merida-el-libro-un-mexico-para-todos\/","title":{"rendered":"Presentan en M\u00e9rida el libro \u00abUn M\u00e9xico para Todos\u00bb"},"content":{"rendered":"\n<p>Al presentar en M\u00e9rida su libro \u201cUn M\u00e9xico para Todos\u201d, el ex gobernador de Guanajuato Carlos Medina Plascencia se\u00f1al\u00f3 que la clase pol\u00edtica y econ\u00f3mica se olvid\u00f3 del pa\u00eds, as\u00ed como tambi\u00e9n alert\u00f3 a la sociedad sobre la destrucci\u00f3n de las instituciones que se promueve desde la presidencia de la rep\u00fablica.<\/p>\n\n\n\n<p>La presentaci\u00f3n del libro corri\u00f3 a cargo de Gabrielde la Vega, en un hotel al norte de la ciudad; Medina Plascencia estuvo acompa\u00f1ado de Ren\u00e1n Barrera Concha y Cecilia Patr\u00f3n Laviada, as\u00ed como ex alcaldes de la ciudad.<\/p>\n\n\n\n<p>Barrera Concha se\u00f1al\u00f3 que, desde joven, empez\u00f3 en la pol\u00edtica llevando tortas en las casillas &nbsp;y su inter\u00e9s creci\u00f3 junto al ex alcalde Manuel Fuentes, el ex gobernador Patricio Patr\u00f3n Laviada y el actual gobernador Mauricio Vila Dosal.<\/p>\n\n\n\n<p>El libro retrata la realidad del pa\u00eds en los \u00faltimos cuatro a\u00f1os y propone el rol que los ciudadanos deben asumir para definir el futuro de M\u00e9xico<\/p>\n\n\n\n<p>En su intervenci\u00f3n, Medina Plascencia expuso que la participaci\u00f3n ciudadana es de suma importancia para construir un gran pa\u00eds y que es la hora de convencer a los j\u00f3venes ya que el 2 de junio el pa\u00eds est\u00e1 en juego.<\/p>\n\n\n\n<p>Por su parte, Cecilia Patr\u00f3n mencion\u00f3 que desde joven sigue a Carlos Medina que siempre ha luchado por la democracia en M\u00e9xico.<\/p>\n\n\n\n<p>\u201cHay que conocer la lucha democr\u00e1tica que emprendi\u00f3 el ex gobernador en seguridad y salud demostrando hechos y actos de amor\u201d expres\u00f3.<\/p>\n<div class='share-to-whatsapp-wrapper'><div class='share-on-whsp'>Share on: <\/div><a data-text='Presentan en M\u00e9rida el libro \u00abUn M\u00e9xico para Todos\u00bb' data-link='https:\/\/visionpeninsular.com\/mid\/presentan-en-merida-el-libro-un-mexico-para-todos\/' class='whatsapp-button whatsapp-share'>WhatsApp<\/a><div class='clear '><\/div><\/div>","protected":false},"excerpt":{"rendered":"<p>Al presentar en M\u00e9rida su libro \u201cUn M\u00e9xico para Todos\u201d, el ex gobernador de Guanajuato Carlos Medina Plascencia se\u00f1al\u00f3 que la clase pol\u00edtica y econ\u00f3mica se olvid\u00f3 del pa\u00eds, as\u00ed como tambi\u00e9n alert\u00f3 a la sociedad sobre la destrucci\u00f3n de las instituciones que se promueve desde la presidencia de la rep\u00fablica. La presentaci\u00f3n del libro &hellip;<\/p>\n","protected":false},"author":5,"featured_media":184596,"comment_status":"open","ping_status":"open","sticky":false,"template":"","format":"standard","meta":{"_mi_skip_tracking":false},"categories":[50,37],"tags":[41055,41056],"_links":{"self":[{"href":"https:\/\/visionpeninsular.com\/mid\/wp-json\/wp\/v2\/posts\/184594"}],"collection":[{"href":"https:\/\/visionpeninsular.com\/mid\/wp-json\/wp\/v2\/posts"}],"about":[{"href":"https:\/\/visionpeninsular.com\/mid\/wp-json\/wp\/v2\/types\/post"}],"author":[{"embeddable":true,"href":"https:\/\/visionpeninsular.com\/mid\/wp-json\/wp\/v2\/users\/5"}],"replies":[{"embeddable":true,"href":"https:\/\/visionpeninsular.com\/mid\/wp-json\/wp\/v2\/comments?post=184594"}],"version-history":[{"count":1,"href":"https:\/\/visionpeninsular.com\/mid\/wp-json\/wp\/v2\/posts\/184594\/revisions"}],"predecessor-version":[{"id":184597,"href":"https:\/\/visionpeninsular.com\/mid\/wp-json\/wp\/v2\/posts\/184594\/revisions\/184597"}],"wp:featuredmedia":[{"embeddable":true,"href":"https:\/\/visionpeninsular.com\/mid\/wp-json\/wp\/v2\/media\/184596"}],"wp:attachment":[{"href":"https:\/\/visionpeninsular.com\/mid\/wp-json\/wp\/v2\/media?parent=184594"}],"wp:term":[{"taxonomy":"category","embeddable":true,"href":"https:\/\/visionpeninsular.com\/mid\/wp-json\/wp\/v2\/categories?post=184594"},{"taxonomy":"post_tag","embeddable":true,"href":"https:\/\/visionpeninsular.com\/mid\/wp-json\/wp\/v2\/tags?post=184594"}],"curies":[{"name":"wp","href":"https:\/\/api.w.org\/{rel}","templated":true}]}}