{"id":184438,"date":"2024-02-18T18:32:52","date_gmt":"2024-02-19T00:32:52","guid":{"rendered":"https:\/\/visionpeninsular.com\/mid\/?p=184438"},"modified":"2024-02-18T18:32:52","modified_gmt":"2024-02-19T00:32:52","slug":"el-paseo-de-montejo-se-tine-de-rosa-al-grito-escucha-taddei-la-es-la-ley","status":"publish","type":"post","link":"https:\/\/visionpeninsular.com\/mid\/el-paseo-de-montejo-se-tine-de-rosa-al-grito-escucha-taddei-la-es-la-ley\/","title":{"rendered":"El Paseo de Montejo se ti\u00f1e de rosa, al grito: \u201cEscucha Taddei, la es la ley\u201d"},"content":{"rendered":"\n<h2 class=\"has-text-align-center\">Unos tres mil ciudadanos acudieron a la marcha por la democracia, donde se contagio el buen \u00e1nimo de salvar M\u00e9xico<\/h2>\n\n\n\n<h3 class=\"has-text-align-left\">Con informaci\u00f3n de Visi\u00f3n Peninsular y El Economista <\/h3>\n\n\n\n<p>M\u00e9rida, Yucat\u00e1n, a 18 de noviembre de 2024.\u2013 Unos tres mil ciudadanos participaron en la marcha por la democracia que convocaron diferentes organizaciones de la Sociedad Civil. El contingente sali\u00f3 del Remante de Paseo de Montejo y concluy\u00f3 en el monumento a la bandera donde escucharon los mensajes de Jorge Valladares, ex consejero electoral del Instituto Electoral y de Participaci\u00f3n Ciudadana (IEPAC), y Lorenzo C\u00f3rdova Vianello, ex consejero presidente del INE.<\/p>\n\n\n\n<p>La lluvizna y el viento no fueron impedimento para que los participantes, en su mayor\u00eda personas mayores, marcharan por la defensa de las instituciones, que  costaron vidas; la separaci\u00f3n de Poderes, y que el gobierno federal junto con los 22 gobernadores y gobernadoras de Morena saquen sus manos de la elecci\u00f3n.<\/p>\n\n\n\n<p>El mensaje m\u00e1s consistente durante el recorrido fue para Guadalupe Taddei, consejera presidenta del INE, para que garantice unas elecciones imparciales.<\/p>\n\n\n\n<p>Aunque algunos quisieron gritar ofensas contra el presidente Andr\u00e9s Manuel L\u00f3pez Obrador, la dos veces alcaldesa de M\u00e9rida llam\u00f3 a tranquilizarse y les record\u00f3 el motivo de esta protesta que estuvo llena de mucha emoci\u00f3n, cordialidad y unidad.<\/p>\n\n\n\n<p>En su mensaje, Valladores llam\u00f3 a defender la democracia, ahora desde cualquier trinchera, acudir a las urnas dentro de 15 domingos por qui\u00e9n se les d\u00e9 la gana, \u201cpero votando para demostrar que la elecci\u00f3n de Estado no prosperar\u00e1\u201d.<\/p>\n\n\n\n<p>Posteriormente, M\u00e9rida y las distintas ciudades de la Rep\u00fablica se conectaron al Z\u00f3calo de Ciudad de M\u00e9xico, donde Lorenzo C\u00f3rdova fingi\u00f3 como \u00fanico orador para advertir que \u201cestamos frente a un proyecto de restauraci\u00f3n autoritaria que quiere regresarnos a las \u00e9pocas de un partido autoritario y hegem\u00f3nico que pretende revertir muchas de las conquistas democr\u00e1ticas que se han conseguido y que fueron precisamente las que les permitieron llegar al poder\u201d.<\/p>\n\n\n\n<p>\u201cSe busca que las elecciones sean organizadas y la justicia impartida por funcionarios y jueces electos con el apoyo del partido mayoritario. Se busca, pues, a jueces que respondan a un partido.<\/p>\n\n\n\n<p>\u201cSe busca desaparecer a los \u00f3rganos aut\u00f3nomos para que sus estructuras sean absorbidas enteramente por el gobierno; es decir, lo que se pretende es desaparecer su autonom\u00eda para que las tareas vuelvan al Ejecutivo, tal como ocurr\u00eda hace 30 a\u00f1os cuando la realizaba una Presidencia centralizadora y autoritaria, y tambi\u00e9n se busca imponer una idea de Constituci\u00f3n en donde solo tienen cabida ciertas ideas y posturas\u201d, areng\u00f3 C\u00f3rdova Vianello.<\/p>\n\n\n\n<p>Finalmente, el ex consejero electoral se\u00f1al\u00f3 que el futuro de la democracia est\u00e1 en nuestras manos. \u201cPor eso estamos aqu\u00ed y volveremos cada vez que sea necesario para levantar la voz y decir: si es para desmantelarla, la democracia \u00a1no se toca! Ni las condiciones para el voto libre, ni los organismos de control democr\u00e1tico, ni la Constituci\u00f3n que divide el poder y protege nuestros derechos\u201d.<\/p>\n\n\n\n<figure class=\"wp-block-image size-large\"><img loading=\"lazy\" width=\"1024\" height=\"576\" src=\"https:\/\/visionpeninsular.com\/mid\/wp-content\/uploads\/2024\/02\/IMG-20240218-WA0014-1024x576.jpg\" alt=\"\" class=\"wp-image-184439\" srcset=\"https:\/\/visionpeninsular.com\/mid\/wp-content\/uploads\/2024\/02\/IMG-20240218-WA0014-1024x576.jpg 1024w, https:\/\/visionpeninsular.com\/mid\/wp-content\/uploads\/2024\/02\/IMG-20240218-WA0014-300x169.jpg 300w, https:\/\/visionpeninsular.com\/mid\/wp-content\/uploads\/2024\/02\/IMG-20240218-WA0014-768x432.jpg 768w, https:\/\/visionpeninsular.com\/mid\/wp-content\/uploads\/2024\/02\/IMG-20240218-WA0014-1536x864.jpg 1536w, https:\/\/visionpeninsular.com\/mid\/wp-content\/uploads\/2024\/02\/IMG-20240218-WA0014.jpg 1599w\" sizes=\"(max-width: 1024px) 100vw, 1024px\" \/><figcaption>Participantes de la marcha por la democracia, que se inici\u00f3 en el remate de Paseo de Montejo y concluy\u00f3 en el Monumento a la Patria . Foto: VP<\/figcaption><\/figure>\n<div class='share-to-whatsapp-wrapper'><div class='share-on-whsp'>Share on: <\/div><a data-text='El Paseo de Montejo se ti\u00f1e de rosa, al grito: \u201cEscucha Taddei, la es la ley\u201d' data-link='https:\/\/visionpeninsular.com\/mid\/el-paseo-de-montejo-se-tine-de-rosa-al-grito-escucha-taddei-la-es-la-ley\/' class='whatsapp-button whatsapp-share'>WhatsApp<\/a><div class='clear '><\/div><\/div>","protected":false},"excerpt":{"rendered":"<p>Unos tres mil ciudadanos acudieron a la marcha por la democracia, donde se contagio el buen \u00e1nimo de salvar M\u00e9xico Con informaci\u00f3n de Visi\u00f3n Peninsular y El Economista M\u00e9rida, Yucat\u00e1n, a 18 de noviembre de 2024.\u2013 Unos tres mil ciudadanos participaron en la marcha por la democracia que convocaron diferentes organizaciones de la Sociedad Civil. &hellip;<\/p>\n","protected":false},"author":11,"featured_media":184439,"comment_status":"open","ping_status":"open","sticky":false,"template":"","format":"standard","meta":{"_mi_skip_tracking":false},"categories":[49,37],"tags":[35812,455,40977,33393,33789,13607,1395,31989],"_links":{"self":[{"href":"https:\/\/visionpeninsular.com\/mid\/wp-json\/wp\/v2\/posts\/184438"}],"collection":[{"href":"https:\/\/visionpeninsular.com\/mid\/wp-json\/wp\/v2\/posts"}],"about":[{"href":"https:\/\/visionpeninsular.com\/mid\/wp-json\/wp\/v2\/types\/post"}],"author":[{"embeddable":true,"href":"https:\/\/visionpeninsular.com\/mid\/wp-json\/wp\/v2\/users\/11"}],"replies":[{"embeddable":true,"href":"https:\/\/visionpeninsular.com\/mid\/wp-json\/wp\/v2\/comments?post=184438"}],"version-history":[{"count":1,"href":"https:\/\/visionpeninsular.com\/mid\/wp-json\/wp\/v2\/posts\/184438\/revisions"}],"predecessor-version":[{"id":184440,"href":"https:\/\/visionpeninsular.com\/mid\/wp-json\/wp\/v2\/posts\/184438\/revisions\/184440"}],"wp:featuredmedia":[{"embeddable":true,"href":"https:\/\/visionpeninsular.com\/mid\/wp-json\/wp\/v2\/media\/184439"}],"wp:attachment":[{"href":"https:\/\/visionpeninsular.com\/mid\/wp-json\/wp\/v2\/media?parent=184438"}],"wp:term":[{"taxonomy":"category","embeddable":true,"href":"https:\/\/visionpeninsular.com\/mid\/wp-json\/wp\/v2\/categories?post=184438"},{"taxonomy":"post_tag","embeddable":true,"href":"https:\/\/visionpeninsular.com\/mid\/wp-json\/wp\/v2\/tags?post=184438"}],"curies":[{"name":"wp","href":"https:\/\/api.w.org\/{rel}","templated":true}]}}