{"id":18439,"date":"2016-12-12T07:13:55","date_gmt":"2016-12-12T13:13:55","guid":{"rendered":"http:\/\/visionpeninsular.com\/mid\/?p=18439"},"modified":"2016-12-12T07:13:55","modified_gmt":"2016-12-12T13:13:55","slug":"denuncian-segundo-secuestro-en-chetumal","status":"publish","type":"post","link":"https:\/\/visionpeninsular.com\/mid\/denuncian-segundo-secuestro-en-chetumal\/","title":{"rendered":"Denuncian segundo secuestro en Chetumal"},"content":{"rendered":"<p>En lo que ser\u00eda el segundo caso de secuestro en Chetumal este 2016, la Fiscal\u00eda mantiene bajo resguardo la informaci\u00f3n del caso, sin embargo, ha trascendido que el hecho tuvo lugar la tarde del domingo en la capital de Quintana Roo, donde un joven fue secuestrado pero la movilizaci\u00f3n de sus familiares para perseguir el veh\u00edculo donde era llevado logr\u00f3 que tras unos minutos los secuestradores chocaran y se lograra el arresto. <\/p>\n<p>Se presume que el hecho tuvo lugar en la colonia 5 de abril, donde arribaron la polic\u00eda del Estado para que se les informar\u00e1 que familiares del plagiado ya estaban persiguiendo a los secuestradores, por lo que su reacci\u00f3n fue implementar un operativo en la zona, hasta que se les inform\u00f3 de un choque en el cruzamiento de la avenida Insurgentes con avenida Chetumal, aproximadamente a 20 metros del 25 Batall\u00f3n de Infanter\u00eda de Marina (25BIM).<\/p>\n<p>En el lugar del incidente se logr\u00f3 la detenci\u00f3n del malhechor, para luego trasladarlo a la Fiscal\u00eda General del Estado a disposici\u00f3n del Ministerio P\u00fablico del Fuero Com\u00fan para el deslinde de responsabilidades.<\/p>\n<p>En cuanto al secuestrado a\u00fan se desconoce si logr\u00f3 ser rescatado o no, lo que se presume es que familiares de la v\u00edctima pagar\u00f3n importante suma de dinero para recuperarlo, pero al no entreg\u00e1rselo comenz\u00f3 la persecuci\u00f3n del secuestrador. <\/p>\n<div class='share-to-whatsapp-wrapper'><div class='share-on-whsp'>Share on: <\/div><a data-text='Denuncian segundo secuestro en Chetumal' data-link='https:\/\/visionpeninsular.com\/mid\/denuncian-segundo-secuestro-en-chetumal\/' class='whatsapp-button whatsapp-share'>WhatsApp<\/a><div class='clear '><\/div><\/div>","protected":false},"excerpt":{"rendered":"<p>En lo que ser\u00eda el segundo caso de secuestro en Chetumal este 2016, la Fiscal\u00eda mantiene bajo resguardo la informaci\u00f3n del caso, sin embargo, ha trascendido que el hecho tuvo lugar la tarde del domingo en la capital de Quintana Roo, donde un joven fue secuestrado pero la movilizaci\u00f3n de sus familiares para perseguir el &hellip;<\/p>\n","protected":false},"author":1,"featured_media":18440,"comment_status":"open","ping_status":"open","sticky":false,"template":"","format":"standard","meta":{"_mi_skip_tracking":false},"categories":[48],"tags":[242,1362],"_links":{"self":[{"href":"https:\/\/visionpeninsular.com\/mid\/wp-json\/wp\/v2\/posts\/18439"}],"collection":[{"href":"https:\/\/visionpeninsular.com\/mid\/wp-json\/wp\/v2\/posts"}],"about":[{"href":"https:\/\/visionpeninsular.com\/mid\/wp-json\/wp\/v2\/types\/post"}],"author":[{"embeddable":true,"href":"https:\/\/visionpeninsular.com\/mid\/wp-json\/wp\/v2\/users\/1"}],"replies":[{"embeddable":true,"href":"https:\/\/visionpeninsular.com\/mid\/wp-json\/wp\/v2\/comments?post=18439"}],"version-history":[{"count":1,"href":"https:\/\/visionpeninsular.com\/mid\/wp-json\/wp\/v2\/posts\/18439\/revisions"}],"predecessor-version":[{"id":18441,"href":"https:\/\/visionpeninsular.com\/mid\/wp-json\/wp\/v2\/posts\/18439\/revisions\/18441"}],"wp:featuredmedia":[{"embeddable":true,"href":"https:\/\/visionpeninsular.com\/mid\/wp-json\/wp\/v2\/media\/18440"}],"wp:attachment":[{"href":"https:\/\/visionpeninsular.com\/mid\/wp-json\/wp\/v2\/media?parent=18439"}],"wp:term":[{"taxonomy":"category","embeddable":true,"href":"https:\/\/visionpeninsular.com\/mid\/wp-json\/wp\/v2\/categories?post=18439"},{"taxonomy":"post_tag","embeddable":true,"href":"https:\/\/visionpeninsular.com\/mid\/wp-json\/wp\/v2\/tags?post=18439"}],"curies":[{"name":"wp","href":"https:\/\/api.w.org\/{rel}","templated":true}]}}