{"id":18436,"date":"2016-12-12T07:01:49","date_gmt":"2016-12-12T13:01:49","guid":{"rendered":"http:\/\/visionpeninsular.com\/mid\/?p=18436"},"modified":"2016-12-12T07:01:49","modified_gmt":"2016-12-12T13:01:49","slug":"gobernadores-pactan-agenda-coordinada-desarrollo-la-peninsula","status":"publish","type":"post","link":"https:\/\/visionpeninsular.com\/mid\/gobernadores-pactan-agenda-coordinada-desarrollo-la-peninsula\/","title":{"rendered":"Gobernadores pactan agenda coordinada para el desarrollo de la Pen\u00ednsula"},"content":{"rendered":"<p>\u201cLa Pen\u00ednsula de Yucat\u00e1n es la primera regi\u00f3n del pa\u00eds en trabajar coordinadamente con una agenda definida con alcances e indicadores de sustentabilidad hacia un desarrollo econ\u00f3mico sustentable con estrategias para mejorar la calidad de vida y econom\u00eda de los estados que la integran\u201d, sostuvo el Gobernador Carlos Joaqu\u00edn al firmar, junto con sus hom\u00f3logos de Yucat\u00e1n, Rolando Zapata Bello y de Campeche, Alejandro Moreno C\u00e1rdenas, el Acuerdo de Sustentabilidad de la Pen\u00ednsula de Yucat\u00e1n (ASPY), en el marco de la COP 13 que se realiza en Canc\u00fan.<\/p>\n<p>El Acuerdo ASPY 2030, explic\u00f3, contempla reducir en 80 por ciento la deforestaci\u00f3n neta para el a\u00f1o 2020 y terminar con este problema en el 2030; restaurar con 2 millones de hect\u00e1reas terrestres y la reforestaci\u00f3n de nuestras selvas, lograr que el 50 por ciento del territorio terrestre y costero de la Pen\u00ednsula de Yucat\u00e1n quede bajo esquemas de conservaci\u00f3n y manejo forestal y restaurar 50 kil\u00f3metros de crestas arrecifales.<\/p>\n<p>En este sentido, recalc\u00f3 que el crecimiento ordenado con sustentabilidad ambiental es prioridad y record\u00f3 que desde el inicio de su administraci\u00f3n ha encabezado proyectos y programas tal como la restauraci\u00f3n a 6 a\u00f1os de cerca de 300 mil colonias de coral para ayudar en el repoblamiento de la tercera parte de los arrecifes de Quintana Roo.<\/p>\n<p>Carlos Joaqu\u00edn exhort\u00f3 a aprovechar la vocaci\u00f3n tur\u00edstica de la regi\u00f3n para fomentar el turismo sostenible e involucrar a todos los actores que participan en esta actividad, desde las autoridades del ramo, las peque\u00f1as y medianas empresas que ofrecen servicios al turista y a las comunidades locales; \u201cen nuestra regi\u00f3n el turismo es una importante fuente de empleo, especialmente para mujeres y j\u00f3venes, que adem\u00e1s deja divisas por muchos millones de d\u00f3lares que vienen a apoyar la econom\u00eda de nuestro pa\u00eds\u201d.<\/p>\n<p>El Gobernador dijo que el compromiso es de voluntad pero tambi\u00e9n de recursos y compromiso, acci\u00f3n que qued\u00f3 manifiesta con Declaratoria del Sector Privado con la Sustentabilidad; para que, dichos proyectos se completen, por lo que se buscar\u00e1n duplicar los recursos destinados al medio ambiente mediante la inversi\u00f3n privada e internacional, para promover la econom\u00eda verde, e indic\u00f3 que en los pr\u00f3ximos 6 meses se trabajar\u00e1 a trav\u00e9s de nuevos convenios espec\u00edficos que contemplen acciones de colaboraci\u00f3n e inyecci\u00f3n de recursos enfocados en alcanzar las metas del ASPY 2030.<\/p>\n<p>El evento celebrado en el marco de la 5a Cumbre Global de Biodiversidad de Ciudades y Gobiernos Subnacionales asisti\u00f3 el secretario estatal de Medio Ambiente, Alfredo Arellano; Jos\u00e9 Chapur Zahoul, representante de empresas de Yucat\u00e1n; Aurelio Ramos, director de The Nature Conservancy Latinoam\u00e9rica; Marcela Cristo, del grupo Modelo, en representaci\u00f3n de empresas nacionales con actividades en la Pen\u00ednsula de Yucat\u00e1n; Gustavo Rodr\u00edguez, presidente del Consejo Coordinador Empresarial de Campeche, en representaci\u00f3n de empresas de Campeche; Beatriz Barreal, de la Organizaci\u00f3n Riviera Maya Sostenible, representante del sector empresarial de Quintana; Eduardo Batllori, secretario de Desarrollo Urbano y Medio Ambiente de Yucat\u00e1n; Roberto Alcal\u00e1, secretario de Medio Ambiente y Recursos Naturales de Campeche; entre otros invitados. <\/p>\n<p>Comunicado del Gobierno de QR<\/p>\n<div class='share-to-whatsapp-wrapper'><div class='share-on-whsp'>Share on: <\/div><a data-text='Gobernadores pactan agenda coordinada para el desarrollo de la Pen\u00ednsula' data-link='https:\/\/visionpeninsular.com\/mid\/gobernadores-pactan-agenda-coordinada-desarrollo-la-peninsula\/' class='whatsapp-button whatsapp-share'>WhatsApp<\/a><div class='clear '><\/div><\/div>","protected":false},"excerpt":{"rendered":"<p>\u201cLa Pen\u00ednsula de Yucat\u00e1n es la primera regi\u00f3n del pa\u00eds en trabajar coordinadamente con una agenda definida con alcances e indicadores de sustentabilidad hacia un desarrollo econ\u00f3mico sustentable con estrategias para mejorar la calidad de vida y econom\u00eda de los estados que la integran\u201d, sostuvo el Gobernador Carlos Joaqu\u00edn al firmar, junto con sus hom\u00f3logos &hellip;<\/p>\n","protected":false},"author":1,"featured_media":18437,"comment_status":"open","ping_status":"open","sticky":false,"template":"","format":"standard","meta":{"_mi_skip_tracking":false},"categories":[47],"tags":[4345,3302,4346],"_links":{"self":[{"href":"https:\/\/visionpeninsular.com\/mid\/wp-json\/wp\/v2\/posts\/18436"}],"collection":[{"href":"https:\/\/visionpeninsular.com\/mid\/wp-json\/wp\/v2\/posts"}],"about":[{"href":"https:\/\/visionpeninsular.com\/mid\/wp-json\/wp\/v2\/types\/post"}],"author":[{"embeddable":true,"href":"https:\/\/visionpeninsular.com\/mid\/wp-json\/wp\/v2\/users\/1"}],"replies":[{"embeddable":true,"href":"https:\/\/visionpeninsular.com\/mid\/wp-json\/wp\/v2\/comments?post=18436"}],"version-history":[{"count":1,"href":"https:\/\/visionpeninsular.com\/mid\/wp-json\/wp\/v2\/posts\/18436\/revisions"}],"predecessor-version":[{"id":18438,"href":"https:\/\/visionpeninsular.com\/mid\/wp-json\/wp\/v2\/posts\/18436\/revisions\/18438"}],"wp:featuredmedia":[{"embeddable":true,"href":"https:\/\/visionpeninsular.com\/mid\/wp-json\/wp\/v2\/media\/18437"}],"wp:attachment":[{"href":"https:\/\/visionpeninsular.com\/mid\/wp-json\/wp\/v2\/media?parent=18436"}],"wp:term":[{"taxonomy":"category","embeddable":true,"href":"https:\/\/visionpeninsular.com\/mid\/wp-json\/wp\/v2\/categories?post=18436"},{"taxonomy":"post_tag","embeddable":true,"href":"https:\/\/visionpeninsular.com\/mid\/wp-json\/wp\/v2\/tags?post=18436"}],"curies":[{"name":"wp","href":"https:\/\/api.w.org\/{rel}","templated":true}]}}