{"id":184307,"date":"2024-02-15T14:48:52","date_gmt":"2024-02-15T20:48:52","guid":{"rendered":"https:\/\/visionpeninsular.com\/mid\/?p=184307"},"modified":"2024-02-15T14:48:53","modified_gmt":"2024-02-15T20:48:53","slug":"sentenciado-a-25-anos-de-prision-por-violacion-ocurrida-en-abala","status":"publish","type":"post","link":"https:\/\/visionpeninsular.com\/mid\/sentenciado-a-25-anos-de-prision-por-violacion-ocurrida-en-abala\/","title":{"rendered":"Sentenciado a 25 a\u00f1os de prisi\u00f3n por violaci\u00f3n ocurrida en Abal\u00e1"},"content":{"rendered":"\n<p>Tras ser declarado penalmente responsable del delito de violaci\u00f3n equiparada agravada, U.O.R.M.T. fue sentenciado a 25 a\u00f1os de prisi\u00f3n al confirmarse su culpabilidad en los hechos ocurridos entre los a\u00f1os 2020 y 2022 en agravio de una menor de edad en la localidad de Abal\u00e1.<\/p>\n\n\n\n<p>La Fiscal\u00eda General del Estado (FGE) aport\u00f3 las pruebas periciales, documentales y testimoniales que permitieron a los integrantes del Tribunal Segundo Colegiado de Enjuiciamiento dictar el correspondiente fallo condenatorio y posteriormente sentenciar al acusado, adem\u00e1s de a la pena de prisi\u00f3n, al pago de 5250 d\u00edas de multa, a reparar el da\u00f1o moral, as\u00ed como tambi\u00e9n a recibir amonestaci\u00f3n p\u00fablica, perder sus derechos pol\u00edticos y no acercarse a la v\u00edctima y testigos de forma definitiva.<\/p>\n\n\n\n<p>Cabe recordar que durante el desahogo de pruebas, la Fiscal\u00eda estableci\u00f3 que el il\u00edcito se cometi\u00f3 entre agosto del 2020 y junio del 2022 en la citada localidad, cuando haciendo uso de la violencia f\u00edsica y moral, acarici\u00f3 de forma lasciva a la menor y le impuso la c\u00f3pula, acci\u00f3n que repiti\u00f3 en diferentes ocasiones durante el lapso de tiempo se\u00f1alado en la causa penal 31\/2022, la cual se desahog\u00f3 durante su etapa inicial ante la Juez de Control del Cuarto Distrito con sede en Um\u00e1n.<\/p>\n\n\n\n<p>Antes de finalizar la audiencia, se cit\u00f3 a las partes para la audiencia de lectura y explicaci\u00f3n de las penas el pr\u00f3ximo 21 de febrero.<\/p>\n<div class='share-to-whatsapp-wrapper'><div class='share-on-whsp'>Share on: <\/div><a data-text='Sentenciado a 25 a\u00f1os de prisi\u00f3n por violaci\u00f3n ocurrida en Abal\u00e1' data-link='https:\/\/visionpeninsular.com\/mid\/sentenciado-a-25-anos-de-prision-por-violacion-ocurrida-en-abala\/' class='whatsapp-button whatsapp-share'>WhatsApp<\/a><div class='clear '><\/div><\/div>","protected":false},"excerpt":{"rendered":"<p>Tras ser declarado penalmente responsable del delito de violaci\u00f3n equiparada agravada, U.O.R.M.T. fue sentenciado a 25 a\u00f1os de prisi\u00f3n al confirmarse su culpabilidad en los hechos ocurridos entre los a\u00f1os 2020 y 2022 en agravio de una menor de edad en la localidad de Abal\u00e1. La Fiscal\u00eda General del Estado (FGE) aport\u00f3 las pruebas periciales, &hellip;<\/p>\n","protected":false},"author":5,"featured_media":184309,"comment_status":"open","ping_status":"open","sticky":false,"template":"","format":"standard","meta":{"_mi_skip_tracking":false},"categories":[50,37],"tags":[40918,17780,666],"_links":{"self":[{"href":"https:\/\/visionpeninsular.com\/mid\/wp-json\/wp\/v2\/posts\/184307"}],"collection":[{"href":"https:\/\/visionpeninsular.com\/mid\/wp-json\/wp\/v2\/posts"}],"about":[{"href":"https:\/\/visionpeninsular.com\/mid\/wp-json\/wp\/v2\/types\/post"}],"author":[{"embeddable":true,"href":"https:\/\/visionpeninsular.com\/mid\/wp-json\/wp\/v2\/users\/5"}],"replies":[{"embeddable":true,"href":"https:\/\/visionpeninsular.com\/mid\/wp-json\/wp\/v2\/comments?post=184307"}],"version-history":[{"count":1,"href":"https:\/\/visionpeninsular.com\/mid\/wp-json\/wp\/v2\/posts\/184307\/revisions"}],"predecessor-version":[{"id":184310,"href":"https:\/\/visionpeninsular.com\/mid\/wp-json\/wp\/v2\/posts\/184307\/revisions\/184310"}],"wp:featuredmedia":[{"embeddable":true,"href":"https:\/\/visionpeninsular.com\/mid\/wp-json\/wp\/v2\/media\/184309"}],"wp:attachment":[{"href":"https:\/\/visionpeninsular.com\/mid\/wp-json\/wp\/v2\/media?parent=184307"}],"wp:term":[{"taxonomy":"category","embeddable":true,"href":"https:\/\/visionpeninsular.com\/mid\/wp-json\/wp\/v2\/categories?post=184307"},{"taxonomy":"post_tag","embeddable":true,"href":"https:\/\/visionpeninsular.com\/mid\/wp-json\/wp\/v2\/tags?post=184307"}],"curies":[{"name":"wp","href":"https:\/\/api.w.org\/{rel}","templated":true}]}}