{"id":184244,"date":"2024-02-14T08:03:32","date_gmt":"2024-02-14T14:03:32","guid":{"rendered":"https:\/\/visionpeninsular.com\/mid\/?p=184244"},"modified":"2024-02-14T08:03:34","modified_gmt":"2024-02-14T14:03:34","slug":"estamos-ante-la-mas-grande-eleccion-de-estado-sociedad-civil-organizada","status":"publish","type":"post","link":"https:\/\/visionpeninsular.com\/mid\/estamos-ante-la-mas-grande-eleccion-de-estado-sociedad-civil-organizada\/","title":{"rendered":"\u201cEstamos ante la m\u00e1s grande elecci\u00f3n de Estado\u201d: Sociedad Civil Organizada"},"content":{"rendered":"\n<h2 class=\"has-text-align-center\"> \u2022En Yucat\u00e1n, invitan a la marcha por la democracia que se realizar\u00e1 el domingo 18 en M\u00e9rida, Progreso, Valladolid y Conkal<\/h2>\n\n\n\n<p>M\u00e9rida, Yucat\u00e1n, a 13 de febrero de 2024.\u2013 Estamos ante la m\u00e1s grande elecci\u00f3n de Estado que hayamos presenciado. Miren que hemos sido observadores, pero nunca hab\u00edamos visto el manejo de los recursos p\u00fablicos. El riesgo que tenemos que los Servidores de la Naci\u00f3n est\u00e9n casa por casa, queriendo identificar las entregas de programas sociales, cuando ya est\u00e1n en la Constituci\u00f3n y se pagan de nuestros impuestos, expres\u00f3 Patricia McCarthy Caballero, integrante del Frente C\u00edvico Familiar, quien invit\u00f3 a la marcha por la democracia a realizarse el domingo 18 a las 10:30 de la ma\u00f1ana en el Remate del Paseo de Montejo.<\/p>\n\n\n\n<p>En Yucat\u00e1n, unas 20 Organizaciones de la Sociedad Civil invitan a la ciudadan\u00eda de M\u00e9rida, Valladolid, Progreso y Conkal a participar a la protesta pac\u00edfica con el prop\u00f3sito de exigirle al presidente Andr\u00e9s Manuel L\u00f3pez Obrador, 22 gobernadores de Morena y el crimen organizado saquen sus manos del proceso electoral a realizarse el 2 de junio.<\/p>\n\n\n\n<p>En rueda de prensa, Ana Rosa Pay\u00e1n Cervera, dos veces ex alcaldesa de M\u00e9rida, coment\u00f3: \u201cmarchamos en solidaridad por todo M\u00e9xico y porque en Yucat\u00e1n queremos que siga siendo una entidad segura, libre y el proceso electoral es responsabilidad de los ciudadanos y las instituciones\u201d.<\/p>\n\n\n\n<p>Se dej\u00f3 en claro que la protesta pac\u00edfica es para fomentar el voto libre y secreto, y la no intervenci\u00f3n del gobierno en las elecciones. \u201cCreemos que la sociedad tiene derecho a que se respete su voto. Estamos marchando por la democracia, vamos a marchar no por los partidos pol\u00edticos, sino como sociedad libre y pensante\u201d, afirm\u00f3 el secretario de Organizaci\u00f3n de la Central Independiente de Obreros, Agr\u00edcolas y Campesinos (CIOAC) Yucat\u00e1n, Jos\u00e9 Carlos Col\u00edn Ocampo.<\/p>\n\n\n\n<p>Fabiola Guerrero Cruz, representante de la organizaci\u00f3n apartidista Mexicanos en Acci\u00f3n, enlist\u00f3 por quienes marchan: \u201cpor los ni\u00f1os y personas con c\u00e1ncer que se han visto seriamente perjudicados porque no reciben sus tratamientos y medicamentos de manera oportuna; por los ni\u00f1os sin vacunas, porque la austeridad republicana que se habla ha sido un recorte presupuestal a las principales necesidades de la sociedad; por quienes tienen que esperar meses para la programaci\u00f3n de una cirug\u00eda o lo hacen por sus medios particulares, por el desabasto de medicamentos en las instituciones de salud.<\/p>\n\n\n\n<p>\u2013Por las madres trabajadoras, que se quedaron sin guarder\u00edas y dejan a sus hijos solos para que se expongan a riesgo, por las madres buscadoras que tocan puertas y no se abren, por las v\u00edctimas de feminicidio, por los choferes que salen a buscar el sustento y viven la angustia de no volver a ver a sus familias, por Acapulco y ciudades perjudicadas por la desaparici\u00f3n de fideicomisos, principalmente el Fonden, por los desplazados por el crimen organizado y muchos m\u00e1s \u2013afirm\u00f3.<\/p>\n\n\n\n<p>En M\u00e9rida, la marcha saldr\u00e1 del remate de Paseo de Montejo a las 10:30 de la ma\u00f1ana hasta el Monumento a la Patria, donde escuchar\u00e1n al consejero presidente del INE, Lorenzo C\u00f3rdoba Vianello, quien dar\u00e1 un mensaje desde Ciudad de M\u00e9xico.<\/p>\n\n\n\n<figure class=\"wp-block-image size-large\"><img loading=\"lazy\" width=\"1024\" height=\"576\" src=\"https:\/\/visionpeninsular.com\/mid\/wp-content\/uploads\/2024\/02\/IMG-20240214-WA0000-1024x576.jpg\" alt=\"\" class=\"wp-image-184246\" srcset=\"https:\/\/visionpeninsular.com\/mid\/wp-content\/uploads\/2024\/02\/IMG-20240214-WA0000-1024x576.jpg 1024w, https:\/\/visionpeninsular.com\/mid\/wp-content\/uploads\/2024\/02\/IMG-20240214-WA0000-300x169.jpg 300w, https:\/\/visionpeninsular.com\/mid\/wp-content\/uploads\/2024\/02\/IMG-20240214-WA0000-768x432.jpg 768w, https:\/\/visionpeninsular.com\/mid\/wp-content\/uploads\/2024\/02\/IMG-20240214-WA0000-1536x864.jpg 1536w, https:\/\/visionpeninsular.com\/mid\/wp-content\/uploads\/2024\/02\/IMG-20240214-WA0000.jpg 1599w\" sizes=\"(max-width: 1024px) 100vw, 1024px\" \/><figcaption>Ana RRosa Pay\u00e1n Cervera, coordinadora estatal del Frente C\u00edvico Nacional, invit\u00f3 a la sociedad a marchar por la democracia. Foto: Visi\u00f3n Peninsular <\/figcaption><\/figure>\n<div class='share-to-whatsapp-wrapper'><div class='share-on-whsp'>Share on: <\/div><a data-text='\u201cEstamos ante la m\u00e1s grande elecci\u00f3n de Estado\u201d: Sociedad Civil Organizada' data-link='https:\/\/visionpeninsular.com\/mid\/estamos-ante-la-mas-grande-eleccion-de-estado-sociedad-civil-organizada\/' class='whatsapp-button whatsapp-share'>WhatsApp<\/a><div class='clear '><\/div><\/div>","protected":false},"excerpt":{"rendered":"<p>\u2022En Yucat\u00e1n, invitan a la marcha por la democracia que se realizar\u00e1 el domingo 18 en M\u00e9rida, Progreso, Valladolid y Conkal M\u00e9rida, Yucat\u00e1n, a 13 de febrero de 2024.\u2013 Estamos ante la m\u00e1s grande elecci\u00f3n de Estado que hayamos presenciado. Miren que hemos sido observadores, pero nunca hab\u00edamos visto el manejo de los recursos p\u00fablicos. &hellip;<\/p>\n","protected":false},"author":11,"featured_media":184246,"comment_status":"open","ping_status":"open","sticky":false,"template":"","format":"standard","meta":{"_mi_skip_tracking":false},"categories":[49,37],"tags":[32854,40879,178,40877,33763,32536,455,40880,13607,40878,32570,1407,449,227],"_links":{"self":[{"href":"https:\/\/visionpeninsular.com\/mid\/wp-json\/wp\/v2\/posts\/184244"}],"collection":[{"href":"https:\/\/visionpeninsular.com\/mid\/wp-json\/wp\/v2\/posts"}],"about":[{"href":"https:\/\/visionpeninsular.com\/mid\/wp-json\/wp\/v2\/types\/post"}],"author":[{"embeddable":true,"href":"https:\/\/visionpeninsular.com\/mid\/wp-json\/wp\/v2\/users\/11"}],"replies":[{"embeddable":true,"href":"https:\/\/visionpeninsular.com\/mid\/wp-json\/wp\/v2\/comments?post=184244"}],"version-history":[{"count":1,"href":"https:\/\/visionpeninsular.com\/mid\/wp-json\/wp\/v2\/posts\/184244\/revisions"}],"predecessor-version":[{"id":184247,"href":"https:\/\/visionpeninsular.com\/mid\/wp-json\/wp\/v2\/posts\/184244\/revisions\/184247"}],"wp:featuredmedia":[{"embeddable":true,"href":"https:\/\/visionpeninsular.com\/mid\/wp-json\/wp\/v2\/media\/184246"}],"wp:attachment":[{"href":"https:\/\/visionpeninsular.com\/mid\/wp-json\/wp\/v2\/media?parent=184244"}],"wp:term":[{"taxonomy":"category","embeddable":true,"href":"https:\/\/visionpeninsular.com\/mid\/wp-json\/wp\/v2\/categories?post=184244"},{"taxonomy":"post_tag","embeddable":true,"href":"https:\/\/visionpeninsular.com\/mid\/wp-json\/wp\/v2\/tags?post=184244"}],"curies":[{"name":"wp","href":"https:\/\/api.w.org\/{rel}","templated":true}]}}