{"id":184067,"date":"2024-02-09T15:12:13","date_gmt":"2024-02-09T21:12:13","guid":{"rendered":"https:\/\/visionpeninsular.com\/mid\/?p=184067"},"modified":"2024-02-09T15:12:14","modified_gmt":"2024-02-09T21:12:14","slug":"los-secretos-del-fondo-del-mar-estan-visibles-en-el-aeropuerto-de-merida","status":"publish","type":"post","link":"https:\/\/visionpeninsular.com\/mid\/los-secretos-del-fondo-del-mar-estan-visibles-en-el-aeropuerto-de-merida\/","title":{"rendered":"\u201cLos secretos del fondo del mar\u201d, est\u00e1n visibles en el Aeropuerto de M\u00e9rida"},"content":{"rendered":"\n<p>Unidos por primera vez en una exposici\u00f3n fotogr\u00e1fica, cinco destacados galenos de Yucat\u00e1n, presentan sus obras en la galer\u00eda del Aeropuerto de M\u00e9rida.<\/p>\n\n\n\n<p>El colectivo de buceo denominado Neptuno 8 conformado por Dr. Daniel Muci\u00f1o, Dr. Otto Bauerle, Dr. W\u00edlbert Ch\u00ed, Dr. \u00c1lvaro Bolio Sol\u00eds y Dr. Rodolfo Espadas inauguraron \u00e9sta ma\u00f1ana la exposici\u00f3n fotogr\u00e1fica titulada \u201cSecretos del fondo del mar\u201d conformada por 24 fotograf\u00edas capturadas en la pen\u00ednsula de Yucat\u00e1n, en cuyas profundidades han podido retratar la vida submarina de una manera muy peculiar.<\/p>\n\n\n\n<figure class=\"wp-block-image size-full\"><img loading=\"lazy\" width=\"600\" height=\"399\" src=\"https:\/\/visionpeninsular.com\/mid\/wp-content\/uploads\/2024\/02\/pasajeros-to.jpg\" alt=\"\" class=\"wp-image-184071\" srcset=\"https:\/\/visionpeninsular.com\/mid\/wp-content\/uploads\/2024\/02\/pasajeros-to.jpg 600w, https:\/\/visionpeninsular.com\/mid\/wp-content\/uploads\/2024\/02\/pasajeros-to-300x200.jpg 300w, https:\/\/visionpeninsular.com\/mid\/wp-content\/uploads\/2024\/02\/pasajeros-to-310x205.jpg 310w\" sizes=\"(max-width: 600px) 100vw, 600px\" \/><\/figure>\n\n\n\n<p>\u201cEl arte pl\u00e1stico tiene muchas facetas y \u00e9sta que es la fotograf\u00eda es muy valiosa porque nos hace ver cosas que est\u00e1n ah\u00ed pero que a simple vista no podemos apreciar, \u00e9stas especies marinas han logrado concebir el arte gracias a esos instantes capturados por los fot\u00f3grafos que hoy nos acompa\u00f1an, y que por medio de sus exploraciones han conseguido \u00e9ste acervo tan valioso\u201d se\u00f1al\u00f3 en su mensaje inaugural el Lic. H\u00e9ctor Navarrete Mu\u00f1oz, director de aeropuertos regionales de grupo ASUR.<\/p>\n\n\n\n<p>Por su parte el Dr. Rodolfo Espadas, se\u00f1al\u00f3 que \u201c\u00e9sta exposici\u00f3n es una expresi\u00f3n de nuestra emocionante pasi\u00f3n por el buceo y la fotograf\u00eda y por medio de \u00e9stas fotograf\u00edas deseamos compartir con ustedes lo que consideramos es el para\u00edso del fondo del mar, esta actividad nos une y nos desaf\u00eda a perfeccionar nuestras habilidades t\u00e9cnicas y art\u00edsticas, as\u00ed como nos inculca disciplina\u201d indic\u00f3.<\/p>\n\n\n\n<figure class=\"wp-block-image size-full\"><img loading=\"lazy\" width=\"600\" height=\"399\" src=\"https:\/\/visionpeninsular.com\/mid\/wp-content\/uploads\/2024\/02\/fotomar.jpg\" alt=\"\" class=\"wp-image-184070\" srcset=\"https:\/\/visionpeninsular.com\/mid\/wp-content\/uploads\/2024\/02\/fotomar.jpg 600w, https:\/\/visionpeninsular.com\/mid\/wp-content\/uploads\/2024\/02\/fotomar-300x200.jpg 300w, https:\/\/visionpeninsular.com\/mid\/wp-content\/uploads\/2024\/02\/fotomar-310x205.jpg 310w\" sizes=\"(max-width: 600px) 100vw, 600px\" \/><\/figure>\n\n\n\n<p>Acompa\u00f1\u00f3 en el corte de list\u00f3n el administrador del aeropuerto de M\u00e9rida, Lic. Oscar Carrillo Maldonado. La muestra se presenta en la galer\u00eda del pasillo de llegadas nacionales e internacionales donde permanecer\u00e1 en exposici\u00f3n para deleite de todos los pasajeros.<\/p>\n<div class='share-to-whatsapp-wrapper'><div class='share-on-whsp'>Share on: <\/div><a data-text='\u201cLos secretos del fondo del mar\u201d, est\u00e1n visibles en el Aeropuerto de M\u00e9rida' data-link='https:\/\/visionpeninsular.com\/mid\/los-secretos-del-fondo-del-mar-estan-visibles-en-el-aeropuerto-de-merida\/' class='whatsapp-button whatsapp-share'>WhatsApp<\/a><div class='clear '><\/div><\/div>","protected":false},"excerpt":{"rendered":"<p>Unidos por primera vez en una exposici\u00f3n fotogr\u00e1fica, cinco destacados galenos de Yucat\u00e1n, presentan sus obras en la galer\u00eda del Aeropuerto de M\u00e9rida. El colectivo de buceo denominado Neptuno 8 conformado por Dr. Daniel Muci\u00f1o, Dr. Otto Bauerle, Dr. W\u00edlbert Ch\u00ed, Dr. \u00c1lvaro Bolio Sol\u00eds y Dr. Rodolfo Espadas inauguraron \u00e9sta ma\u00f1ana la exposici\u00f3n fotogr\u00e1fica &hellip;<\/p>\n","protected":false},"author":5,"featured_media":184069,"comment_status":"open","ping_status":"open","sticky":false,"template":"","format":"standard","meta":{"_mi_skip_tracking":false},"categories":[50,37],"tags":[40813,1265,40814,15355],"_links":{"self":[{"href":"https:\/\/visionpeninsular.com\/mid\/wp-json\/wp\/v2\/posts\/184067"}],"collection":[{"href":"https:\/\/visionpeninsular.com\/mid\/wp-json\/wp\/v2\/posts"}],"about":[{"href":"https:\/\/visionpeninsular.com\/mid\/wp-json\/wp\/v2\/types\/post"}],"author":[{"embeddable":true,"href":"https:\/\/visionpeninsular.com\/mid\/wp-json\/wp\/v2\/users\/5"}],"replies":[{"embeddable":true,"href":"https:\/\/visionpeninsular.com\/mid\/wp-json\/wp\/v2\/comments?post=184067"}],"version-history":[{"count":1,"href":"https:\/\/visionpeninsular.com\/mid\/wp-json\/wp\/v2\/posts\/184067\/revisions"}],"predecessor-version":[{"id":184072,"href":"https:\/\/visionpeninsular.com\/mid\/wp-json\/wp\/v2\/posts\/184067\/revisions\/184072"}],"wp:featuredmedia":[{"embeddable":true,"href":"https:\/\/visionpeninsular.com\/mid\/wp-json\/wp\/v2\/media\/184069"}],"wp:attachment":[{"href":"https:\/\/visionpeninsular.com\/mid\/wp-json\/wp\/v2\/media?parent=184067"}],"wp:term":[{"taxonomy":"category","embeddable":true,"href":"https:\/\/visionpeninsular.com\/mid\/wp-json\/wp\/v2\/categories?post=184067"},{"taxonomy":"post_tag","embeddable":true,"href":"https:\/\/visionpeninsular.com\/mid\/wp-json\/wp\/v2\/tags?post=184067"}],"curies":[{"name":"wp","href":"https:\/\/api.w.org\/{rel}","templated":true}]}}