{"id":183769,"date":"2024-02-02T14:50:38","date_gmt":"2024-02-02T20:50:38","guid":{"rendered":"https:\/\/visionpeninsular.com\/mid\/?p=183769"},"modified":"2024-02-02T14:50:39","modified_gmt":"2024-02-02T20:50:39","slug":"regresan-los-imperdibles-al-centro-cultural-olimpo-en-merida-fest-2024","status":"publish","type":"post","link":"https:\/\/visionpeninsular.com\/mid\/regresan-los-imperdibles-al-centro-cultural-olimpo-en-merida-fest-2024\/","title":{"rendered":"Regresan \u2018Los Imperdibles\u2019 al Centro Cultural Olimpo en M\u00e9rida Fest 2024"},"content":{"rendered":"\n<p>A fin de volver a disfrutar el talento y la creatividad de la comunidad art\u00edstica que particip\u00f3 con diferentes producciones en la edici\u00f3n 2024 del M\u00e9rida Fest, regresan a la cartelera art\u00edstica del Centro Cultural Olimpo \u201cLos Imperdibles\u201d.<\/p>\n\n\n\n<p>Se trata de proyectos que tuvieron gran respuesta por parte del p\u00fablico y al mismo tiempo se mantiene activa la oferta cultural en M\u00e9rida con proyectos de reciente producci\u00f3n.<\/p>\n\n\n\n<p>La Direcci\u00f3n de Cultura informa que los eventos se presentar\u00e1n durante el mes de febrero y todo lo que se recaude en taquilla se destinar\u00e1 de manera \u00edntegra a los artistas. El precio de los boletos oscila entre los $50.00 y $200.00 pesos, dependiendo de cada proyecto.<\/p>\n\n\n\n<p>El primer fin de semana se podr\u00e1 disfrutar la obra \u201cManuelita. Alma de mis amores\u201d, dirigida por Xhail Espadas, la cual narra las vivencias de Manuela Albertos con su esposo, el historiador yucateco Eligio Ancona. La puesta en escena est\u00e1 basada en la correspondencia sostenida entre ambos personajes. entre 1885 y 1891, y acerca a la vida cotidiana de las mujeres del siglo XIX en Yucat\u00e1n. La obra tendr\u00e1 dos presentaciones, el 2 y 3 de febrero.<\/p>\n\n\n\n<p>Una obra que reflexiona sobre la inclusi\u00f3n regresa con las \u201cIm\u00e1genes de mi alma\u201d, el domingo 4, dirigida por Hortencia S\u00e1nchez, de Ritual Teatro y Teatro del Sue\u00f1o. El espect\u00e1culo aborda el estado interior de un adolescente con s\u00edndrome de down, su necesidad de integraci\u00f3n, lo cual intentar\u00e1 lograr a partir de la colaboraci\u00f3n de una psicodramista y un grupo de teatro. En escena tambi\u00e9n se suma el uso del lenguaje de se\u00f1as.<\/p>\n\n\n\n<figure class=\"wp-block-image size-full\"><img loading=\"lazy\" width=\"556\" height=\"313\" src=\"https:\/\/visionpeninsular.com\/mid\/wp-content\/uploads\/2024\/02\/Los-imperdibles2.jpg\" alt=\"\" class=\"wp-image-183772\" srcset=\"https:\/\/visionpeninsular.com\/mid\/wp-content\/uploads\/2024\/02\/Los-imperdibles2.jpg 556w, https:\/\/visionpeninsular.com\/mid\/wp-content\/uploads\/2024\/02\/Los-imperdibles2-300x169.jpg 300w\" sizes=\"(max-width: 556px) 100vw, 556px\" \/><\/figure>\n\n\n\n<p><strong>Regresa la m\u00fasica<\/strong><\/p>\n\n\n\n<p>La m\u00fasica regresa el jueves 8 con el \u201cTributo a Mentiras\u201d, de Eme Producciones, un viaje por las canciones populares mexicanas de los ochentas, con m\u00fasica en vivo.<\/p>\n\n\n\n<p>En teatro se vuelve a disfrutar \u201cKab\u00fanker\u201d, el s\u00e1bado 10, con la compa\u00f1\u00eda Ramblers Teatro. Se trata de una obra original de Juan Esteban Ch\u00e1vez, inspirada en c\u00f3mics, con elementos de comedia, fantas\u00eda y humor negro, donde se caricaturiza los excesos del poder y se critica la descomposici\u00f3n del tejido social. Las actuaciones est\u00e1n a cargo de Juan Ram\u00f3n G\u00f3ngora, Michelle Arr\u00e9bola, Momus Andr\u00f3gino y Ariadna Alexia Loeza Arcila; la direcci\u00f3n es de Ale\u00e9 S\u00e1nchez y es apta para mayores de 15 a\u00f1os.<\/p>\n\n\n\n<p>\u201cEl coro de los aluxes\u201d es una divertida presentaci\u00f3n de teatro y m\u00fasica con la compa\u00f1\u00eda Coral\u00edteres para disfrutar el domingo 11. En la presentaci\u00f3n seis divertidos aluxes har\u00e1n que te enamores de M\u00e9rida y sus tradiciones a trav\u00e9s de bellas canciones de trova.<\/p>\n\n\n\n<p><strong>Regresa el teatro<\/strong><\/p>\n\n\n\n<p>El teatro regresa el domingo 18 con \u201cLos rumbos de la Kuxa\u00b4\u00e1n Suum\u201d, una historia de Colectivo de la Memoria que muestra el tr\u00e1nsito de la muerte y el regreso a los lugares queridos, en una puesta en escena llena emociones.<\/p>\n\n\n\n<p>\u201cImpro, Maroma y Teatro\u201d, un espect\u00e1culo de comedia, improvisaci\u00f3n y creatividad con el grupo Kokone, estar\u00e1 el domingo 25.<\/p>\n\n\n\n<p>Dos grandes producciones que se estrenaron en el M\u00e9rida Fest, con llenos totales, fueron \u201cSutil\u201d y \u201cAbrazARTE\u201d.<\/p>\n\n\n\n<p>\u201cSutil\u201d es una producci\u00f3n internacional que combina en el espect\u00e1culo voces, m\u00fasica de piano, fuego y acrobacias a\u00e9reas para agradecer el estar aqu\u00ed, mirar, valorar y recordar la belleza de la vida. En la direcci\u00f3n colaboraron Karen Bernal (C\u00eda. Ilaii), Stephan Choinire y Armando P\u00e9rez, y tendr\u00e1 dos funciones, el domingo 25, a las 18:00 y 20:00 horas.<\/p>\n\n\n\n<p>La \u00faltima presentaci\u00f3n en febrero ser\u00e1 \u201cAbrazARTE\u201d, que presenta la historia de una madre y su hija, en el oficio de titiriteras, que tratan de abrirse paso ante una sociedad que no le da el valor que se merece a esta expresi\u00f3n art\u00edstica. La obra, a cargo de la actriz Silvia K\u00e1ter y Liliana Hesant se podr\u00e1 disfrutar el jueves 29.<\/p>\n\n\n\n<p>Todos los espect\u00e1culos de \u201cLos Imperdibles\u201d que se presentar\u00e1n entre jueves y s\u00e1bado comenzar\u00e1n a las 20:00 horas y los domingos, a las 12:00 horas.<\/p>\n<div class='share-to-whatsapp-wrapper'><div class='share-on-whsp'>Share on: <\/div><a data-text='Regresan \u2018Los Imperdibles\u2019 al Centro Cultural Olimpo en M\u00e9rida Fest 2024' data-link='https:\/\/visionpeninsular.com\/mid\/regresan-los-imperdibles-al-centro-cultural-olimpo-en-merida-fest-2024\/' class='whatsapp-button whatsapp-share'>WhatsApp<\/a><div class='clear '><\/div><\/div>","protected":false},"excerpt":{"rendered":"<p>A fin de volver a disfrutar el talento y la creatividad de la comunidad art\u00edstica que particip\u00f3 con diferentes producciones en la edici\u00f3n 2024 del M\u00e9rida Fest, regresan a la cartelera art\u00edstica del Centro Cultural Olimpo \u201cLos Imperdibles\u201d. Se trata de proyectos que tuvieron gran respuesta por parte del p\u00fablico y al mismo tiempo se &hellip;<\/p>\n","protected":false},"author":5,"featured_media":183771,"comment_status":"open","ping_status":"open","sticky":false,"template":"","format":"standard","meta":{"_mi_skip_tracking":false},"categories":[49,37],"tags":[13587,2757,40701,40043],"_links":{"self":[{"href":"https:\/\/visionpeninsular.com\/mid\/wp-json\/wp\/v2\/posts\/183769"}],"collection":[{"href":"https:\/\/visionpeninsular.com\/mid\/wp-json\/wp\/v2\/posts"}],"about":[{"href":"https:\/\/visionpeninsular.com\/mid\/wp-json\/wp\/v2\/types\/post"}],"author":[{"embeddable":true,"href":"https:\/\/visionpeninsular.com\/mid\/wp-json\/wp\/v2\/users\/5"}],"replies":[{"embeddable":true,"href":"https:\/\/visionpeninsular.com\/mid\/wp-json\/wp\/v2\/comments?post=183769"}],"version-history":[{"count":1,"href":"https:\/\/visionpeninsular.com\/mid\/wp-json\/wp\/v2\/posts\/183769\/revisions"}],"predecessor-version":[{"id":183773,"href":"https:\/\/visionpeninsular.com\/mid\/wp-json\/wp\/v2\/posts\/183769\/revisions\/183773"}],"wp:featuredmedia":[{"embeddable":true,"href":"https:\/\/visionpeninsular.com\/mid\/wp-json\/wp\/v2\/media\/183771"}],"wp:attachment":[{"href":"https:\/\/visionpeninsular.com\/mid\/wp-json\/wp\/v2\/media?parent=183769"}],"wp:term":[{"taxonomy":"category","embeddable":true,"href":"https:\/\/visionpeninsular.com\/mid\/wp-json\/wp\/v2\/categories?post=183769"},{"taxonomy":"post_tag","embeddable":true,"href":"https:\/\/visionpeninsular.com\/mid\/wp-json\/wp\/v2\/tags?post=183769"}],"curies":[{"name":"wp","href":"https:\/\/api.w.org\/{rel}","templated":true}]}}