{"id":183546,"date":"2024-01-29T12:10:02","date_gmt":"2024-01-29T18:10:02","guid":{"rendered":"https:\/\/visionpeninsular.com\/mid\/?p=183546"},"modified":"2024-01-29T12:10:03","modified_gmt":"2024-01-29T18:10:03","slug":"con-ceremonia-de-gala-coronan-a-los-reyes-infantiles-y-reyes-juveniles-del-carnaval-de-merida-2024","status":"publish","type":"post","link":"https:\/\/visionpeninsular.com\/mid\/con-ceremonia-de-gala-coronan-a-los-reyes-infantiles-y-reyes-juveniles-del-carnaval-de-merida-2024\/","title":{"rendered":"Con ceremonia de gala coronan a los reyes infantiles y reyes juveniles del Carnaval de M\u00e9rida 2024"},"content":{"rendered":"\n<p>En medio de luces, m\u00fasica y color, se realiz\u00f3 la apertura del Pabell\u00f3n Carnaval, el espectacular escenario \u201cImagina\u201d fue el marco para el evento de Coronaci\u00f3n de los soberanos infantiles y juveniles.<\/p>\n\n\n\n<p>El concierto inici\u00f3 con el show musical Color Arco\u00edris con Morita, quien este a\u00f1o ser\u00e1 coronada como la Reina Momo 2024 el pr\u00f3ximo mi\u00e9rcoles 7 de Febrero.<\/p>\n\n\n\n<p>La animaci\u00f3n estuvo a cargo de Morita y Pepino como los conductores del evento comenzando con la reproducci\u00f3n del Video del Tema Oficial del Carnaval de M\u00e9rida 2024, de la fantas\u00eda a la innovaci\u00f3n.<\/p>\n\n\n\n<figure class=\"wp-block-image size-large\"><img loading=\"lazy\" width=\"1024\" height=\"768\" src=\"https:\/\/visionpeninsular.com\/mid\/wp-content\/uploads\/2024\/01\/innovacion-1024x768.jpg\" alt=\"\" class=\"wp-image-183551\" srcset=\"https:\/\/visionpeninsular.com\/mid\/wp-content\/uploads\/2024\/01\/innovacion-1024x768.jpg 1024w, https:\/\/visionpeninsular.com\/mid\/wp-content\/uploads\/2024\/01\/innovacion-300x225.jpg 300w, https:\/\/visionpeninsular.com\/mid\/wp-content\/uploads\/2024\/01\/innovacion-768x576.jpg 768w, https:\/\/visionpeninsular.com\/mid\/wp-content\/uploads\/2024\/01\/innovacion.jpg 1536w\" sizes=\"(max-width: 1024px) 100vw, 1024px\" \/><\/figure>\n\n\n\n<p>La coronaci\u00f3n de \u201cJade I\u201d, como la Reina Juvenil del Carnaval de M\u00e9rida 2024 estuvo a cargo del Mtro. Oscar Cambranes, seguido de la coronaci\u00f3n de Sa\u00fal Borges Bastarrachea \u201cSa\u00fal I\u201d, como Rey Juvenil del Carnaval de M\u00e9rida 2024 a cargo de la Dra. Celia Rivas Rodr\u00edguez.<\/p>\n\n\n\n<figure class=\"wp-block-image size-full\"><img loading=\"lazy\" width=\"500\" height=\"375\" src=\"https:\/\/visionpeninsular.com\/mid\/wp-content\/uploads\/2024\/01\/rivas-rodr\u00b4guez.jpg\" alt=\"\" class=\"wp-image-183549\" srcset=\"https:\/\/visionpeninsular.com\/mid\/wp-content\/uploads\/2024\/01\/rivas-rodr\u00b4guez.jpg 500w, https:\/\/visionpeninsular.com\/mid\/wp-content\/uploads\/2024\/01\/rivas-rodr\u00b4guez-300x225.jpg 300w\" sizes=\"(max-width: 500px) 100vw, 500px\" \/><\/figure>\n\n\n\n<p>A continuaci\u00f3n se realiz\u00f3 la coronaci\u00f3n a Yericka Dorantes Alpuche \u201cYericka I\u201d, como Reina Infantil del Carnaval de M\u00e9rida 2024 la cual estuvo a cargo del Lic. Alice Patr\u00f3n Correa; y por \u00faltimo la coronaci\u00f3n de Wilbert Patricio Valle Canto \u201cWilbert I\u201d, como Rey Infantil del Carnaval de M\u00e9rida 2024 la cual estuvo a cargo de la Mtra. Ver\u00f3nica Cetina Arjona, Presidenta del DIF Municipal.<\/p>\n\n\n\n<figure class=\"wp-block-image size-full\"><img loading=\"lazy\" width=\"500\" height=\"375\" src=\"https:\/\/visionpeninsular.com\/mid\/wp-content\/uploads\/2024\/01\/dif-municipal-carna.jpg\" alt=\"\" class=\"wp-image-183550\" srcset=\"https:\/\/visionpeninsular.com\/mid\/wp-content\/uploads\/2024\/01\/dif-municipal-carna.jpg 500w, https:\/\/visionpeninsular.com\/mid\/wp-content\/uploads\/2024\/01\/dif-municipal-carna-300x225.jpg 300w\" sizes=\"(max-width: 500px) 100vw, 500px\" \/><\/figure>\n\n\n\n<p>Una vez coronados los reyes juveniles Jade I, Sa\u00fal I y los reyes infantiles Yerika I y Wilbert I, el p\u00fablico disfrut\u00f3 el estreno del espect\u00e1culo \u201cImagina un Mundo Fant\u00e1stico\u201d<\/p>\n\n\n\n<p>Terminando la noche con Show de Ruperta P\u00e9rez Sosa, mejor conocida como La Chini que durante m\u00e1s de 1 hora, divirti\u00f3 al p\u00fablico que disfrut\u00f3 el espect\u00e1culo.<\/p>\n<div class='share-to-whatsapp-wrapper'><div class='share-on-whsp'>Share on: <\/div><a data-text='Con ceremonia de gala coronan a los reyes infantiles y reyes juveniles del Carnaval de M\u00e9rida 2024' data-link='https:\/\/visionpeninsular.com\/mid\/con-ceremonia-de-gala-coronan-a-los-reyes-infantiles-y-reyes-juveniles-del-carnaval-de-merida-2024\/' class='whatsapp-button whatsapp-share'>WhatsApp<\/a><div class='clear '><\/div><\/div>","protected":false},"excerpt":{"rendered":"<p>En medio de luces, m\u00fasica y color, se realiz\u00f3 la apertura del Pabell\u00f3n Carnaval, el espectacular escenario \u201cImagina\u201d fue el marco para el evento de Coronaci\u00f3n de los soberanos infantiles y juveniles. El concierto inici\u00f3 con el show musical Color Arco\u00edris con Morita, quien este a\u00f1o ser\u00e1 coronada como la Reina Momo 2024 el pr\u00f3ximo &hellip;<\/p>\n","protected":false},"author":5,"featured_media":183548,"comment_status":"open","ping_status":"open","sticky":false,"template":"","format":"standard","meta":{"_mi_skip_tracking":false},"categories":[50,37],"tags":[40602,40601],"_links":{"self":[{"href":"https:\/\/visionpeninsular.com\/mid\/wp-json\/wp\/v2\/posts\/183546"}],"collection":[{"href":"https:\/\/visionpeninsular.com\/mid\/wp-json\/wp\/v2\/posts"}],"about":[{"href":"https:\/\/visionpeninsular.com\/mid\/wp-json\/wp\/v2\/types\/post"}],"author":[{"embeddable":true,"href":"https:\/\/visionpeninsular.com\/mid\/wp-json\/wp\/v2\/users\/5"}],"replies":[{"embeddable":true,"href":"https:\/\/visionpeninsular.com\/mid\/wp-json\/wp\/v2\/comments?post=183546"}],"version-history":[{"count":1,"href":"https:\/\/visionpeninsular.com\/mid\/wp-json\/wp\/v2\/posts\/183546\/revisions"}],"predecessor-version":[{"id":183552,"href":"https:\/\/visionpeninsular.com\/mid\/wp-json\/wp\/v2\/posts\/183546\/revisions\/183552"}],"wp:featuredmedia":[{"embeddable":true,"href":"https:\/\/visionpeninsular.com\/mid\/wp-json\/wp\/v2\/media\/183548"}],"wp:attachment":[{"href":"https:\/\/visionpeninsular.com\/mid\/wp-json\/wp\/v2\/media?parent=183546"}],"wp:term":[{"taxonomy":"category","embeddable":true,"href":"https:\/\/visionpeninsular.com\/mid\/wp-json\/wp\/v2\/categories?post=183546"},{"taxonomy":"post_tag","embeddable":true,"href":"https:\/\/visionpeninsular.com\/mid\/wp-json\/wp\/v2\/tags?post=183546"}],"curies":[{"name":"wp","href":"https:\/\/api.w.org\/{rel}","templated":true}]}}