{"id":183450,"date":"2024-01-26T14:20:38","date_gmt":"2024-01-26T20:20:38","guid":{"rendered":"https:\/\/visionpeninsular.com\/mid\/?p=183450"},"modified":"2024-01-26T14:20:40","modified_gmt":"2024-01-26T20:20:40","slug":"yucatan-tiene-el-mejor-parque-de-mexico-gran-parque-la-plancha","status":"publish","type":"post","link":"https:\/\/visionpeninsular.com\/mid\/yucatan-tiene-el-mejor-parque-de-mexico-gran-parque-la-plancha\/","title":{"rendered":"Yucat\u00e1n tiene el mejor parque de M\u00e9xico: &#8220;Gran Parque La Plancha&#8221;"},"content":{"rendered":"\n<ul><li><strong><em>Este atractivo cuenta con amenidades como lago con fuente, \u201cSkatepark\u201d, \u201cPet Park\u201d y los Museos de la Luz y del Ferrocarril, para el disfrute de todas las familias.<\/em><\/strong><\/li><li><strong><em>En el parque de \u201cLa Plancha\u201d tambi\u00e9n se encuentra la estaci\u00f3n del Ie-tram que conecta a Kanas\u00edn con M\u00e9rida, con lo que se contin\u00faa transformando la movilidad en Yucat\u00e1n.<\/em><\/strong><\/li><\/ul>\n\n\n\n<p>M\u00e9rida, Yucat\u00e1n, 26 de enero de 2024.- El anhelado sue\u00f1o de hace m\u00e1s de 30 a\u00f1os de los yucatecos de contar con el parque de \u201cLa Plancha\u201d se convirti\u00f3 en una realidad, resultado de las gestiones del Gobernador Mauricio Vila Dosal para que en Yucat\u00e1n se contin\u00fae escribiendo una historia de cambio y transformaci\u00f3n logrando tener el mejor parque de todo M\u00e9xico.<\/p>\n\n\n\n<p>Trabajando en equipo, se ha logrado recuperar un terreno que estaba abandonado, era foco de infecciones y generaba inseguridad e inestabilidad, para convertirlo en un atractivo m\u00e1s para todas las familias yucatecas y que, adem\u00e1s, atrae turismo, impulsando la econom\u00eda local.<\/p>\n\n\n\n<p>Esta obra, que comprende m\u00e1s de 20 hect\u00e1reas de superficie, cuenta con un andador lineal que recorre el parque, una zona de vagones y la zona donde se encuentran sus m\u00e1s importantes atractivos, como el Mercado Gastron\u00f3mico, el Skatepark, el Museo, el andador circular, lago artificial, auditorio y anfiteatro. Se sembraron m\u00e1s de 3 mil \u00e1rboles y se instalaron m\u00e1s de 129 c\u00e1maras de videovigilancia.<\/p>\n\n\n\n<p>Este proyecto se divide en 4 secciones: la primera alberga el gimnasio al aire libre, las concesiones de vagones y la casa de m\u00e1quinas; en la segunda, se encuentran los juegos infantiles, una fuente interactiva y los comedores; en la tercera, est\u00e1 el acceso, el espejo de agua, un skatepark, un Pet Park y un mercado gastron\u00f3mico; y finalmente, en la cuarta, se ubica el anfiteatro, juegos infantiles y el gran lago artificial.<\/p>\n\n\n\n<p>Para que las familias puedan recorrerlo cuenta con andador lineal de 712 metros y otro circular, mirador, concesiones de 8 vagones, fuente interactiva, anfiteatro con capacidad para 10,000 personas, lago artificial, espejo de agua, m\u00f3dulos de ba\u00f1os, sendero recreativo de 2 kil\u00f3metros, pista de patinaje y malec\u00f3n; Mercado Gastron\u00f3mico con isla, oficina administrativa, restaurantes y locales, y los Museos del Ferrocarril y la Luz.<\/p>\n\n\n\n<p>Igualmente, tiene estacionamiento con 301 cajones; jard\u00edn deportivo con cancha de usos m\u00faltiples para f\u00fatbol r\u00e1pido, tocho y voleibol; gimnasio al aire libre; parque de mascotas con superficie de 1,562 metros y 4 zonas de juegos infantiles.<\/p>\n\n\n\n<p>Entre los beneficios de esta obra, destacan que est\u00e1 dando un mejor uso a un \u00e1rea con mucha historia para hacerla parte del presente y futuro de la entidad, como sitio de convivencia donde las familias disfrutar\u00e1n actividades deportivas, recreativas, culturales y educativas, a la vez que incrementar\u00e1 el n\u00famero de visitantes y se aprovechar\u00e1 la oferta hotelera existente.<\/p>\n\n\n\n<p>Cabe recordar que, originalmente dicha \u00e1rea se dar\u00eda al Ej\u00e9rcito para que se construyeran viviendas y el nuevo cuartel de la Guardia Nacional, por lo que Vila Dosal gestion\u00f3, primero, ante el Presidente Andr\u00e9s Manuel L\u00f3pez Obrador y luego en un encuentro con el secretario de la Sedena, Luis Cresencio Sandoval Gonz\u00e1lez, que dicho espacio de la capital yucateca se destinara para un parque p\u00fablico en esta zona.<\/p>\n\n\n\n<p>As\u00ed, convenci\u00f3 al titular de la Sedena de mover las instalaciones militares a otras zonas de la ciudad y se acord\u00f3 que el Gobierno del Estado realizar\u00eda el proyecto del parque en \u201cLa Plancha\u201d y el Gobernador logr\u00f3 acordar con el Presidente que el terreno se utilice para realizar un parque p\u00fablico.<\/p>\n\n\n\n<p>Como parte de esta coordinaci\u00f3n, tambi\u00e9n se lleg\u00f3 al acuerdo en el que el Gobierno del Estado y el Ayuntamiento de M\u00e9rida ceden terrenos a las Fuerzas Armadas para construir otras instalaciones que necesitan.<\/p>\n\n\n\n<p>En esta zona tambi\u00e9n se desarrollan otros proyectos como la estaci\u00f3n del Ie-Tram que conecta a Kanas\u00edn con M\u00e9rida y donde converger\u00e1n las diferentes rutas de este transporte p\u00fablico 100% el\u00e9ctrico y \u00fanico en su tipo en Latinoam\u00e9rica, continuando con la transformaci\u00f3n de la movilidad en Yucat\u00e1n.<\/p>\n\n\n\n<p>Este espacio contempla un patio de carga, 5 bah\u00edas para autobuses, puertas de acceso a las bah\u00edas con validadores para pago electr\u00f3nico, amplias salas de espera, segundo piso para el centro de control, monitoreo del Ie-Tram, as\u00ed como 32 \u00e1reas de carga para el mismo n\u00famero de autobuses.<\/p>\n\n\n\n<p>De esta forma, el Gobernador contin\u00faa impulsando la transformaci\u00f3n de la movilidad en Yucat\u00e1n convirti\u00e9ndola en sustentable, moderna, eficiente y con la calidad que merecen las y los yucatecos.<\/p>\n\n\n\n<p>El Parque de \u201cLa Plancha\u201d es una obra es tan importante que hay otros proyectos que se derivaron de \u00e9l, tales como la rehabilitaci\u00f3n de m\u00e1s de 2 kil\u00f3metros de calles y banquetas, el Ayuntamiento de M\u00e9rida pint\u00f3 las fachadas de las viviendas que la rodean, la estaci\u00f3n del Ie-Tram, el Corredor Tur\u00edstico-Gastron\u00f3mico y el paso de la Escuela a la Universidad de las Artes, traduciendo todos estos esfuerzos coordinados entre los gobiernos estatal, federal y municipal en elevar la calidad de vida de las y los yucatecos con mejores espacios de recreaci\u00f3n.<\/p>\n<div class='share-to-whatsapp-wrapper'><div class='share-on-whsp'>Share on: <\/div><a data-text='Yucat\u00e1n tiene el mejor parque de M\u00e9xico: \"Gran Parque La Plancha\"' data-link='https:\/\/visionpeninsular.com\/mid\/yucatan-tiene-el-mejor-parque-de-mexico-gran-parque-la-plancha\/' class='whatsapp-button whatsapp-share'>WhatsApp<\/a><div class='clear '><\/div><\/div>","protected":false},"excerpt":{"rendered":"<p>Este atractivo cuenta con amenidades como lago con fuente, \u201cSkatepark\u201d, \u201cPet Park\u201d y los Museos de la Luz y del Ferrocarril, para el disfrute de todas las familias.En el parque de \u201cLa Plancha\u201d tambi\u00e9n se encuentra la estaci\u00f3n del Ie-tram que conecta a Kanas\u00edn con M\u00e9rida, con lo que se contin\u00faa transformando la movilidad en &hellip;<\/p>\n","protected":false},"author":5,"featured_media":183452,"comment_status":"open","ping_status":"open","sticky":false,"template":"","format":"standard","meta":{"_mi_skip_tracking":false},"categories":[49,37],"tags":[40566,185,9934,3861],"_links":{"self":[{"href":"https:\/\/visionpeninsular.com\/mid\/wp-json\/wp\/v2\/posts\/183450"}],"collection":[{"href":"https:\/\/visionpeninsular.com\/mid\/wp-json\/wp\/v2\/posts"}],"about":[{"href":"https:\/\/visionpeninsular.com\/mid\/wp-json\/wp\/v2\/types\/post"}],"author":[{"embeddable":true,"href":"https:\/\/visionpeninsular.com\/mid\/wp-json\/wp\/v2\/users\/5"}],"replies":[{"embeddable":true,"href":"https:\/\/visionpeninsular.com\/mid\/wp-json\/wp\/v2\/comments?post=183450"}],"version-history":[{"count":1,"href":"https:\/\/visionpeninsular.com\/mid\/wp-json\/wp\/v2\/posts\/183450\/revisions"}],"predecessor-version":[{"id":183455,"href":"https:\/\/visionpeninsular.com\/mid\/wp-json\/wp\/v2\/posts\/183450\/revisions\/183455"}],"wp:featuredmedia":[{"embeddable":true,"href":"https:\/\/visionpeninsular.com\/mid\/wp-json\/wp\/v2\/media\/183452"}],"wp:attachment":[{"href":"https:\/\/visionpeninsular.com\/mid\/wp-json\/wp\/v2\/media?parent=183450"}],"wp:term":[{"taxonomy":"category","embeddable":true,"href":"https:\/\/visionpeninsular.com\/mid\/wp-json\/wp\/v2\/categories?post=183450"},{"taxonomy":"post_tag","embeddable":true,"href":"https:\/\/visionpeninsular.com\/mid\/wp-json\/wp\/v2\/tags?post=183450"}],"curies":[{"name":"wp","href":"https:\/\/api.w.org\/{rel}","templated":true}]}}