{"id":183377,"date":"2024-01-24T11:00:57","date_gmt":"2024-01-24T17:00:57","guid":{"rendered":"https:\/\/visionpeninsular.com\/mid\/?p=183377"},"modified":"2024-01-24T11:01:39","modified_gmt":"2024-01-24T17:01:39","slug":"expondran-59-obras-de-joan-miro-en-el-olimpo","status":"publish","type":"post","link":"https:\/\/visionpeninsular.com\/mid\/expondran-59-obras-de-joan-miro-en-el-olimpo\/","title":{"rendered":"Expondr\u00e1n 59 obras de Joan Mir\u00f3 en el Olimpo"},"content":{"rendered":"\n<p>M\u00e9rida refrenda su vocaci\u00f3n de arte universal con la exposici\u00f3n \u201cMir\u00f3. M\u00edstica y Vanguardia\u201d del artista catal\u00e1n Joan Mir\u00f3, el nuevo regalo art\u00edstico para M\u00e9rida en el 482 aniversario de fundaci\u00f3n.<\/p>\n\n\n\n<p>Joan Mir\u00f3, junto con Picasso, resulta uno de los grandes emblemas del arte moderno y de vanguardias del siglo XX, expusieron el Director de Cultura Irving Berl\u00edn Villafa\u00f1a y Santiago P\u00e9rez Garci, curador de la muestra, al presentar en un encuentro con los medios de comunicaci\u00f3n, los detalles de la exposici\u00f3n que ma\u00f1ana ser\u00e1 inaugurada en el Centro Cultural Olimpo.<\/p>\n\n\n\n<figure class=\"wp-block-image size-full\"><img loading=\"lazy\" width=\"500\" height=\"375\" src=\"https:\/\/visionpeninsular.com\/mid\/wp-content\/uploads\/2024\/01\/miro.jpg\" alt=\"\" class=\"wp-image-183380\" srcset=\"https:\/\/visionpeninsular.com\/mid\/wp-content\/uploads\/2024\/01\/miro.jpg 500w, https:\/\/visionpeninsular.com\/mid\/wp-content\/uploads\/2024\/01\/miro-300x225.jpg 300w\" sizes=\"(max-width: 500px) 100vw, 500px\" \/><\/figure>\n\n\n\n<p>59 piezas<\/p>\n\n\n\n<p>La colecci\u00f3n re\u00fane 59 piezas en distintas disciplinas del arte gr\u00e1fico, una de las expresiones m\u00e1s cultivadas por Joan Mir\u00f3 durante sus pausados procesos pict\u00f3ricos, combinados con la pintura, escultura y la cer\u00e1mica, siendo la gr\u00e1fica una de las identidades m\u00e1s importantes y relevantes dentro de la carrera del artista.<\/p>\n\n\n\n<p>Santiago P\u00e9rez comparti\u00f3 que entre las particularidades de la muestra es que se resalta el eje vanguardista y una mirada a una visi\u00f3n m\u00edstica de Mir\u00f3.<\/p>\n\n\n\n<p>\u201cJoan Mir\u00f3 se vuelca m\u00e1s hacia una abstracci\u00f3n expresionista, una expresi\u00f3n de los elementos formales que se entretejen con la identidad crom\u00e1tica que se vuelve caracter\u00edstica de la iconograf\u00eda del artista\u201d, agreg\u00f3.<\/p>\n\n\n\n<p><strong>Experiencias del artista<\/strong><\/p>\n\n\n\n<p>Durante la charla, el curador y muse\u00f3grafo platic\u00f3 sobre los diferentes momentos de la vida de Mir\u00f3, su tr\u00e1nsito continuo entre su natal Barcelona, sus estancia en Par\u00eds, la costa de Normand\u00eda y sus viajes a Nueva York, que le permiti\u00f3 vincularse con toda la revoluci\u00f3n est\u00e9tica que marcar\u00eda la pintura, la escultura, poes\u00eda y obra editorial, as\u00ed como las tendencias vanguardistas, su marcada formaci\u00f3n religiosa cat\u00f3lica y visi\u00f3n m\u00edstica.<\/p>\n\n\n\n<p>La obra, reunida de diferentes colecciones privadas de Espa\u00f1a, permite ver tambi\u00e9n la evoluci\u00f3n del arte gr\u00e1fico y algunos de los artistas ejemplares que impulsaron ese arte a lo largo del siglo pasado.<\/p>\n\n\n\n<figure class=\"wp-block-image size-full\"><img loading=\"lazy\" width=\"768\" height=\"512\" src=\"https:\/\/visionpeninsular.com\/mid\/wp-content\/uploads\/2024\/01\/Expo-Miro-3-scaled-1.jpg\" alt=\"\" class=\"wp-image-183381\" srcset=\"https:\/\/visionpeninsular.com\/mid\/wp-content\/uploads\/2024\/01\/Expo-Miro-3-scaled-1.jpg 768w, https:\/\/visionpeninsular.com\/mid\/wp-content\/uploads\/2024\/01\/Expo-Miro-3-scaled-1-300x200.jpg 300w\" sizes=\"(max-width: 768px) 100vw, 768px\" \/><\/figure>\n\n\n\n<p>En las paredes de las tres salas del Olimpo se busc\u00f3 darle una identidad crom\u00e1tica y semejanza a los colores primarios que prevalecen en toda la obra del artista catal\u00e1n (verde, rojo, azul, amarillo y negro). No se consider\u00f3 una disposici\u00f3n de la obra por n\u00facleos tem\u00e1ticos, lo que permite al espectador visitar las salas desde diferentes puntos, sin seguir una lectura lineal.<\/p>\n\n\n\n<p>Quienes visiten la colecci\u00f3n encontrar\u00e1n litograf\u00edas, calcograf\u00edas realizadas en t\u00e9cnicas de aguafuertes, aguatintas, a veces combinadas, y algunas tintas secas, xilograf\u00eda y una pieza realizada a partir de la talla de madera.<\/p>\n\n\n\n<p><strong>Serie de Barcelona<\/strong><\/p>\n\n\n\n<p>Tambi\u00e9n se incluye una secci\u00f3n de la gran serie que Mir\u00f3 dedic\u00f3 a su ciudad natal, Barcelona, donde se ilustran paisajes urbanos, con una carga gestual. Asimismo hay obras de carteles litogr\u00e1ficos que Mir\u00f3 elabor\u00f3 para exposiciones relevantes con otros colegas, en distintas galer\u00edas de Francia y Par\u00eds.<\/p>\n\n\n\n<p>Santiago P\u00e9rez ha sido director del Museo Nacional de la Estampa, del Instituto Nacional de Bellas Artes y Literatura y ha participado en la realizaci\u00f3n de m\u00e1s de 300 exposiciones en recintos culturales de M\u00e9xico y el extranjero.<\/p>\n\n\n\n<p>Expresando su agradecimiento al Ayuntamiento de M\u00e9rida por la oportunidad de llevar esta destacada muestra de arte al p\u00fablico yucateco, la exhibici\u00f3n estar\u00e1 abierta de manera gratuita hasta el 4 de mayo. A lo largo de este periodo, los visitantes tendr\u00e1n la oportunidad de disfrutar de esta valiosa exposici\u00f3n art\u00edstica que se encuentra temporalmente en M\u00e9rida.<\/p>\n\n\n\n<p><strong>Celebraci\u00f3n a M\u00e9rida<\/strong><\/p>\n\n\n\n<p>En su exposici\u00f3n, el Director de Cultura se\u00f1al\u00f3 que la muestra \u00abMir\u00f3. M\u00edstica y Vanguardia\u00bb marcar\u00e1 el cierre de las celebraciones por el 482 aniversario de la ciudad. A lo largo del mes de enero, se ha experimentado una exhibici\u00f3n diaria de arte, emprendimientos creativos, artesan\u00eda, moda, gastronom\u00eda, entre otros, demostrando la riqueza creativa que posee M\u00e9rida. Este despliegue no solo contribuye a la generaci\u00f3n de identidad y tejido social, sino tambi\u00e9n al posicionamiento tur\u00edstico a nivel nacional e internacional.<\/p>\n\n\n\n<p>Destac\u00f3 que Joan Mir\u00f3 es uno de los grandes artistas del siglo XX y se espera que su obra, cargada de creatividad, color y arte, sea un atractivo para los locales y visitantes.<\/p>\n\n\n\n<p>Anticip\u00f3 que adem\u00e1s de las exposici\u00f3n, est\u00e1n previstas otras actividades, como recorridos guiados y talleres que permitir\u00e1n conocer m\u00e1s el universo de Mir\u00f3.<\/p>\n\n\n\n<p>Este mi\u00e9rcoles 24 de enero, a las 20:00 horas, se llevar\u00e1 a cabo la inauguraci\u00f3n de la exposici\u00f3n \u00abMir\u00f3. M\u00edstica y Vanguardia\u00bb en el Centro Cultural Olimpo. La muestra estar\u00e1 abierta al p\u00fablico de martes a s\u00e1bado, en un horario que va desde las 10:00 hasta las 20:00 horas, y los domingos de 10:00 a 18:00 horas.<\/p>\n<div class='share-to-whatsapp-wrapper'><div class='share-on-whsp'>Share on: <\/div><a data-text='Expondr\u00e1n 59 obras de Joan Mir\u00f3 en el Olimpo' data-link='https:\/\/visionpeninsular.com\/mid\/expondran-59-obras-de-joan-miro-en-el-olimpo\/' class='whatsapp-button whatsapp-share'>WhatsApp<\/a><div class='clear '><\/div><\/div>","protected":false},"excerpt":{"rendered":"<p>M\u00e9rida refrenda su vocaci\u00f3n de arte universal con la exposici\u00f3n \u201cMir\u00f3. M\u00edstica y Vanguardia\u201d del artista catal\u00e1n Joan Mir\u00f3, el nuevo regalo art\u00edstico para M\u00e9rida en el 482 aniversario de fundaci\u00f3n. Joan Mir\u00f3, junto con Picasso, resulta uno de los grandes emblemas del arte moderno y de vanguardias del siglo XX, expusieron el Director de &hellip;<\/p>\n","protected":false},"author":5,"featured_media":183379,"comment_status":"open","ping_status":"open","sticky":false,"template":"","format":"standard","meta":{"_mi_skip_tracking":false},"categories":[49,37],"tags":[36263,2757,40533,40043],"_links":{"self":[{"href":"https:\/\/visionpeninsular.com\/mid\/wp-json\/wp\/v2\/posts\/183377"}],"collection":[{"href":"https:\/\/visionpeninsular.com\/mid\/wp-json\/wp\/v2\/posts"}],"about":[{"href":"https:\/\/visionpeninsular.com\/mid\/wp-json\/wp\/v2\/types\/post"}],"author":[{"embeddable":true,"href":"https:\/\/visionpeninsular.com\/mid\/wp-json\/wp\/v2\/users\/5"}],"replies":[{"embeddable":true,"href":"https:\/\/visionpeninsular.com\/mid\/wp-json\/wp\/v2\/comments?post=183377"}],"version-history":[{"count":1,"href":"https:\/\/visionpeninsular.com\/mid\/wp-json\/wp\/v2\/posts\/183377\/revisions"}],"predecessor-version":[{"id":183382,"href":"https:\/\/visionpeninsular.com\/mid\/wp-json\/wp\/v2\/posts\/183377\/revisions\/183382"}],"wp:featuredmedia":[{"embeddable":true,"href":"https:\/\/visionpeninsular.com\/mid\/wp-json\/wp\/v2\/media\/183379"}],"wp:attachment":[{"href":"https:\/\/visionpeninsular.com\/mid\/wp-json\/wp\/v2\/media?parent=183377"}],"wp:term":[{"taxonomy":"category","embeddable":true,"href":"https:\/\/visionpeninsular.com\/mid\/wp-json\/wp\/v2\/categories?post=183377"},{"taxonomy":"post_tag","embeddable":true,"href":"https:\/\/visionpeninsular.com\/mid\/wp-json\/wp\/v2\/tags?post=183377"}],"curies":[{"name":"wp","href":"https:\/\/api.w.org\/{rel}","templated":true}]}}