{"id":18320,"date":"2016-12-09T07:23:40","date_gmt":"2016-12-09T13:23:40","guid":{"rendered":"http:\/\/visionpeninsular.com\/mid\/?p=18320"},"modified":"2016-12-09T07:23:40","modified_gmt":"2016-12-09T13:23:40","slug":"uber-cuestiona-verdadero-interes-criminalizar-a-la-plataforma-tecnologica","status":"publish","type":"post","link":"https:\/\/visionpeninsular.com\/mid\/uber-cuestiona-verdadero-interes-criminalizar-a-la-plataforma-tecnologica\/","title":{"rendered":"Uber cuestiona verdadero inter\u00e9s de criminalizar a la plataforma tecnol\u00f3gica"},"content":{"rendered":"<p>Tras la petici\u00f3n del Diputado Emiliano Ramos para criminalizar el servicio de Uber en el Estado, la plataforma tecnol\u00f3gica pidi\u00f3 al Congreso Local velar &#8220;por el inter\u00e9s de los cancunenses&#8221;.<\/p>\n<p>A trav\u00e9s de un comunicado, Uber se\u00f1al\u00f3: \u201cEn Uber estamos comprometidos con ofrecer una opci\u00f3n segura, eficiente y accesible para los cancunenses. Iniciativas como la presentada por el Diputado Emiliano Ramos -la cual pretende castigar con hasta 5 a\u00f1os de c\u00e1rcel a quienes buscan generar ganancias extra para sus familias de forma honesta y formal prestando servicios de transporte privado conectados a la aplicaci\u00f3n de Uber- limitan las opciones de movilidad en Canc\u00fan para locales y turistas y el derecho de autoemplearse de los socios-conductores\u201d.<\/p>\n<p>En el mismo documento, la empresa cuestion\u00f3 los intereses que se protegen con esta iniciativa y quienes realmente se benefician de ella, pues Uber da la oportunidad de generar mejor econom\u00eda entre los ciudadanos.<\/p>\n<p>Cabe mencionar que la iniciativa presentada por Emiliano Ramos a\u00f9n debe ser analizada y validada por las Comisiones correspondientes quienes decidir\u00e1n si es enviada a discusi\u00f3n al Pleno para aprobaci\u00f3n o desechada. <\/p>\n<div class='share-to-whatsapp-wrapper'><div class='share-on-whsp'>Share on: <\/div><a data-text='Uber cuestiona verdadero inter\u00e9s de criminalizar a la plataforma tecnol\u00f3gica' data-link='https:\/\/visionpeninsular.com\/mid\/uber-cuestiona-verdadero-interes-criminalizar-a-la-plataforma-tecnologica\/' class='whatsapp-button whatsapp-share'>WhatsApp<\/a><div class='clear '><\/div><\/div>","protected":false},"excerpt":{"rendered":"<p>Tras la petici\u00f3n del Diputado Emiliano Ramos para criminalizar el servicio de Uber en el Estado, la plataforma tecnol\u00f3gica pidi\u00f3 al Congreso Local velar &#8220;por el inter\u00e9s de los cancunenses&#8221;. A trav\u00e9s de un comunicado, Uber se\u00f1al\u00f3: \u201cEn Uber estamos comprometidos con ofrecer una opci\u00f3n segura, eficiente y accesible para los cancunenses. Iniciativas como la &hellip;<\/p>\n","protected":false},"author":1,"featured_media":13623,"comment_status":"open","ping_status":"open","sticky":false,"template":"","format":"standard","meta":{"_mi_skip_tracking":false},"categories":[47],"tags":[4314,207],"_links":{"self":[{"href":"https:\/\/visionpeninsular.com\/mid\/wp-json\/wp\/v2\/posts\/18320"}],"collection":[{"href":"https:\/\/visionpeninsular.com\/mid\/wp-json\/wp\/v2\/posts"}],"about":[{"href":"https:\/\/visionpeninsular.com\/mid\/wp-json\/wp\/v2\/types\/post"}],"author":[{"embeddable":true,"href":"https:\/\/visionpeninsular.com\/mid\/wp-json\/wp\/v2\/users\/1"}],"replies":[{"embeddable":true,"href":"https:\/\/visionpeninsular.com\/mid\/wp-json\/wp\/v2\/comments?post=18320"}],"version-history":[{"count":1,"href":"https:\/\/visionpeninsular.com\/mid\/wp-json\/wp\/v2\/posts\/18320\/revisions"}],"predecessor-version":[{"id":18321,"href":"https:\/\/visionpeninsular.com\/mid\/wp-json\/wp\/v2\/posts\/18320\/revisions\/18321"}],"wp:featuredmedia":[{"embeddable":true,"href":"https:\/\/visionpeninsular.com\/mid\/wp-json\/wp\/v2\/media\/13623"}],"wp:attachment":[{"href":"https:\/\/visionpeninsular.com\/mid\/wp-json\/wp\/v2\/media?parent=18320"}],"wp:term":[{"taxonomy":"category","embeddable":true,"href":"https:\/\/visionpeninsular.com\/mid\/wp-json\/wp\/v2\/categories?post=18320"},{"taxonomy":"post_tag","embeddable":true,"href":"https:\/\/visionpeninsular.com\/mid\/wp-json\/wp\/v2\/tags?post=18320"}],"curies":[{"name":"wp","href":"https:\/\/api.w.org\/{rel}","templated":true}]}}