{"id":183194,"date":"2024-01-19T13:28:03","date_gmt":"2024-01-19T19:28:03","guid":{"rendered":"https:\/\/visionpeninsular.com\/mid\/?p=183194"},"modified":"2024-01-19T13:28:04","modified_gmt":"2024-01-19T19:28:04","slug":"noches-de-jazz-arte-urbano-y-hip-hop-en-ultimos-dias-del-merida-fest","status":"publish","type":"post","link":"https:\/\/visionpeninsular.com\/mid\/noches-de-jazz-arte-urbano-y-hip-hop-en-ultimos-dias-del-merida-fest\/","title":{"rendered":"Noches de Jazz, arte urbano y hip hop en \u00faltimos d\u00edas del M\u00e9rida Fest"},"content":{"rendered":"\n<p>La riqueza y talento de la comunidad art\u00edstica se ver\u00e1 reflejada en los diferentes espect\u00e1culos de jazz, hip hop, arte urbano y moda que tomar\u00e1n diferentes sedes en el M\u00e9rida Fest 2024 \u201cLa Fiesta de la Ciudad. Un festival internacional\u201d.<\/p>\n\n\n\n<p>La excentricidad esc\u00e9nica de \u201cKab\u00fanker\u201d sorprender\u00e1 con la propuesta del colectivo Ramblers Teatro, una delirante s\u00e1tira, inspirada en esperpentos de fantas\u00eda, c\u00f3mics, pel\u00edculas de misterio y t\u00e9cnicas de buf\u00f3n contempor\u00e1neo, caricaturiza los excesos del poder y critica la descomposici\u00f3n del tejido social.<\/p>\n\n\n\n<p>La obra, apta para j\u00f3venes a partir de 15 a\u00f1os, se presenta el 19 y 20, en el Centro Cultural Olimpo, es dirigida por Ale\u00e9 S\u00e1nchez, basada en un texto original de Juan E. Ch\u00e1vez, en la que act\u00faan Juan Ram\u00f3n G\u00f3ngora, Michelle Arr\u00e9bola, Ariadna Amexia y Momus Andr\u00f3gino.<\/p>\n\n\n\n<p>M\u00e9rida Fest 2024<\/p>\n\n\n\n<p>El viernes 20 llegan los espect\u00e1culos \u201cPoemas en Pijamas\u201d, en el que Mar\u00eda San Felipe compartir\u00e1 poemas de su pr\u00f3ximo libro y nuevas canciones en el Centro Cultural Fernando Castro Pacheco, mientras que Gina Osorno, David S\u00e1nchez y Nadia Escalante alistan una noche de poemas y temas originales en el Foro Cultural Amaro.<\/p>\n\n\n\n<p>Culmina festival de Cumbia Yucateca<\/p>\n\n\n\n<p>El Festival de Cumbia Yucateca. La Pura Gozadera Fest, finaliza este viernes con la presentaci\u00f3n de Malafacha Show en el Parque de Santiago, al igual que \u201cLos rumbos de la Kuxa\u00e1n Suum\u201d de la compa\u00f1\u00eda U Yotoch Y\u00fauyum Colectivo de la Memoria en el Teatro Daniel Ayala. La puesta en escena, una producci\u00f3n de estreno en el festival, invita a reflexionar sobre la sabidur\u00eda generacional transmitida entre abuelas y nietas, ambientada en un mito de la cultura maya.<\/p>\n\n\n\n<p>Festival de Hip Hip en el M\u00e9rida Fest<\/p>\n\n\n\n<p>El M\u00e9rida Hip Hop Festival 2024 llega con una muestra de lo mejor de arte urbano con bailarines de breakdance, artistas de pintura graffiti y m\u00e1s. La actividad ser\u00e1 del 19 al 21 de enero en el Parque de la Mejorada. Entre los participantes figuran Ceiba Flava, Los Mayucas, Kill Beat, Triple 9, Floresca Fam y Serendipia Mc\u00b4s; tambi\u00e9n habr\u00e1 batallas de breakdance y Freestyle de rap.<\/p>\n\n\n\n<figure class=\"wp-block-image size-full\"><img loading=\"lazy\" width=\"500\" height=\"611\" src=\"https:\/\/visionpeninsular.com\/mid\/wp-content\/uploads\/2024\/01\/hiphop.jpg\" alt=\"\" class=\"wp-image-183198\" srcset=\"https:\/\/visionpeninsular.com\/mid\/wp-content\/uploads\/2024\/01\/hiphop.jpg 500w, https:\/\/visionpeninsular.com\/mid\/wp-content\/uploads\/2024\/01\/hiphop-245x300.jpg 245w\" sizes=\"(max-width: 500px) 100vw, 500px\" \/><\/figure>\n\n\n\n<p>Las \u201cNoches de Jazz\u201d mostrar\u00e1n a grandes exponentes del g\u00e9nero con Conejo El\u00e9ctrico y los Brass Funkers y Chris Flory International Quintet (ambos el viernes 19), y el espect\u00e1culo \u201cVoice Prints\u201d, con Gina Osorno y la banda Dreamers, y Aguamala (s\u00e1bado 20). Ambos d\u00edas la sede ser\u00e1 el Parque el Santa Ana.<\/p>\n\n\n\n<p>Tambi\u00e9n, en teatro regional, Melo Coll\u00ed llevar\u00e1 diversi\u00f3n al Parque de la Cruz, en la colonia Juan Pablo II, mientras Los M\u00e9ndez pondr\u00e1n a bailar a todos en el parque Emancipaci\u00f3n (Colonia Vergel II). Tambi\u00e9n se presentar\u00e1n Censurado (en el parque de la colonia Vicene Sol\u00eds) y la Banda Ysrael&nbsp; (parque de Xocl\u00e1n Susul\u00e1).<\/p>\n\n\n\n<figure class=\"wp-block-image size-full\"><img loading=\"lazy\" width=\"600\" height=\"334\" src=\"https:\/\/visionpeninsular.com\/mid\/wp-content\/uploads\/2024\/01\/susula.jpg\" alt=\"\" class=\"wp-image-183197\" srcset=\"https:\/\/visionpeninsular.com\/mid\/wp-content\/uploads\/2024\/01\/susula.jpg 600w, https:\/\/visionpeninsular.com\/mid\/wp-content\/uploads\/2024\/01\/susula-300x167.jpg 300w\" sizes=\"(max-width: 600px) 100vw, 600px\" \/><\/figure>\n\n\n\n<p>Igualmente, el Museo de la Ciudad se prepara para abrir este viernes 19 de enero tres nuevas colecciones que giran en torno a la moda:\u201cIndumentum. Elena Mart\u00ednez Bolio. Modistas. Magas y Escultoras\u00bb es una sensible reflexi\u00f3n sobre la importancia de la indumentaria a lo largo de generaciones y c\u00f3mo las prendas de vestir tienen un papel fundamental en las distintas etapas de nuestra vida.<\/p>\n\n\n\n<p>\u201cSerge Barbeau. Retrospectiva\u201d, retrata 25 a\u00f1os de foto de moda, y \u201cArtificio en esencia. Marcela D\u00edaz\u201d, incluye obra escult\u00f3rica cuya constancia es la aparici\u00f3n de lo contempor\u00e1neo y la tradici\u00f3n, siempre fundidos como esencia.<\/p>\n\n\n\n<p><strong>Pasarela de moda en el Parque de la Paz<\/strong><\/p>\n\n\n\n<p>Con el parque de la Paz como escenario, la moda ser\u00e1 el centro de atenci\u00f3n en \u201cNUA. Fashion Show\u201d de David Salom\u00f3n. La pasarela se realizar\u00e1 el s\u00e1bado 20 y est\u00e1 inspirada en una mujer nueva que busca estar confortable sin dejar de ser glamorosa y elegante.<\/p>\n\n\n\n<p>Asimismo, el s\u00e1bado llega la producci\u00f3n internacional \u201cSutil\u201d, que combina voz, piano, agua, fuego y acrobacias a\u00e9reas, con la compa\u00f1\u00eda Ilaii. Como directores est\u00e1n Karen Bernal, Amando P\u00e9rez y Stephan Choinire.<\/p>\n\n\n\n<p><strong>Noche de culturas en la Plaza Grande<\/strong><\/p>\n\n\n\n<p>Ese mismo d\u00eda, el programa \u201cNoche de las Culturas\u201d recibe a Ricardo Ribeiro, una de las voces m\u00e1s destacadas de la nueva generaci\u00f3n de cantantes de fado portugu\u00e9s, y a la violinista rusa Elena Mikhailova, en la Plaza Grande. La destacada artista, ganadora de m\u00e1s de 20 premios nacionales e internacionales, interpretar\u00e1 \u201cCaleidoscopio a&nbsp; 4 cuerdas\u201d, con su viol\u00edn con obras de Paganini, Eug\u00e9ne Ysa\u00ffe, Albeniz y Kreisler.<\/p>\n\n\n\n<p>Por otro lado, el domingo 21, la violinista estar\u00e1 tambi\u00e9n como solista invitada de la Orquesta de C\u00e1mara de M\u00e9rida en el concierto \u201cC\u00e1lido invierno\u201d. El repertorio incluye obras de Vivaldi, Massenet, Sarate y Bazzini, en el Palacio de la M\u00fasica.<\/p>\n\n\n\n<p>Ese mismo d\u00eda, el M\u00e9rida Fest recibir\u00e1 el talento de la banda Gondwana en la Plaza Grande. La agrupaci\u00f3n chilena es pionera del sonido reggae en espa\u00f1ol y ha sido dos veces nominada a los Premios Gardel de Argentina.<\/p>\n\n\n\n<p>Entre las actividades literarias para disfrutar en los pr\u00f3ximos d\u00edas est\u00e1n la presentaci\u00f3n de los libros de Luis Varguez Pasos y Sergio Ceballos, as\u00ed como los conciertos \u201cToda una vida. 50 a\u00f1os de trayectoria. Jorge Buenfil\u00bb, \u201cHerencias. Yahal Kab. 45 a\u00f1os de m\u00fasica\u201d y el estreno de \u201cSora\u201d, una experiencia esc\u00e9nica que combina teatro visual, de objetos, performance y paisaje sonoro.<\/p>\n\n\n\n<p>En el sitio www.merida.gob.mx\/meridafest se pueden consultar sedes y horarios. Todas las actividades del M\u00e9rida Fest son gratuitas y se recomienda llegar con una hora de anticipaci\u00f3n, en especial a las actividades en espacios cerrados por la capacidad de aforo de los mismos.<\/p>\n<div class='share-to-whatsapp-wrapper'><div class='share-on-whsp'>Share on: <\/div><a data-text='Noches de Jazz, arte urbano y hip hop en \u00faltimos d\u00edas del M\u00e9rida Fest' data-link='https:\/\/visionpeninsular.com\/mid\/noches-de-jazz-arte-urbano-y-hip-hop-en-ultimos-dias-del-merida-fest\/' class='whatsapp-button whatsapp-share'>WhatsApp<\/a><div class='clear '><\/div><\/div>","protected":false},"excerpt":{"rendered":"<p>La riqueza y talento de la comunidad art\u00edstica se ver\u00e1 reflejada en los diferentes espect\u00e1culos de jazz, hip hop, arte urbano y moda que tomar\u00e1n diferentes sedes en el M\u00e9rida Fest 2024 \u201cLa Fiesta de la Ciudad. Un festival internacional\u201d. La excentricidad esc\u00e9nica de \u201cKab\u00fanker\u201d sorprender\u00e1 con la propuesta del colectivo Ramblers Teatro, una delirante &hellip;<\/p>\n","protected":false},"author":5,"featured_media":183196,"comment_status":"open","ping_status":"open","sticky":false,"template":"","format":"standard","meta":{"_mi_skip_tracking":false},"categories":[50,37],"tags":[13587,2757,40043,40468],"_links":{"self":[{"href":"https:\/\/visionpeninsular.com\/mid\/wp-json\/wp\/v2\/posts\/183194"}],"collection":[{"href":"https:\/\/visionpeninsular.com\/mid\/wp-json\/wp\/v2\/posts"}],"about":[{"href":"https:\/\/visionpeninsular.com\/mid\/wp-json\/wp\/v2\/types\/post"}],"author":[{"embeddable":true,"href":"https:\/\/visionpeninsular.com\/mid\/wp-json\/wp\/v2\/users\/5"}],"replies":[{"embeddable":true,"href":"https:\/\/visionpeninsular.com\/mid\/wp-json\/wp\/v2\/comments?post=183194"}],"version-history":[{"count":1,"href":"https:\/\/visionpeninsular.com\/mid\/wp-json\/wp\/v2\/posts\/183194\/revisions"}],"predecessor-version":[{"id":183199,"href":"https:\/\/visionpeninsular.com\/mid\/wp-json\/wp\/v2\/posts\/183194\/revisions\/183199"}],"wp:featuredmedia":[{"embeddable":true,"href":"https:\/\/visionpeninsular.com\/mid\/wp-json\/wp\/v2\/media\/183196"}],"wp:attachment":[{"href":"https:\/\/visionpeninsular.com\/mid\/wp-json\/wp\/v2\/media?parent=183194"}],"wp:term":[{"taxonomy":"category","embeddable":true,"href":"https:\/\/visionpeninsular.com\/mid\/wp-json\/wp\/v2\/categories?post=183194"},{"taxonomy":"post_tag","embeddable":true,"href":"https:\/\/visionpeninsular.com\/mid\/wp-json\/wp\/v2\/tags?post=183194"}],"curies":[{"name":"wp","href":"https:\/\/api.w.org\/{rel}","templated":true}]}}