{"id":182996,"date":"2024-01-15T10:57:21","date_gmt":"2024-01-15T16:57:21","guid":{"rendered":"https:\/\/visionpeninsular.com\/mid\/?p=182996"},"modified":"2024-01-15T10:57:22","modified_gmt":"2024-01-15T16:57:22","slug":"llamando-a-darle-valor-a-la-vida-cerro-su-campana-xochitl-galvez-ruiz-y-pidio-ni-una-mas-y-ningun-violentador-al-poder","status":"publish","type":"post","link":"https:\/\/visionpeninsular.com\/mid\/llamando-a-darle-valor-a-la-vida-cerro-su-campana-xochitl-galvez-ruiz-y-pidio-ni-una-mas-y-ningun-violentador-al-poder\/","title":{"rendered":"Llamando a darle valor a la vida, cerr\u00f3 su campa\u00f1a X\u00f3chitl G\u00e1lvez Ru\u00edz, y pidi\u00f3 \u201cNi una m\u00e1s\u201d y ning\u00fan violentador al poder"},"content":{"rendered":"\n<p>Por: SemM\u00e9xico<\/p>\n\n\n\n<ul><li><strong><em>Hizo un recorrido de al menos 18 yerros&nbsp; de este gobierno que ofende a todas y todas las mexicanas, ella no prometi\u00f3, dijo que s\u00ed le importa<\/em><\/strong><\/li><li><strong><em>Record\u00f3 que el gobierno de la 4T es responsable de m\u00e1s de un mill\u00f3n de muertes, entre COVID, crimen y violencia contra las mujeres<\/em><\/strong><\/li><\/ul>\n\n\n\n<p>Sara Lovera<\/p>\n\n\n\n<p>SemM\u00e9xico, Ciudad de M\u00e9xico, 15 de enero, 2024.- Esta tarde la candidata de la oposici\u00f3n, X\u00f3chitl G\u00e1lvez Ru\u00edz exigi\u00f3 al Instituto Nacional Electoral&nbsp; y al Tribunal Electoral que saquen al presidente y a los gobernadores de Morena de estas elecciones.<\/p>\n\n\n\n<p>Cerr\u00f3 su pre campa\u00f1a, destacando que si llega a la presidencia de la Rep\u00fablica si se ocupar\u00e1 de la crisis humanitaria que vive M\u00e9xico, donde hay&nbsp; que dar la lucha por todas las mujeres que son violentadas y asesinadas a diario. Ning\u00fan violentador al poder, ni una m\u00e1s, ni una menos, areng\u00f3.<\/p>\n\n\n\n<p>Lament\u00f3 que&nbsp; el asesinato, el feminicidio y la desaparici\u00f3n parece no importar al partido oficial.<\/p>\n\n\n\n<p>Hizo notar, en un discurso peque\u00f1o, certero, que adem\u00e1s vivimos en un r\u00e9gimen de mentiras, donde se pierde la verdad y consider\u00f3 indignante que se le permita al&nbsp; de Estado calumniar&nbsp; a personas de bien: mujeres, activistas, acad\u00e9micos, ambientalistas, cient\u00edficos, empresarios, deportistas, feministas, comunidad LGBTIQ+, j\u00f3venes, m\u00e9dicos, jueces, periodistas, artistas, v\u00edctimas.<\/p>\n\n\n\n<p>Y dijo, en la Arena M\u00e9xico, con miles de simpatizantes, que todas y todos hemos&nbsp; sido ofendidos y calumniados, insultados, ninguneados. Su alocuci\u00f3n se centr\u00f3 en los yerros de la 4t y emotiva vestida de blanco y magenta, pidi\u00f3 no olvidar al m\u00e1s de un mill\u00f3n de muertos y muertas en esta administraci\u00f3n&nbsp; y lanz\u00f3 una repulsa a lo que sucede, cuando se pierde el valor de la vida, cuando el gobierno es absolutamente insensible, ante el crimen y las masacres. Cuando fue irrelevante para esta administraci\u00f3n las muertes de 800 mil personas en la pandemia de COVID.<\/p>\n\n\n\n<p>Describi\u00f3, sintetiz\u00f3 m\u00e1s de 18 asuntos cr\u00edticos, como el medio ambiental, el agua, la pobreza, pero sobre todo el valor de la vida. Se trat\u00f3 de una verdadera proclama, aplaudida por miles de personas<\/p>\n\n\n\n<p>Anexamos el texto completo:<\/p>\n\n\n\n<p>Versi\u00f3n estenogr\u00e1fica del mensaje de X\u00f3chitl G\u00e1lvez en su cierre de precampa\u00f1a en la Arena Ciudad de M\u00e9xico.<\/p>\n\n\n\n<p>Buenas tardes.<\/p>\n\n\n\n<p>\u00bfC\u00f3mo est\u00e1n?<\/p>\n\n\n\n<p>Buenas tardes a todas y a todos.<\/p>\n\n\n\n<p>Es un gran d\u00eda.<\/p>\n\n\n\n<p>Gracias por estar aqu\u00ed, ciudadanas y ciudadanos libres.<\/p>\n\n\n\n<p>Amigas y amigos de la sociedad civil.<\/p>\n\n\n\n<p>Amigas y amigos del PAN.<\/p>\n\n\n\n<p>Amigas y amigos del del PRI.<\/p>\n\n\n\n<p>Amigas y amigos del PRD.<\/p>\n\n\n\n<p>A ti, que te la est\u00e1s rifando con fuerza y coraz\u00f3n en todo M\u00e9xico, porque sabes que tu familia merece m\u00e1s.<\/p>\n\n\n\n<p>Hoy les pregunto:<\/p>\n\n\n\n<p>\u00bfEst\u00e1n listos para la lucha m\u00e1s importante de nuestra vida?<\/p>\n\n\n\n<p>Coro: \u00a1S\u00ed!<\/p>\n\n\n\n<p>X\u00f3chitl G\u00e1lvez Ruiz: \u00bfEst\u00e1n listos para luchar por lo que m\u00e1s quieren?<\/p>\n\n\n\n<p>Coro: \u00a1S\u00ed!<\/p>\n\n\n\n<p>X\u00f3chitl G\u00e1lvez Ruiz: Yo estoy lista.<\/p>\n\n\n\n<p>Que se oiga bien.<\/p>\n\n\n\n<p>Que se oiga fuerte.<\/p>\n\n\n\n<p>Que se oiga en todo el pa\u00eds.<\/p>\n\n\n\n<p>\u00bfEst\u00e1n listos?<\/p>\n\n\n\n<p>Coro: \u00a1S\u00ed!<\/p>\n\n\n\n<p>X\u00f3chitl G\u00e1lvez Ruiz: \u00bfEst\u00e1n listos?<\/p>\n\n\n\n<p>Coro: \u00a1S\u00ed!<\/p>\n\n\n\n<p>X\u00f3chitl G\u00e1lvez Ruiz: Estamos listos, claro que estamos listos.<\/p>\n\n\n\n<p>(Porras)<\/p>\n\n\n\n<p>Claro que s\u00ed, claro que lo vamos a lograr.<\/p>\n\n\n\n<p>(Porras)<\/p>\n\n\n\n<p>He recorrido nuestro querido M\u00e9xico una vez m\u00e1s.<\/p>\n\n\n\n<p>Y me he encontrado una crisis profunda y dolorosa.<\/p>\n\n\n\n<p>Una crisis que est\u00e1 destruyendo el alma de M\u00e9xico.<\/p>\n\n\n\n<p>Con este gobierno, con este Presidente, M\u00e9xico est\u00e1 perdiendo tres valores fundamentales.<\/p>\n\n\n\n<p>El valor de la vida.<\/p>\n\n\n\n<p>El valor de la verdad.<\/p>\n\n\n\n<p>Y el valor de la libertad.<\/p>\n\n\n\n<p>Y les voy a decir por qu\u00e9:<\/p>\n\n\n\n<p>Se pierde el valor de la vida, cuando el gobierno es absolutamente insensible.<\/p>\n\n\n\n<p>Cuando no se conmueve ante la muerte de sus propios ciudadanos.<\/p>\n\n\n\n<p>Cuando la autoridad, abraza a los criminales y culpa a las v\u00edctimas.<\/p>\n\n\n\n<p>Cuando se pretende borrar de un plumazo a los desaparecidos y el presidente se r\u00ede a carcajadas ante las masacres.<\/p>\n\n\n\n<p>Cuando el gobierno abandona a las polic\u00edas a su suerte.<\/p>\n\n\n\n<p>Cuando se usa a nuestros soldados y marinos para satisfacer los caprichos del presidente, dejando al pueblo a merced de los delincuentes.<\/p>\n\n\n\n<p>Y no s\u00f3lo eso, se pierde el valor de la vida cuando al gobierno le da lo mismo que, en un hospital p\u00fablico, un elevador mate a una ni\u00f1a inocente.<\/p>\n\n\n\n<p>Cuando al gobierno le da lo mismo que se mueran a diario ni\u00f1os enfermos por falta de medicinas.<\/p>\n\n\n\n<p>Se pierde el valor de la vida, cuando le da lo mismo que la gente muera en el Metro, por culpa de una gobernante incompetente.<\/p>\n\n\n\n<p>Cuando le da lo mismo las muertes de 800 mil personas en la pandemia de COVID.<\/p>\n\n\n\n<p>Que nunca se nos olvide: M\u00e9xico fue el pa\u00eds con m\u00e1s m\u00e9dicos y m\u00e1s enfermeras muertas durante la pandemia.<\/p>\n\n\n\n<p>Y quiero que me escuchen bien, porque esto que voy a decir es muy grave.<\/p>\n\n\n\n<p>Este gobierno ya es responsable de la muerte de m\u00e1s de un mill\u00f3n de mexicanos, m\u00e1s de un mill\u00f3n de muertos, 800 mil por la pandemia, 175 mil por la violencia y el crimen y, desafortunadamente, los que faltan.<\/p>\n\n\n\n<p>Y otros 200 mil muertos por la destrucci\u00f3n del sistema de salud y el desabasto de medicamentos.<\/p>\n\n\n\n<p>Sepan que entre 2020, 21 y 22 han muerto m\u00e1s de 200 mil personas por falta de medicamentos para la diabetes y para la hipertensi\u00f3n arterial.<\/p>\n\n\n\n<p>M\u00e1s de un mill\u00f3n de vidas perdidas en s\u00f3lo cinco a\u00f1os.<\/p>\n\n\n\n<p>Hoy, M\u00e9xico est\u00e1 peor que cualquier pa\u00eds en estado de guerra.<\/p>\n\n\n\n<p>\u00a1Carajo! Con un mill\u00f3n de muertos, \u00bfc\u00f3mo pueden ofrecer continuidad?<\/p>\n\n\n\n<p>Continuidad es impunidad.<\/p>\n\n\n\n<p>Continuidad es mediocridad.<\/p>\n\n\n\n<p>Continuidad es inseguridad.<\/p>\n\n\n\n<p>Continuidad es falsedad.<\/p>\n\n\n\n<p>(Porras)<\/p>\n\n\n\n<p>\u00bfUstedes creen que exagero?<\/p>\n\n\n\n<p>Hay quienes quieren cerrar los ojos.<\/p>\n\n\n\n<p>Hay quienes quieren negar la realidad.<\/p>\n\n\n\n<p>Hay quienes prefieren las mentiras de \u201clos otros datos\u201d.<\/p>\n\n\n\n<p>Y eso es as\u00ed, porque tambi\u00e9n se est\u00e1 perdiendo el valor de la verdad.<\/p>\n\n\n\n<p>Se pierde la verdad, cuando a mucha gente no le importa que el gobierno nos mienta a diario.<\/p>\n\n\n\n<p>Cuando se dicen mentiras, como \u201cprimero los pobres\u201d, cuando en realidad son \u201cprimero los L\u00f3pez\u201d.<\/p>\n\n\n\n<p>Se pierde la verdad, cuando se permite que el jefe de Estado calumnie a personas de bien: mujeres, activistas, acad\u00e9micos, ambientalistas, cient\u00edficos, empresarios, deportistas, feministas, comunidad LGBTIQ+, j\u00f3venes, m\u00e9dicos, jueces, periodistas, artistas, v\u00edctimas.<\/p>\n\n\n\n<p>Todos ustedes han sido ofendidos y calumniados, insultados, ninguneados.<\/p>\n\n\n\n<p>\u00a1Ya basta! \u00a1Ya basta!<\/p>\n\n\n\n<p>Ning\u00fan presidente que diga amar a M\u00e9xico puede despreciar tanto a sus propios compatriotas.<\/p>\n\n\n\n<p>Ning\u00fan presidente que diga amar a M\u00e9xico puede atacar con tanto odio a la clase media, a la que le ha dicho de todo.<\/p>\n\n\n\n<p>No puede atacar as\u00ed a quienes trabajan duro, a quienes estudian, a quienes educan, a quienes emprenden.<\/p>\n\n\n\n<p>No puede atacar as\u00ed a quienes sue\u00f1an con un mejor futuro, a quienes quieren salir adelante y sacar adelante a nuestro pa\u00eds, a quienes quieren dar una vida mejor a sus familias.<\/p>\n\n\n\n<p>No s\u00f3lo eso, con este gobierno se est\u00e1 perdiendo el valor de la libertad.<\/p>\n\n\n\n<p>Se pierde la libertad cuando el gobierno amenaza a las empresas.<\/p>\n\n\n\n<p>Cuando pretende quedarse con los ahorros, Afores y pensiones de los mexicanos.<\/p>\n\n\n\n<p>Ya avisaron, van por las pensiones, van por los ahorros.<\/p>\n\n\n\n<p>No lo permitamos. Luchemos.<\/p>\n\n\n\n<p>Adem\u00e1s, se pierde la libertad cuando no puedes salir de noche.<\/p>\n\n\n\n<p>Se pierde la libertad cuando no puedes circular tranquilamente en las carreteras.<\/p>\n\n\n\n<p>Se pierde la libertad cuando vives con miedo.<\/p>\n\n\n\n<p>Tambi\u00e9n, se pierde la libertad cuando se deja que un gobierno amenace a la democracia por su maldita ambici\u00f3n de poder.<\/p>\n\n\n\n<p>Cuando pretende destruir y someter a las instituciones.<\/p>\n\n\n\n<p>Hablo del Instituto Nacional Electoral.<\/p>\n\n\n\n<p>Hablo de todas las instituciones de justicia; instituciones, que defendimos y defenderemos. Como cuando la marea rosa encendi\u00f3 el Z\u00f3calo al grito de: \u201cel INE no se toca\u201d, \u201cel INE no se toca\u201d, \u201cel INE no se toca\u201d.<\/p>\n\n\n\n<p>Quiero desde aqu\u00ed decirle a las autoridades electorales y al pueblo de M\u00e9xico:<\/p>\n\n\n\n<p>No puede haber voto libre con gobernantes que atacan, acosan e intimidan a la oposici\u00f3n.<\/p>\n\n\n\n<p>Exijo al INE y al Tribunal Electoral que saquen al presidente y a los gobernadores de Morena de estas elecciones.<\/p>\n\n\n\n<p>M\u00e9xico quiere elecciones justas y libres.<\/p>\n\n\n\n<p>Que se oiga claro:<\/p>\n\n\n\n<p>\u00a1El voto no se toca! \u00a1El voto no se toca! \u00a1El voto no se toca!<\/p>\n\n\n\n<p>Esta es la crisis que enfrentamos.<\/p>\n\n\n\n<p>Por eso estamos aqu\u00ed.<\/p>\n\n\n\n<p>Porque a nosotros s\u00ed nos importa la vida de la gente.<\/p>\n\n\n\n<p>Porque a nosotros s\u00ed nos importa la verdad.<\/p>\n\n\n\n<p>Porque a nosotros s\u00ed nos importa la libertad.<\/p>\n\n\n\n<p>Vida, verdad y libertad, eso es lo que est\u00e1 en juego este a\u00f1o.<\/p>\n\n\n\n<p>\u00a1Libertad! \u00a1Libertad! \u00a1Libertad!<\/p>\n\n\n\n<p>Por eso, \u00e9sta no s\u00f3lo es una elecci\u00f3n m\u00e1s, \u00e9sta es la elecci\u00f3n m\u00e1s importante de nuestras vidas, es la elecci\u00f3n en la que se definen los pr\u00f3ximos 30 a\u00f1os.<\/p>\n\n\n\n<p>Tenemos que ganar.<\/p>\n\n\n\n<p>A fines de este a\u00f1o, con la renovaci\u00f3n en la Suprema Corte de Justicia, se pone en riesgo la divisi\u00f3n de Poderes y el \u00faltimo contrapeso de la democracia mexicana.<\/p>\n\n\n\n<p>En estos comicios no s\u00f3lo se define un cambio, se define tambi\u00e9n la sobrevivencia del r\u00e9gimen democr\u00e1tico.<\/p>\n\n\n\n<p>Tenemos que luchar, no s\u00f3lo para ganar una elecci\u00f3n, no s\u00f3lo para ganar la Presidencia y el Congreso.<\/p>\n\n\n\n<p>Tenemos que luchar para traer vida, donde hoy se pasea la muerte.<\/p>\n\n\n\n<p>Tenemos que luchar para traer verdad a donde hoy reina la mentira.<\/p>\n\n\n\n<p>Tenemos que luchar para defender la libertad, ah\u00ed donde hoy gobierna el miedo.<\/p>\n\n\n\n<p>Vida, verdad y libertad.<\/p>\n\n\n\n<p>Todos debemos tenerlo muy claro.<\/p>\n\n\n\n<p>Tenemos que dar la lucha por el alma de nuestro pa\u00eds.<\/p>\n\n\n\n<p>Tenemos que dar la lucha para que las madres buscadoras encuentren el consuelo.<\/p>\n\n\n\n<p>Tenemos que dar la lucha por los padres de los ni\u00f1os enfermos que agonizan por la falta de medicinas.<\/p>\n\n\n\n<p>Tenemos que dar la lucha por los j\u00f3venes. Los est\u00e1n matando, tenemos que cuidarlos, apoyarlos, protegerles y darles oportunidades a nuestros j\u00f3venes. Cuidemos a nuestros j\u00f3venes.<\/p>\n\n\n\n<p>Tenemos que dar la lucha por los comerciantes, que lloran con desesperaci\u00f3n y rabia por pagar el maldito derecho de piso.<\/p>\n\n\n\n<p>Tenemos que dar la lucha por nuestros campesinos, que adem\u00e1s de sufrir la delincuencia, pierden sus cosechas por la sequ\u00eda, sin que nadie les eche la mano. Y vaya que la sequ\u00eda es un tema que nos va a dar muchos dolores de cabeza, porque hemos ignorado el tema del cambio clim\u00e1tico.<\/p>\n\n\n\n<p>Tenemos que dar la lucha por los migrantes, que lo \u00fanico que buscan es vivir mejor.<\/p>\n\n\n\n<p>Tenemos que dar la lucha por todas las mujeres que son violentadas y asesinadas a diario. Ning\u00fan violentador al poder, ni una m\u00e1s, ni una menos.<\/p>\n\n\n\n<p>Y tengo que decir algo: No basta con abrir los ojos, no basta con abrir los ojos a la realidad de todo lo que ha destruido y da\u00f1ado este gobierno; no basta con salir a gritar que las cosas est\u00e1n mal, tenemos que ofrecer futuro, tenemos que ofrecer esperanza.<\/p>\n\n\n\n<p>Durante mi precampa\u00f1a he dicho que quiero ver un M\u00e9xico donde los pobres dejen de ser pobres, un M\u00e9xico donde la clase media sea m\u00e1s fuerte.<\/p>\n\n\n\n<p>No s\u00f3lo me refiero a mejorar niveles econ\u00f3micos de las personas. S\u00ed, eso es muy importante y lo vamos a lograr, claro que s\u00ed, porque s\u00e9 c\u00f3mo hacerlo.<\/p>\n\n\n\n<p>Y tambi\u00e9n vamos a crear el Sistema Nacional de Cuidados, necesitamos apoyar a las mujeres para que se integren a la vida laboral. Necesitamos apoyarlas con estancias infantiles, escuelas de tiempo completo, apoyo a ni\u00f1os con discapacidad y, sobre todo, el cuidado de nuestros adultos mayores.<\/p>\n\n\n\n<p>M\u00e9xico sin las mujeres no lo va a lograr, necesitamos a las mujeres para construir este gran pa\u00eds.<\/p>\n\n\n\n<p>Lo vamos a hacer porque M\u00e9xico se merece m\u00e1s, t\u00fa te mereces m\u00e1s, tu familia se merece m\u00e1s, todos merecemos m\u00e1s, todos merecemos m\u00e1s.<\/p>\n\n\n\n<p>M\u00e9tanselo en la cabeza, no se conformen con tan poco, no se conformen con un gobierno mediocre.<\/p>\n\n\n\n<p>Defender a la clase media es tambi\u00e9n defender los valores que han marcado mi vida; valores como el estudio, el trabajo, la honestidad, la perseverancia y el esfuerzo; valores como el derecho de todas y todos los mexicanos para tener un piso parejo, para llegar a donde quieran llegar.<\/p>\n\n\n\n<p>Que nunca nadie les diga que no se puede, claro que se puede.<\/p>\n\n\n\n<p>Valores como la igualdad de todas las personas en dignidad y en derecho, y la urgencia de acabar con la maldita discriminaci\u00f3n y desigualdad.<\/p>\n\n\n\n<p>Y cr\u00e9anme: Como la primera mujer de origen ind\u00edgena en la Presidencia gobernar\u00e9 con las mujeres, gobernar\u00e9 con los pueblos ind\u00edgenas y afromexicanos, gobernar\u00e9 con todas y todos.<\/p>\n\n\n\n<p>Yo quiero un pa\u00eds que recupere la seguridad y la justicia para todos.<\/p>\n\n\n\n<p>Y d\u00e9jenme compartirles algo, por aqu\u00ed anda mi hijo Juan Pablo y Diana, ah\u00ed andan.<\/p>\n\n\n\n<p>Varias veces me han preguntado si no me da miedo enfrentar a la delincuencia. Y saben qu\u00e9 les he dicho: Que me da m\u00e1s miedo dejarles a ellos un pa\u00eds ba\u00f1ado en sangre.<\/p>\n\n\n\n<p>Va por mis hijos, va por sus hijos.<\/p>\n\n\n\n<p>Por eso, cr\u00e9anme: Voy a cuidar a todos los ni\u00f1os, a todos los j\u00f3venes, como si fueran mis hijos.<\/p>\n\n\n\n<p>Por eso estamos aqu\u00ed, por el presente, por el futuro, por nuestros hijos, por nuestras familias, para que los mexicanos podamos vivir con paz y tranquilidad, para que este pa\u00eds est\u00e9 entre las 10 econom\u00edas m\u00e1s fuertes del mundo. Claro que lo podemos lograr.<\/p>\n\n\n\n<p>Es urgente que aprovechemos el nearshoring, est\u00e1 ah\u00ed, est\u00e1 enfrente de nosotros, con ello podemos generar mucho mejores empleos con mejores salarios para los mexicanos, para que nadie muera por medicina o atenci\u00f3n m\u00e9dica, para que ning\u00fan joven deje de estudiar por falta de una beca, para que los campesinos no se sientan abandonados y puedan seguir produciendo.<\/p>\n\n\n\n<p>Tenemos que aprovechar la mejor oportunidad en muchas d\u00e9cadas para atraer inversiones a M\u00e9xico.<\/p>\n\n\n\n<p>Tengan la certeza que si las dejamos ah\u00ed no van a volver, necesitamos seis cosas, y las podemos hacer, este gobierno no las va a hacer.<\/p>\n\n\n\n<p>La primera: Garantizar el cumplimiento de la ley.<\/p>\n\n\n\n<p>Dos, apostarle a las energ\u00edas limpias. Ah\u00ed est\u00e1n mis amigos de Nuevo Le\u00f3n, se est\u00e1n asfixiando por la refiner\u00eda de Cadereyta. Cr\u00e9anme que cuando llegue vamos a resolver ese problema, porque yo s\u00ed soy ambientalista, yo s\u00ed le apuesto a las energ\u00edas limpias.<\/p>\n\n\n\n<p>Necesitamos invertir para enfrentar la crisis del agua. Es brutal, es tremendo lo que nos viene el pr\u00f3ximo mes de mayo con la prolongada sequ\u00eda. O hacemos algo o las consecuencias ser\u00e1n catastr\u00f3ficas.<\/p>\n\n\n\n<p>Necesitamos formar mexicanos que est\u00e9n bien preparados, no puede seguir retrocediendo la educaci\u00f3n en nuestro pa\u00eds; no podemos seguir reprobados en matem\u00e1ticas, tenemos que apostarle a la educaci\u00f3n, que es lo que hace que un pa\u00eds salga adelante.<\/p>\n\n\n\n<p>Necesitamos construir buenas carreteras, buenos puertos, buenos Metros, que no se caigan los Metros.<\/p>\n\n\n\n<p>Estos son muy tarugos, se les cay\u00f3 el Metro.<\/p>\n\n\n\n<p>Vamos a hacer m\u00e1s Metro en la Ciudad de M\u00e9xico, tengan la certeza.<\/p>\n\n\n\n<p>Pero, sobre todo, buenos aeropuertos. Y aqu\u00ed les digo: Vamos a tener el mejor aeropuerto de Am\u00e9rica Latina.<\/p>\n\n\n\n<p>Trenes, claro que trenes, un tren a Quer\u00e9taro, pero no de combust\u00f3leo, no de di\u00e9sel, un tren el\u00e9ctrico.<\/p>\n\n\n\n<p>Las oportunidades est\u00e1n ah\u00ed, el futuro nos espera, dejemos atr\u00e1s la divisi\u00f3n, dejemos atr\u00e1s el odio.<\/p>\n\n\n\n<p>Vamos a construir el futuro con unidad, con amor y con armon\u00eda.<\/p>\n\n\n\n<p>\u00c1nimo, ya se van, ya se van.<\/p>\n\n\n\n<p>Amigas, amigos:<\/p>\n\n\n\n<p>Eso es lo que representamos nosotros, eso es lo que queremos para M\u00e9xico.<\/p>\n\n\n\n<p>\u00bfQu\u00e9 nos dicen del otro lado?<\/p>\n\n\n\n<p>Nos hablan de ponerle el segundo piso a la supuesta \u201ctransformaci\u00f3n hist\u00f3rica\u201d. \u00a1Por favor! \u00a1La gente no quiere eso! La gente quiere ponerle el segundo piso a su casa. La gente quiere ganar m\u00e1s, quiere dejar de ser pobre, quiere salir adelante.<\/p>\n\n\n\n<p>Pero Claudia Sheinbaum no entiende eso, porque ella no entiende a M\u00e9xico; ella viene del privilegio, yo vengo del esfuerzo; ella siempre ha vivido muy bien del presupuesto, de los sobres amarillos, yo s\u00ed s\u00e9 lo que es no llegar a la quincena, yo s\u00ed s\u00e9 lo que es arriesgar mis ahorros en una empresa, yo s\u00e9 lo que es crear empleos.<\/p>\n\n\n\n<p>Ella no ha creado un solo empleo en su vida y por eso le vamos a ganar.<\/p>\n\n\n\n<p>Que se oiga claro: Claudia quiere que te conformes y yo estoy convencida que t\u00fa mereces m\u00e1s.<\/p>\n\n\n\n<p>Le vamos a ganar, porque ella quiere un pa\u00eds donde los pobres sigan siendo pobres y yo quiero un pa\u00eds de clase media fuerte.<\/p>\n\n\n\n<p>Le vamos a ganar, porque ella dice que M\u00e9xico est\u00e1 mejor que nunca y eso vaya que es mentira.<\/p>\n\n\n\n<p>Yo s\u00ed vivo en la realidad de los mexicanos, yo s\u00ed camino las calles, yo s\u00ed escucho a la gente.<\/p>\n\n\n\n<p>As\u00ed es que, Se\u00f1ora Sheinbaum: Si le dan permiso, nos vemos en los debates.<\/p>\n\n\n\n<p>La precandidata de Morena dice que M\u00e9xico est\u00e1 mejor que nunca. Yo les pregunto a ustedes: \u00bfEst\u00e1 mejor la seguridad?<\/p>\n\n\n\n<p>Coro: \u00a1No!<\/p>\n\n\n\n<p>X\u00f3chitl G\u00e1lvez Ruiz: \u00bfEst\u00e1 mejor la salud?<\/p>\n\n\n\n<p>Coro: \u00a1No!<\/p>\n\n\n\n<p>X\u00f3chitl G\u00e1lvez Ruiz: \u00bfEst\u00e1 mejor la educaci\u00f3n?<\/p>\n\n\n\n<p>Coro: \u00a1No!<\/p>\n\n\n\n<p>X\u00f3chitl G\u00e1lvez Ruiz: \u00bfLa gasolina cuesta 10 pesos?<\/p>\n\n\n\n<p>Coro: \u00a1No!<\/p>\n\n\n\n<p>X\u00f3chitl G\u00e1lvez Ruiz: \u00bfLes alcanza el dinero?<\/p>\n\n\n\n<p>Coro: \u00a1No!<\/p>\n\n\n\n<p>X\u00f3chitl G\u00e1lvez Ruiz: \u00bfUstedes creen que M\u00e9xico est\u00e1 mejor que nunca?<\/p>\n\n\n\n<p>Coro: \u00a1No!<\/p>\n\n\n\n<p>X\u00f3chitl G\u00e1lvez Ruiz: \u00bfUstedes creen que, con un mill\u00f3n de muertos, con el sistema de salud en ruinas, con la educaci\u00f3n reprobada y el campo abandonado, M\u00e9xico est\u00e1 mejor que nunca?<\/p>\n\n\n\n<p>Coro: \u00a1No!<\/p>\n\n\n\n<p>X\u00f3chitl G\u00e1lvez Ruiz: Qu\u00e9 bueno que ya se van, porque ya se van, se los prometo.<\/p>\n\n\n\n<p>\u00a1Ya se van!<\/p>\n\n\n\n<p>\u00a1Ya se van!<\/p>\n\n\n\n<p>Ya se van por corruptos y por ineptos.<\/p>\n\n\n\n<p>Amigas y amigos:<\/p>\n\n\n\n<p>Se los he dicho, y aqu\u00ed se los repito, las opciones s\u00f3lo son dos: claudicar o luchar.<\/p>\n\n\n\n<p>Claudia es claudicar.<\/p>\n\n\n\n<p>Claudicar significa rendirse, doblarse, agacharse, obedecer, conformarse.<\/p>\n\n\n\n<p>Y M\u00e9xico no puede claudicar.<\/p>\n\n\n\n<p>M\u00e9xico quiere luchar, luchar por la vida, luchar por la verdad, luchar por la libertad.<\/p>\n\n\n\n<p>As\u00ed que hoy aqu\u00ed les pido a todos ustedes una sola cosa, luchemos con valor para enfrentar lo que viene, una elecci\u00f3n injusta y dispareja, con todo el poder, con todo el dinero del Estado en nuestra contra.<\/p>\n\n\n\n<p>Ellos tendr\u00e1n millones, pero nosotros tenemos millones de corazones, tengan la certeza.<\/p>\n\n\n\n<p>Una elecci\u00f3n injusta y dispareja, donde algunos medios, algunos, no los que est\u00e1n aqu\u00ed, ignoran y bloquean nuestra campa\u00f1a, y ustedes saben bien a qu\u00e9 me refiero.<\/p>\n\n\n\n<p>Y desde aqu\u00ed les digo algo muy importante a los periodistas, a los medios, a los intelectuales, a los empresarios, a los gremios, a las ONG, a las universidades: \u201cDespierten, despierten, despierten\u201d, est\u00e1 en juego lo que permite que este pa\u00eds tenga viabilidad.<\/p>\n\n\n\n<p>Vida, verdad y libertad es lo que est\u00e1 en juego.<\/p>\n\n\n\n<p>No ayuden a afilar la guillotina que despu\u00e9s ser\u00e1 usada en su contra.<\/p>\n\n\n\n<p>Despierten y apoyen a un liderazgo que s\u00ed respeta y respetar\u00e1 la Constituci\u00f3n y la ley, porque para m\u00ed, la ley es la ley.<\/p>\n\n\n\n<p>Finalmente, a ustedes, mexicanas y mexicanos que apoyan esta causa, a ustedes que desde la base de los partidos trabajan en los distritos, en los municipios, en las calles, en las plazas, defendiendo sus convicciones, les digo.<\/p>\n\n\n\n<p>Amigos panistas:<\/p>\n\n\n\n<p>Necesito su m\u00edstica democr\u00e1tica y su compromiso c\u00edvico.<\/p>\n\n\n\n<p>\u00bfCuento con ustedes?<\/p>\n\n\n\n<p>Coro: \u00a1S\u00ed!<\/p>\n\n\n\n<p>X\u00f3chitl G\u00e1lvez Ruiz: Amigos priistas:<\/p>\n\n\n\n<p>Necesito su experiencia y su conocimiento de este pa\u00eds.<\/p>\n\n\n\n<p>\u00bfCuento con ustedes?<\/p>\n\n\n\n<p>Coro: \u00a1S\u00ed!<\/p>\n\n\n\n<p>X\u00f3chitl G\u00e1lvez Ruiz: Amigos perredistas:<\/p>\n\n\n\n<p>Necesito su vocaci\u00f3n de justicia social y su perseverancia.<\/p>\n\n\n\n<p>\u00bfCuento con ustedes?<\/p>\n\n\n\n<p>Coro: \u00a1S\u00ed!<\/p>\n\n\n\n<p>X\u00f3chitl G\u00e1lvez Ruiz: Amigos de la sociedad civil:<\/p>\n\n\n\n<p>Necesito su energ\u00eda, sus ideas, su valor.<\/p>\n\n\n\n<p>\u00bfCuento con ustedes?<\/p>\n\n\n\n<p>Coro: \u00a1S\u00ed!<\/p>\n\n\n\n<p>X\u00f3chitl G\u00e1lvez Ruiz: Luchemos con valor, formemos una campa\u00f1a unida y poderosa, salgamos a enfrentar al peor gobierno en la historia de M\u00e9xico.<\/p>\n\n\n\n<p>Y desde aqu\u00ed le decimos al Presidente L\u00f3pez Obrador: s\u00ed, sabemos que es poderoso; s\u00ed, sabemos que no tiene escr\u00fapulos; s\u00ed, sabemos que est\u00e1 dispuesto a todo.<\/p>\n\n\n\n<p>\u00bfPero sabe qu\u00e9, se\u00f1or Presidente?<\/p>\n\n\n\n<p>No le tengo miedo, X\u00f3chitl no le tiene miedo, porque todos no le tenemos miedo.<\/p>\n\n\n\n<p>\u00bfY saben por qu\u00e9?<\/p>\n\n\n\n<p>Porque no hay Presidente que sea m\u00e1s grande ni m\u00e1s fuerte que el pueblo de M\u00e9xico, porque no hay trampa que le vaya a alcanzar para doblar la voluntad de los ciudadanos.<\/p>\n\n\n\n<p>Y escuche bien: Los mexicanos quieren vivir en paz, quieren vivir sin miedo.<\/p>\n\n\n\n<p>Los mexicanos quieren m\u00e9dico y medicinas, los mexicanos quieren que sus hijos aprendan ingl\u00e9s y programaci\u00f3n, los mexicanos quieren buena educaci\u00f3n para abrirse paso en la vida, los mexicanos quieren esperanza y la esperanza ya es nuestra, porque la esperanza ya cambi\u00f3 de manos.<\/p>\n\n\n\n<p>Por eso, vamos adelante, vamos con valor, vamos por la vida, vamos por la verdad, vamos por la libertad.<\/p>\n\n\n\n<p>\u00a1Vamos a ganar!<\/p>\n\n\n\n<p>\u00a1Vamos a ganar!<\/p>\n\n\n\n<p>\u00a1Vamos a ganar!<\/p>\n\n\n\n<p>Se los garantizo: \u00a1Vamos a ganar!<\/p>\n\n\n\n<p>\u00a1Viva M\u00e9xico!<\/p>\n\n\n\n<p>\u00a1Viva M\u00e9xico!<\/p>\n\n\n\n<p>\u00a1Viva M\u00e9xico!<\/p>\n\n\n\n<p>Que suba el futuro de M\u00e9xico, que suba conmigo el futuro de M\u00e9xico.<\/p>\n\n\n\n<p>\u00a1Vamos a ganar!<\/p>\n\n\n\n<p>Tengan la certeza que vamos a ganar.<\/p>\n\n\n\n<p>\u2013 \u2013 \u2013 \u2013 o 0 o \u2013 \u2013 \u2013 \u2013<\/p>\n<div class='share-to-whatsapp-wrapper'><div class='share-on-whsp'>Share on: <\/div><a data-text='Llamando a darle valor a la vida, cerr\u00f3 su campa\u00f1a X\u00f3chitl G\u00e1lvez Ru\u00edz, y pidi\u00f3 \u201cNi una m\u00e1s\u201d y ning\u00fan violentador al poder' data-link='https:\/\/visionpeninsular.com\/mid\/llamando-a-darle-valor-a-la-vida-cerro-su-campana-xochitl-galvez-ruiz-y-pidio-ni-una-mas-y-ningun-violentador-al-poder\/' class='whatsapp-button whatsapp-share'>WhatsApp<\/a><div class='clear '><\/div><\/div>","protected":false},"excerpt":{"rendered":"<p>Por: SemM\u00e9xico Hizo un recorrido de al menos 18 yerros&nbsp; de este gobierno que ofende a todas y todas las mexicanas, ella no prometi\u00f3, dijo que s\u00ed le importaRecord\u00f3 que el gobierno de la 4T es responsable de m\u00e1s de un mill\u00f3n de muertes, entre COVID, crimen y violencia contra las mujeres Sara Lovera SemM\u00e9xico, &hellip;<\/p>\n","protected":false},"author":5,"featured_media":182998,"comment_status":"open","ping_status":"open","sticky":false,"template":"","format":"standard","meta":{"_mi_skip_tracking":false},"categories":[19567],"tags":[40381,37255],"_links":{"self":[{"href":"https:\/\/visionpeninsular.com\/mid\/wp-json\/wp\/v2\/posts\/182996"}],"collection":[{"href":"https:\/\/visionpeninsular.com\/mid\/wp-json\/wp\/v2\/posts"}],"about":[{"href":"https:\/\/visionpeninsular.com\/mid\/wp-json\/wp\/v2\/types\/post"}],"author":[{"embeddable":true,"href":"https:\/\/visionpeninsular.com\/mid\/wp-json\/wp\/v2\/users\/5"}],"replies":[{"embeddable":true,"href":"https:\/\/visionpeninsular.com\/mid\/wp-json\/wp\/v2\/comments?post=182996"}],"version-history":[{"count":1,"href":"https:\/\/visionpeninsular.com\/mid\/wp-json\/wp\/v2\/posts\/182996\/revisions"}],"predecessor-version":[{"id":183001,"href":"https:\/\/visionpeninsular.com\/mid\/wp-json\/wp\/v2\/posts\/182996\/revisions\/183001"}],"wp:featuredmedia":[{"embeddable":true,"href":"https:\/\/visionpeninsular.com\/mid\/wp-json\/wp\/v2\/media\/182998"}],"wp:attachment":[{"href":"https:\/\/visionpeninsular.com\/mid\/wp-json\/wp\/v2\/media?parent=182996"}],"wp:term":[{"taxonomy":"category","embeddable":true,"href":"https:\/\/visionpeninsular.com\/mid\/wp-json\/wp\/v2\/categories?post=182996"},{"taxonomy":"post_tag","embeddable":true,"href":"https:\/\/visionpeninsular.com\/mid\/wp-json\/wp\/v2\/tags?post=182996"}],"curies":[{"name":"wp","href":"https:\/\/api.w.org\/{rel}","templated":true}]}}