{"id":182781,"date":"2024-01-09T22:25:22","date_gmt":"2024-01-10T04:25:22","guid":{"rendered":"https:\/\/visionpeninsular.com\/mid\/?p=182781"},"modified":"2024-01-09T22:25:23","modified_gmt":"2024-01-10T04:25:23","slug":"periferico-de-merida-la-via-mas-mortal-de-yucatan","status":"publish","type":"post","link":"https:\/\/visionpeninsular.com\/mid\/periferico-de-merida-la-via-mas-mortal-de-yucatan\/","title":{"rendered":"Perif\u00e9rico de M\u00e9rida, la v\u00eda m\u00e1s mortal de Yucat\u00e1n"},"content":{"rendered":"\n<h2 class=\"has-text-align-center\">\u2022En 2023, nueve peatones murieron en esa arteria, inform\u00f3 experto <\/h2>\n\n\n\n<p>M\u00e9rida, Yucat\u00e1n, a 9 de enero de 2023.\u2013 En 2023, el perif\u00e9rico de M\u00e9rida se convirti\u00f3 en la principal v\u00eda mortal de Yucat\u00e1n, donde se registraron 20 v\u00edctimas mortales: dos conductores de autom\u00f3viles, dos viajeros\/acompa\u00f1antes de coches, tres ciclistas, cuatro motociclistas y nueve peatones.<\/p>\n\n\n\n<p>El ingeniero de tr\u00e1nsito vial Ren\u00e9 Flores Ayora, auditor en Seguridad Vial por el Consejo Nacional para la Prevenci\u00f3n de Accidentes (Cenapra), se\u00f1al\u00f3 que el a\u00f1o pasado se registraron 262 decesos en calles, avenidas, perif\u00e9rico de M\u00e9rida y carreteras de la entidad.<\/p>\n\n\n\n<p>Del total de 262 v\u00edctimas mortales, 141 correspondieron a motociclistas, es decir, el 53.81%; 41 peatones (15.65%). Le siguieron: 35 conductores (13.36%), 31 viajeros\/ acompa\u00f1antes de autom\u00f3viles (11.83%) y 14 ciclistas (5.34%).<\/p>\n\n\n\n<p>La primera semana del 2024, que fue del 1 al 8 de enero, se registraron nueve v\u00edctimas mortales, de los cuales tres viajeros\/acompa\u00f1antes y seis motociclistas.<\/p>\n\n\n\n<figure class=\"wp-block-image size-large\"><img loading=\"lazy\" width=\"1024\" height=\"461\" src=\"https:\/\/visionpeninsular.com\/mid\/wp-content\/uploads\/2024\/01\/WhatsApp-Image-2024-01-09-at-5.02.47-PM-1024x461.jpeg\" alt=\"\" class=\"wp-image-182783\" srcset=\"https:\/\/visionpeninsular.com\/mid\/wp-content\/uploads\/2024\/01\/WhatsApp-Image-2024-01-09-at-5.02.47-PM-1024x461.jpeg 1024w, https:\/\/visionpeninsular.com\/mid\/wp-content\/uploads\/2024\/01\/WhatsApp-Image-2024-01-09-at-5.02.47-PM-300x135.jpeg 300w, https:\/\/visionpeninsular.com\/mid\/wp-content\/uploads\/2024\/01\/WhatsApp-Image-2024-01-09-at-5.02.47-PM-768x346.jpeg 768w, https:\/\/visionpeninsular.com\/mid\/wp-content\/uploads\/2024\/01\/WhatsApp-Image-2024-01-09-at-5.02.47-PM-1536x691.jpeg 1536w, https:\/\/visionpeninsular.com\/mid\/wp-content\/uploads\/2024\/01\/WhatsApp-Image-2024-01-09-at-5.02.47-PM.jpeg 1600w\" sizes=\"(max-width: 1024px) 100vw, 1024px\" \/><figcaption>En 2023, inform\u00f3 un experto en seguridad vial, se registraron 262 defunciones, de las cuales 141 correspondieron a motoristas. Foto: Cortes\u00eda<\/figcaption><\/figure>\n<div class='share-to-whatsapp-wrapper'><div class='share-on-whsp'>Share on: <\/div><a data-text='Perif\u00e9rico de M\u00e9rida, la v\u00eda m\u00e1s mortal de Yucat\u00e1n' data-link='https:\/\/visionpeninsular.com\/mid\/periferico-de-merida-la-via-mas-mortal-de-yucatan\/' class='whatsapp-button whatsapp-share'>WhatsApp<\/a><div class='clear '><\/div><\/div>","protected":false},"excerpt":{"rendered":"<p>\u2022En 2023, nueve peatones murieron en esa arteria, inform\u00f3 experto M\u00e9rida, Yucat\u00e1n, a 9 de enero de 2023.\u2013 En 2023, el perif\u00e9rico de M\u00e9rida se convirti\u00f3 en la principal v\u00eda mortal de Yucat\u00e1n, donde se registraron 20 v\u00edctimas mortales: dos conductores de autom\u00f3viles, dos viajeros\/acompa\u00f1antes de coches, tres ciclistas, cuatro motociclistas y nueve peatones. El &hellip;<\/p>\n","protected":false},"author":11,"featured_media":182783,"comment_status":"open","ping_status":"open","sticky":false,"template":"","format":"standard","meta":{"_mi_skip_tracking":false},"categories":[49,37],"tags":[13607,15172,32507,1483,227],"_links":{"self":[{"href":"https:\/\/visionpeninsular.com\/mid\/wp-json\/wp\/v2\/posts\/182781"}],"collection":[{"href":"https:\/\/visionpeninsular.com\/mid\/wp-json\/wp\/v2\/posts"}],"about":[{"href":"https:\/\/visionpeninsular.com\/mid\/wp-json\/wp\/v2\/types\/post"}],"author":[{"embeddable":true,"href":"https:\/\/visionpeninsular.com\/mid\/wp-json\/wp\/v2\/users\/11"}],"replies":[{"embeddable":true,"href":"https:\/\/visionpeninsular.com\/mid\/wp-json\/wp\/v2\/comments?post=182781"}],"version-history":[{"count":1,"href":"https:\/\/visionpeninsular.com\/mid\/wp-json\/wp\/v2\/posts\/182781\/revisions"}],"predecessor-version":[{"id":182784,"href":"https:\/\/visionpeninsular.com\/mid\/wp-json\/wp\/v2\/posts\/182781\/revisions\/182784"}],"wp:featuredmedia":[{"embeddable":true,"href":"https:\/\/visionpeninsular.com\/mid\/wp-json\/wp\/v2\/media\/182783"}],"wp:attachment":[{"href":"https:\/\/visionpeninsular.com\/mid\/wp-json\/wp\/v2\/media?parent=182781"}],"wp:term":[{"taxonomy":"category","embeddable":true,"href":"https:\/\/visionpeninsular.com\/mid\/wp-json\/wp\/v2\/categories?post=182781"},{"taxonomy":"post_tag","embeddable":true,"href":"https:\/\/visionpeninsular.com\/mid\/wp-json\/wp\/v2\/tags?post=182781"}],"curies":[{"name":"wp","href":"https:\/\/api.w.org\/{rel}","templated":true}]}}