{"id":182730,"date":"2024-01-09T15:20:49","date_gmt":"2024-01-09T21:20:49","guid":{"rendered":"https:\/\/visionpeninsular.com\/mid\/?p=182730"},"modified":"2024-01-09T15:20:50","modified_gmt":"2024-01-09T21:20:50","slug":"mas-de-20-mil-personas-disfrutan-del-arranque-del-merida-fest","status":"publish","type":"post","link":"https:\/\/visionpeninsular.com\/mid\/mas-de-20-mil-personas-disfrutan-del-arranque-del-merida-fest\/","title":{"rendered":"M\u00e1s de 20 mil personas disfrutan del arranque del M\u00e9rida Fest"},"content":{"rendered":"\n<p>En el arranque del M\u00e9rida Fest 2024, la ciudad demostr\u00f3 ser un epicentro cultural al recibir a m\u00e1s de 20 mil personas durante el primer fin de semana de celebraciones por el 482 aniversario de su fundaci\u00f3n.<\/p>\n\n\n\n<p>La Direcci\u00f3n de Cultura del Ayuntamiento de M\u00e9rida informa que ciudadanos de todas las edades, as\u00ed como visitantes, se congregaron en diversos espacios p\u00fablicos y foros para disfrutar del talento de artistas locales, nacionales e internacionales.<\/p>\n\n\n\n<p><strong>Llenos totales<\/strong><\/p>\n\n\n\n<p>A pesar de que los conciertos m\u00e1s anticipados, como \u00abManzanero y amigos\u00bb, \u00ab100 A\u00f1os Disney\u00bb y la actuaci\u00f3n de la cantante Fey, alcanzaron llenos totales, tambi\u00e9n hubo momentos dedicados a la literatura y reconocimientos a figuras destacadas en la cultura local.<\/p>\n\n\n\n<p>Los trovadores no faltaron, dedicando sus piropos a trav\u00e9s de canciones ic\u00f3nicas de la trova yucateca en la tradicional \u00abAlborada\u00bb, que precedi\u00f3 a las ma\u00f1anitas y a la pirotecnia musical que marc\u00f3 el inicio de la fiesta de aniversario, liderada por el alcalde, Alejandro Ruz Castro.<\/p>\n\n\n\n<p><strong>Trovadores para M\u00e9rida<\/strong><\/p>\n\n\n\n<p>El concierto inaugural, centrado en la figura de Armando Manzanero, cont\u00f3 con emotivas interpretaciones a cargo de Francisco C\u00e9spedes, Tania Libertad, Edgar Oceransky, Gina Osorno, David Cavazos, Juan Pablo Manzanero y Los Juglares. Jos\u00e9 Antonio Ceballos, compositor reconocido, comparti\u00f3 sus letras en el espect\u00e1culo \u00abDe mi pluma, las canciones\u00bb, con voces como Aeda Fernanda, Javier Alcal\u00e1, David Cavazos y Malena Carde\u00f1a, quienes interpretaron temas memorables.<\/p>\n\n\n\n<p>En otro escenario, los cronistas de la ciudad Gonzalo Navarrete Mu\u00f1oz y Jorge \u00c1lvarez Rend\u00f3n, junto a Mar\u00eda Teresa M\u00e9zquita M\u00e9ndez, repasaron la historia de M\u00e9rida, sus barrios, edificios y personajes en un evento que busca plasmarse en un libro de poemas.<\/p>\n\n\n\n<p>El Centro Cultural Fernando Castro Pacheco se uni\u00f3 al festival con la presentaci\u00f3n de la cantante e historiadora Vanessa Alanis, quien ofreci\u00f3 una traves\u00eda musical para el p\u00fablico infantil en \u00abUn bote de vela\u00bb.<\/p>\n\n\n\n<p>El M\u00e9rida Fest tambi\u00e9n acogi\u00f3 el proyecto \u00abIntis\u00bb, con Miguel Hiroshi y Leonardo Prakash, brindando una experiencia musical \u00fanica en el patio del Centro Cultural Olimpo. El esperado concierto \u00ab100 A\u00f1os Disney\u00bb cautiv\u00f3 a los asistentes con temas inolvidables de pel\u00edculas ic\u00f3nicas.<\/p>\n\n\n\n<p>El domingo, la Plaza Grande vibr\u00f3 al ritmo de Fey, quien contagi\u00f3 con su energ\u00eda a m\u00e1s de una hora de espect\u00e1culo. Fey comparti\u00f3 \u00e9xitos como \u00abAz\u00facar amargo\u00bb, \u00abGatos en el balc\u00f3n\u00bb, \u00abMu\u00e9velo\u00bb, \u00abSubid\u00f3n\u00bb y \u00abPopocat\u00e9petl\u00bb.<\/p>\n\n\n\n<figure class=\"wp-block-image size-full\"><img loading=\"lazy\" width=\"768\" height=\"512\" src=\"https:\/\/visionpeninsular.com\/mid\/wp-content\/uploads\/2024\/01\/fey-15-scaled-1.jpg\" alt=\"\" class=\"wp-image-182733\" srcset=\"https:\/\/visionpeninsular.com\/mid\/wp-content\/uploads\/2024\/01\/fey-15-scaled-1.jpg 768w, https:\/\/visionpeninsular.com\/mid\/wp-content\/uploads\/2024\/01\/fey-15-scaled-1-300x200.jpg 300w\" sizes=\"(max-width: 768px) 100vw, 768px\" \/><\/figure>\n\n\n\n<p>La segunda semana del M\u00e9rida Fest continuar\u00e1 con actividades diversas, incluyendo la Semana China, el espect\u00e1culo \u00abBARBU; Electro Tad Cabaret\u00bb, la producci\u00f3n \u00abAbrazARTE\u00bb y presentaciones como \u00abIm\u00e1genes de mi alma\u00bb, \u00abConejo El\u00e9ctrico y los Brass Funkers\u00bb, Festivales de Videoartistas Chinas, el Internacional de Mon\u00f3logos de Tanicho, el Encuentro Internacional de Poes\u00eda y las Tandas Regionales.<\/p>\n\n\n\n<p>Para consultar la programaci\u00f3n completa, se puede acceder a www.merida.gob.mx\/meridafest&nbsp; Todas las actividades son de acceso libre y no requieren boletos.<\/p>\n<div class='share-to-whatsapp-wrapper'><div class='share-on-whsp'>Share on: <\/div><a data-text='M\u00e1s de 20 mil personas disfrutan del arranque del M\u00e9rida Fest' data-link='https:\/\/visionpeninsular.com\/mid\/mas-de-20-mil-personas-disfrutan-del-arranque-del-merida-fest\/' class='whatsapp-button whatsapp-share'>WhatsApp<\/a><div class='clear '><\/div><\/div>","protected":false},"excerpt":{"rendered":"<p>En el arranque del M\u00e9rida Fest 2024, la ciudad demostr\u00f3 ser un epicentro cultural al recibir a m\u00e1s de 20 mil personas durante el primer fin de semana de celebraciones por el 482 aniversario de su fundaci\u00f3n. La Direcci\u00f3n de Cultura del Ayuntamiento de M\u00e9rida informa que ciudadanos de todas las edades, as\u00ed como visitantes, &hellip;<\/p>\n","protected":false},"author":5,"featured_media":182732,"comment_status":"open","ping_status":"open","sticky":false,"template":"","format":"standard","meta":{"_mi_skip_tracking":false},"categories":[49,37],"tags":[13587,2757,40043],"_links":{"self":[{"href":"https:\/\/visionpeninsular.com\/mid\/wp-json\/wp\/v2\/posts\/182730"}],"collection":[{"href":"https:\/\/visionpeninsular.com\/mid\/wp-json\/wp\/v2\/posts"}],"about":[{"href":"https:\/\/visionpeninsular.com\/mid\/wp-json\/wp\/v2\/types\/post"}],"author":[{"embeddable":true,"href":"https:\/\/visionpeninsular.com\/mid\/wp-json\/wp\/v2\/users\/5"}],"replies":[{"embeddable":true,"href":"https:\/\/visionpeninsular.com\/mid\/wp-json\/wp\/v2\/comments?post=182730"}],"version-history":[{"count":1,"href":"https:\/\/visionpeninsular.com\/mid\/wp-json\/wp\/v2\/posts\/182730\/revisions"}],"predecessor-version":[{"id":182734,"href":"https:\/\/visionpeninsular.com\/mid\/wp-json\/wp\/v2\/posts\/182730\/revisions\/182734"}],"wp:featuredmedia":[{"embeddable":true,"href":"https:\/\/visionpeninsular.com\/mid\/wp-json\/wp\/v2\/media\/182732"}],"wp:attachment":[{"href":"https:\/\/visionpeninsular.com\/mid\/wp-json\/wp\/v2\/media?parent=182730"}],"wp:term":[{"taxonomy":"category","embeddable":true,"href":"https:\/\/visionpeninsular.com\/mid\/wp-json\/wp\/v2\/categories?post=182730"},{"taxonomy":"post_tag","embeddable":true,"href":"https:\/\/visionpeninsular.com\/mid\/wp-json\/wp\/v2\/tags?post=182730"}],"curies":[{"name":"wp","href":"https:\/\/api.w.org\/{rel}","templated":true}]}}