{"id":182726,"date":"2024-01-08T22:31:30","date_gmt":"2024-01-09T04:31:30","guid":{"rendered":"https:\/\/visionpeninsular.com\/mid\/?p=182726"},"modified":"2024-01-08T22:31:31","modified_gmt":"2024-01-09T04:31:31","slug":"locutores-de-hispanoamerica-reunidos-en-merida","status":"publish","type":"post","link":"https:\/\/visionpeninsular.com\/mid\/locutores-de-hispanoamerica-reunidos-en-merida\/","title":{"rendered":"Locutores de Hispanoam\u00e9rica reunidos en M\u00e9rida"},"content":{"rendered":"\n<h2 class=\"has-text-align-center\">\u2022Del 17 al 20 de enero, se realizar\u00e1 el V Encuentro de la Federaci\u00f3n Hispanoamericana de Locutores en la Universidad An\u00e1huac-Mayab<\/h2>\n\n\n\n<p>M\u00e9rida, Yucat\u00e1n, a 8 de enero de 2024.\u2013 Representes de Rep\u00fablica Dominicana, Panam\u00e1, Per\u00fa, Colombia, Ecuador y Cuba, as\u00ed como miembros de 20 delegaciones estatales, pertenecientes a la Asociaci\u00f3n Nacional de Locutores de M\u00e9xico (ANLM), participar\u00e1n en el V Encuentro de la Federaci\u00f3n Hispanoamericana de Locutores a realizarse del mi\u00e9rcoles 17 al s\u00e1bado 20 en la Universidad An\u00e1huac-Mayab.<\/p>\n\n\n\n<p>Felipe Vera Mart\u00ednez, presidente de la ANLM Delegaci\u00f3n Yucat\u00e1n, dio a conocer que de acuerdo con el programa se llevar\u00e1n al cabo sesiones de trabajo los d\u00edas 18 y 19 de 9 a las 14 horas.<\/p>\n\n\n\n<p>Dichas sesiones de trabajo ser\u00e1n encabezadas por la Dra. Rosal\u00eda Buaun S\u00e1nchez, presidenta de la Federaci\u00f3n Hispanoamericana de Locutores, quien tambi\u00e9n preside la Asociaci\u00f3n Mexicana de Locutores de M\u00e9xico (ANLM); as\u00ed como por Felipe Vera Mart\u00ednez, coordinador general del Encuentro.<\/p>\n\n\n\n<p>El programa de actividades incluye temas de actualidad para los locutores que ser\u00e1n impartidos por especialistas de alta calificaci\u00f3n.<\/p>\n\n\n\n<p>Yucat\u00e1n participar\u00e1 con una ponencia en legua maya, toda vez que uno de los temas de este encuentro es contribuir a que los pueblos latinoamericanos tengan a las lenguas originales como patrimonio viviente de nuestras ra\u00edces.<\/p>\n\n\n\n<p>La invitaci\u00f3n se hizo extensiva a todas aquellas personas que tengan relaci\u00f3n con el trabajo de la locuci\u00f3n, as\u00ed como estudiantes de carreras de comunicaci\u00f3n y afines, y p\u00fablico en general que quiera conocer m\u00e1s sobre la industria de la radio.<\/p>\n\n\n\n<figure class=\"wp-block-image size-full\"><img loading=\"lazy\" width=\"1024\" height=\"768\" src=\"https:\/\/visionpeninsular.com\/mid\/wp-content\/uploads\/2024\/01\/WhatsApp-Image-2024-01-08-at-9.56.57-PM.jpeg\" alt=\"\" class=\"wp-image-182728\" srcset=\"https:\/\/visionpeninsular.com\/mid\/wp-content\/uploads\/2024\/01\/WhatsApp-Image-2024-01-08-at-9.56.57-PM.jpeg 1024w, https:\/\/visionpeninsular.com\/mid\/wp-content\/uploads\/2024\/01\/WhatsApp-Image-2024-01-08-at-9.56.57-PM-300x225.jpeg 300w, https:\/\/visionpeninsular.com\/mid\/wp-content\/uploads\/2024\/01\/WhatsApp-Image-2024-01-08-at-9.56.57-PM-768x576.jpeg 768w\" sizes=\"(max-width: 1024px) 100vw, 1024px\" \/><figcaption>En el orden habitual: Barbara Leal, Jos\u00e9 Felipe Vera Mart\u00ednez , presidente de la Asociaci\u00f3n Nacional de Locutores de M\u00e9xico (ANLM) Delegaci\u00f3n Yucat\u00e1n; Jos\u00e9 G\u00f3ngora y H\u00e9ctor Moreno Portilla, presentador de noticias. Fotograf\u00eda: Cortes\u00eda <\/figcaption><\/figure>\n<div class='share-to-whatsapp-wrapper'><div class='share-on-whsp'>Share on: <\/div><a data-text='Locutores de Hispanoam\u00e9rica reunidos en M\u00e9rida' data-link='https:\/\/visionpeninsular.com\/mid\/locutores-de-hispanoamerica-reunidos-en-merida\/' class='whatsapp-button whatsapp-share'>WhatsApp<\/a><div class='clear '><\/div><\/div>","protected":false},"excerpt":{"rendered":"<p>\u2022Del 17 al 20 de enero, se realizar\u00e1 el V Encuentro de la Federaci\u00f3n Hispanoamericana de Locutores en la Universidad An\u00e1huac-Mayab M\u00e9rida, Yucat\u00e1n, a 8 de enero de 2024.\u2013 Representes de Rep\u00fablica Dominicana, Panam\u00e1, Per\u00fa, Colombia, Ecuador y Cuba, as\u00ed como miembros de 20 delegaciones estatales, pertenecientes a la Asociaci\u00f3n Nacional de Locutores de M\u00e9xico &hellip;<\/p>\n","protected":false},"author":11,"featured_media":182728,"comment_status":"open","ping_status":"open","sticky":false,"template":"","format":"standard","meta":{"_mi_skip_tracking":false},"categories":[1],"tags":[40297,40298,13607,40299,40296,227],"_links":{"self":[{"href":"https:\/\/visionpeninsular.com\/mid\/wp-json\/wp\/v2\/posts\/182726"}],"collection":[{"href":"https:\/\/visionpeninsular.com\/mid\/wp-json\/wp\/v2\/posts"}],"about":[{"href":"https:\/\/visionpeninsular.com\/mid\/wp-json\/wp\/v2\/types\/post"}],"author":[{"embeddable":true,"href":"https:\/\/visionpeninsular.com\/mid\/wp-json\/wp\/v2\/users\/11"}],"replies":[{"embeddable":true,"href":"https:\/\/visionpeninsular.com\/mid\/wp-json\/wp\/v2\/comments?post=182726"}],"version-history":[{"count":1,"href":"https:\/\/visionpeninsular.com\/mid\/wp-json\/wp\/v2\/posts\/182726\/revisions"}],"predecessor-version":[{"id":182729,"href":"https:\/\/visionpeninsular.com\/mid\/wp-json\/wp\/v2\/posts\/182726\/revisions\/182729"}],"wp:featuredmedia":[{"embeddable":true,"href":"https:\/\/visionpeninsular.com\/mid\/wp-json\/wp\/v2\/media\/182728"}],"wp:attachment":[{"href":"https:\/\/visionpeninsular.com\/mid\/wp-json\/wp\/v2\/media?parent=182726"}],"wp:term":[{"taxonomy":"category","embeddable":true,"href":"https:\/\/visionpeninsular.com\/mid\/wp-json\/wp\/v2\/categories?post=182726"},{"taxonomy":"post_tag","embeddable":true,"href":"https:\/\/visionpeninsular.com\/mid\/wp-json\/wp\/v2\/tags?post=182726"}],"curies":[{"name":"wp","href":"https:\/\/api.w.org\/{rel}","templated":true}]}}