{"id":182706,"date":"2024-01-08T21:03:13","date_gmt":"2024-01-09T03:03:13","guid":{"rendered":"https:\/\/visionpeninsular.com\/mid\/?p=182706"},"modified":"2024-01-08T21:03:14","modified_gmt":"2024-01-09T03:03:14","slug":"el-gobernador-mauricio-vila-dosal-llega-a-kanasin-a-bordo-del-ie-tram","status":"publish","type":"post","link":"https:\/\/visionpeninsular.com\/mid\/el-gobernador-mauricio-vila-dosal-llega-a-kanasin-a-bordo-del-ie-tram\/","title":{"rendered":"El Gobernador Mauricio Vila Dosal llega a Kanas\u00edn a bordo del Ie-tram"},"content":{"rendered":"\n<ul><li><strong><em>En su trayecto, Vila Dosal platic\u00f3 con los usuarios de este transporte p\u00fablico quienes resaltaron los beneficios de un servicio m\u00e1s c\u00f3modo y de calidad a la altura de los yucatecos.<\/em><\/strong><\/li><\/ul>\n\n\n\n<p>M\u00e9rida, Yucat\u00e1n, 8 de enero de 2024.- El Gobernador Mauricio Vila Dosal lleg\u00f3 al municipio de Kanas\u00edn a bordo del Ie-tram tras viajar junto con usuarios para constatar el buen funcionamiento y los beneficios de la primera ruta 100% el\u00e9ctrica en el Sureste y \u00fanica en Latinoam\u00e9rica, que est\u00e1 transformando la movilidad en Yucat\u00e1n.<\/p>\n\n\n\n<figure class=\"wp-block-image size-full\"><img loading=\"lazy\" width=\"500\" height=\"353\" src=\"https:\/\/visionpeninsular.com\/mid\/wp-content\/uploads\/2024\/01\/viatram-2.jpg\" alt=\"\" class=\"wp-image-182709\" srcset=\"https:\/\/visionpeninsular.com\/mid\/wp-content\/uploads\/2024\/01\/viatram-2.jpg 500w, https:\/\/visionpeninsular.com\/mid\/wp-content\/uploads\/2024\/01\/viatram-2-300x212.jpg 300w\" sizes=\"(max-width: 500px) 100vw, 500px\" \/><\/figure>\n\n\n\n<p>En la estaci\u00f3n de La Plancha, Vila Dosal abord\u00f3 la ruta \u201cMejorada-La Plancha-Kanas\u00edn\u201d en la que viaj\u00f3 durante 27 minutos junto con dem\u00e1s usuarios quienes destacaron los beneficios de un servicio m\u00e1s c\u00f3modo y de calidad a la altura de los yucatecos.<\/p>\n\n\n\n<p>Acompa\u00f1ado del titular de la Agencia de Transporte del Estado (ATY), Rafael Hern\u00e1ndez Kotasek y a bordo de la unidad IE-006, Vila Dosal, viaj\u00f3 desde la estaci\u00f3n de La Plancha hasta la de Kanas\u00edn donde realiz\u00f3 una gira de trabajo en la que entreg\u00f3 el Mercado de Kanas\u00edn y diversos apoyos para seguir transformando al municipio en su mejor versi\u00f3n.<\/p>\n\n\n\n<figure class=\"wp-block-image size-full\"><img loading=\"lazy\" width=\"500\" height=\"364\" src=\"https:\/\/visionpeninsular.com\/mid\/wp-content\/uploads\/2024\/01\/viatram-3.jpg\" alt=\"\" class=\"wp-image-182710\" srcset=\"https:\/\/visionpeninsular.com\/mid\/wp-content\/uploads\/2024\/01\/viatram-3.jpg 500w, https:\/\/visionpeninsular.com\/mid\/wp-content\/uploads\/2024\/01\/viatram-3-300x218.jpg 300w\" sizes=\"(max-width: 500px) 100vw, 500px\" \/><\/figure>\n\n\n\n<p>En el trayecto, Vila Dosal platic\u00f3 con las y los usuarios que ahora cuentan con una opci\u00f3n de transporte con modernas unidades en Kanas\u00edn, que brindan todas las bondades de un tranv\u00eda, pero con la flexibilidad de un autob\u00fas; ya que puede llevar hasta 105 pasajeros, de los cuales, 33 ir\u00e1n sentados, y su rendimiento ser\u00e1 de hasta 400 kil\u00f3metros por cada uno.<\/p>\n\n\n\n<figure class=\"wp-block-image size-full\"><img loading=\"lazy\" width=\"500\" height=\"333\" src=\"https:\/\/visionpeninsular.com\/mid\/wp-content\/uploads\/2024\/01\/viatram-4.jpg\" alt=\"\" class=\"wp-image-182711\" srcset=\"https:\/\/visionpeninsular.com\/mid\/wp-content\/uploads\/2024\/01\/viatram-4.jpg 500w, https:\/\/visionpeninsular.com\/mid\/wp-content\/uploads\/2024\/01\/viatram-4-300x200.jpg 300w, https:\/\/visionpeninsular.com\/mid\/wp-content\/uploads\/2024\/01\/viatram-4-310x205.jpg 310w\" sizes=\"(max-width: 500px) 100vw, 500px\" \/><\/figure>\n\n\n\n<p>Al platicar con dos j\u00f3venes estudiantes de la Prepa 1 de Kanas\u00edn, el Gobernador les pregunt\u00f3 su opini\u00f3n acerca del Ie-tram, quienes le respondieron que estaban muy contentos por la transformaci\u00f3n del transporte p\u00fablico pues ahora las unidades ya les dan parada y les respetan la tarifa social.<\/p>\n\n\n\n<p>\u201cVemos un cambio muy grande con el transporte, ahora tenemos viajes m\u00e1s c\u00f3modos, eficaces; da gusto y emoci\u00f3n&nbsp; transportarse de esta forma. Pasamos de pelearnos con los choferes para que nos hagan v\u00e1lido nuestro descuento de estudiante a tener un viaje m\u00e1s agradable y de primer mundo\u201d, le comparti\u00f3 el joven estudiante Esteban Peniche Canto al Gobernador.<\/p>\n\n\n\n<p>Tambi\u00e9n, una joven pareja originaria de Guanajuato, se acerc\u00f3 al Gobernador para felicitarlo por la movilidad en Yucat\u00e1n que es un ejemplo a nivel nacional pues, es un sistema que, \u201cni en el pa\u00eds hemos podido ver\u201d.<\/p>\n\n\n\n<figure class=\"wp-block-image size-full\"><img loading=\"lazy\" width=\"500\" height=\"371\" src=\"https:\/\/visionpeninsular.com\/mid\/wp-content\/uploads\/2024\/01\/viatram-5.jpg\" alt=\"\" class=\"wp-image-182712\" srcset=\"https:\/\/visionpeninsular.com\/mid\/wp-content\/uploads\/2024\/01\/viatram-5.jpg 500w, https:\/\/visionpeninsular.com\/mid\/wp-content\/uploads\/2024\/01\/viatram-5-300x223.jpg 300w\" sizes=\"(max-width: 500px) 100vw, 500px\" \/><\/figure>\n\n\n\n<p>\u201cVenimos a ver el Parque de La Plancha y a vivir la experiencia del Ie-tram para conocer Kanas\u00edn, pues nos dijeron que est\u00e1 quedando muy bonito\u201d, le compartieron al Gobernador, Andr\u00e9s y Julieta.<\/p>\n\n\n\n<p>En Kanas\u00edn, Vila Dosal record\u00f3 que, el Ie-tram son veh\u00edculos que no funcionan en M\u00e9xico, ni en Latinoam\u00e9rica, sino es un transporte que solo se ve en lugares como Europa y que hoy est\u00e1 al alcance de las y los yucatecos.<\/p>\n\n\n\n<p>\u201cQuisimos traerlo a Kanas\u00edn porque durante muchos a\u00f1os hab\u00eda sido un lugar olvidado y, ahora, el Ie-Tram es uno de los s\u00edmbolos de que las cosas est\u00e1n cambiando y mejorando, conectando a M\u00e9rida con Um\u00e1n y Kanas\u00edn\u201d, se\u00f1al\u00f3 Vila Dosal.<\/p>\n\n\n\n<figure class=\"wp-block-image size-full\"><img loading=\"lazy\" width=\"500\" height=\"364\" src=\"https:\/\/visionpeninsular.com\/mid\/wp-content\/uploads\/2024\/01\/viatram-6.jpg\" alt=\"\" class=\"wp-image-182713\" srcset=\"https:\/\/visionpeninsular.com\/mid\/wp-content\/uploads\/2024\/01\/viatram-6.jpg 500w, https:\/\/visionpeninsular.com\/mid\/wp-content\/uploads\/2024\/01\/viatram-6-300x218.jpg 300w\" sizes=\"(max-width: 500px) 100vw, 500px\" \/><\/figure>\n\n\n\n<p>Cabe recordar que, en esta ruta, el horario de operaci\u00f3n es de lunes a domingo, de 5 de la ma\u00f1ana a 11 de la noche, funciona con 7 unidades con una frecuencia de 12 minutos; adem\u00e1s cuenta con 20 paradas definidas en una longitud de 32.2 kil\u00f3metros.&nbsp;<\/p>\n\n\n\n<p>El costo para este nuevo transporte es de 14 pesos tarifa general; 5 para estudiantes y adultos mayores; mientras que las personas con discapacidad pueden subir sin costo.<\/p>\n\n\n\n<p>El recorrido de esta ruta contempla los siguientes puntos: parque de La Mejorada; la UMAE; Hospital T1 del IMSS; Preparatoria 1 de la UADY; CFE Nachi Cocom; CEDIS Super Aki; Bepensa Pacabt\u00fan; Jard\u00edn Carta Clara; Gas Imperial; Acuaparque; Unidad Deportiva Bepensa; Oxxo Kanas\u00edn; Cementerio Kanas\u00edn; Palacio Municipal de Kanas\u00edn e Iglesia de Jesucristo de los Santos de los \u00daltimos D\u00edas.<\/p>\n\n\n\n<p>El Ie-Tram se efectu\u00f3 con una inversi\u00f3n conjunta de 2,800 millones de pesos, de la cual, el 60% lo aporta el estado; 23%, la Federaci\u00f3n, y 16%, la iniciativa privada; y es un veh\u00edculo que tiene una autonom\u00eda de 350 kil\u00f3metros ya con los pant\u00f3grafos que estar\u00e1n instalados. Asimismo, se trata de un transporte sustentable ya que el sacar un autob\u00fas antiguo y meter uno el\u00e9ctrico como este, es equivalente a tener 170 mil \u00e1rboles por los pr\u00f3ximos 10 a\u00f1os.<\/p>\n\n\n\n<p>Las 5 rutas que conforman el Ie-tram son: Paseo 60-La Plancha-Teya; Mejorada-La Plancha-Kanas\u00edn; y pr\u00f3ximamente La Plancha-Facultad de Ingenier\u00eda Uady; La Plancha-Um\u00e1n y La Plancha-Um\u00e1n-Poxil\u00e1.<\/p>\n<div class='share-to-whatsapp-wrapper'><div class='share-on-whsp'>Share on: <\/div><a data-text='El Gobernador Mauricio Vila Dosal llega a Kanas\u00edn a bordo del Ie-tram' data-link='https:\/\/visionpeninsular.com\/mid\/el-gobernador-mauricio-vila-dosal-llega-a-kanasin-a-bordo-del-ie-tram\/' class='whatsapp-button whatsapp-share'>WhatsApp<\/a><div class='clear '><\/div><\/div>","protected":false},"excerpt":{"rendered":"<p>En su trayecto, Vila Dosal platic\u00f3 con los usuarios de este transporte p\u00fablico quienes resaltaron los beneficios de un servicio m\u00e1s c\u00f3modo y de calidad a la altura de los yucatecos. M\u00e9rida, Yucat\u00e1n, 8 de enero de 2024.- El Gobernador Mauricio Vila Dosal lleg\u00f3 al municipio de Kanas\u00edn a bordo del Ie-tram tras viajar junto &hellip;<\/p>\n","protected":false},"author":5,"featured_media":182708,"comment_status":"open","ping_status":"open","sticky":false,"template":"","format":"standard","meta":{"_mi_skip_tracking":false},"categories":[49,37],"tags":[185,40292,1499,40291],"_links":{"self":[{"href":"https:\/\/visionpeninsular.com\/mid\/wp-json\/wp\/v2\/posts\/182706"}],"collection":[{"href":"https:\/\/visionpeninsular.com\/mid\/wp-json\/wp\/v2\/posts"}],"about":[{"href":"https:\/\/visionpeninsular.com\/mid\/wp-json\/wp\/v2\/types\/post"}],"author":[{"embeddable":true,"href":"https:\/\/visionpeninsular.com\/mid\/wp-json\/wp\/v2\/users\/5"}],"replies":[{"embeddable":true,"href":"https:\/\/visionpeninsular.com\/mid\/wp-json\/wp\/v2\/comments?post=182706"}],"version-history":[{"count":1,"href":"https:\/\/visionpeninsular.com\/mid\/wp-json\/wp\/v2\/posts\/182706\/revisions"}],"predecessor-version":[{"id":182714,"href":"https:\/\/visionpeninsular.com\/mid\/wp-json\/wp\/v2\/posts\/182706\/revisions\/182714"}],"wp:featuredmedia":[{"embeddable":true,"href":"https:\/\/visionpeninsular.com\/mid\/wp-json\/wp\/v2\/media\/182708"}],"wp:attachment":[{"href":"https:\/\/visionpeninsular.com\/mid\/wp-json\/wp\/v2\/media?parent=182706"}],"wp:term":[{"taxonomy":"category","embeddable":true,"href":"https:\/\/visionpeninsular.com\/mid\/wp-json\/wp\/v2\/categories?post=182706"},{"taxonomy":"post_tag","embeddable":true,"href":"https:\/\/visionpeninsular.com\/mid\/wp-json\/wp\/v2\/tags?post=182706"}],"curies":[{"name":"wp","href":"https:\/\/api.w.org\/{rel}","templated":true}]}}