{"id":182543,"date":"2024-01-05T08:27:28","date_gmt":"2024-01-05T14:27:28","guid":{"rendered":"https:\/\/visionpeninsular.com\/mid\/?p=182543"},"modified":"2024-01-05T08:27:30","modified_gmt":"2024-01-05T14:27:30","slug":"pide-cese-a-la-designacion-de-rommel-pacheco","status":"publish","type":"post","link":"https:\/\/visionpeninsular.com\/mid\/pide-cese-a-la-designacion-de-rommel-pacheco\/","title":{"rendered":"Pide cese a la designaci\u00f3n de Rommel Pacheco"},"content":{"rendered":"\n<h2 class=\"has-text-align-center\">\u2022El designado candidato jam\u00e1s lider\u00f3 las encuestas y el proceso interno careci\u00f3 de transparencia y democracia, se\u00f1al\u00f3 Beatriz Gamboa<\/h2>\n\n\n\n<p>M\u00e9rida, Yucat\u00e1n, a 5 de enero de 2023.\u2013 \u00a0Susana Beatriz Gamboa Salazar, ex aspirante a la candidatura de Morena a la alcald\u00eda de M\u00e9rida y militante fundadora desde 2017, present\u00f3 una queja formal ante la Comisi\u00f3n Nacional de Elecciones de dicho instituto pol\u00edtico porque dicho proceso no fue transparente ni democr\u00e1tico al designar a Rommel Pacheco Marrufo.<\/p>\n\n\n\n<p>La militante inconforme solicit\u00f3 al Comit\u00e9 Ejecutivo Nacional de Morena que, con base en los art\u00edculos 105, 106 y 107 del reglamento de ese partido, se cese provisionalmente o sub judice la designaci\u00f3n del ex atleta ol\u00edmpico.<\/p>\n\n\n\n<p>Adem\u00e1s, expuso, \u201chubo una violaci\u00f3n a mis derechos pol\u00edticos electorales, de quererme ver la cara de tonta, toda vez que el designado candidato jam\u00e1s lider\u00f3 las encuestas locales y lo \u00fanico que se encuentra en sus publicaciones y redes sociales es la marcada animadversi\u00f3n del pueblo\u201d, as\u00ed como adelantar el anuncio de los resultados del 3 de enero al 31 de diciembre. <\/p>\n\n\n\n<p>El rechazo de Rommel Pacheco, abund\u00f3, es porque el diputado federal recientemente abandon\u00f3 la bancada del PAN en la C\u00e1mara Baja, as\u00ed como votar en contra de reformas propuestas por el presidente Andr\u00e9s Manuel L\u00f3pez Obrador como la energ\u00e9tica y electoral.<\/p>\n\n\n\n<div class=\"wp-block-image\"><figure class=\"aligncenter size-large\"><img loading=\"lazy\" width=\"768\" height=\"1024\" src=\"https:\/\/visionpeninsular.com\/mid\/wp-content\/uploads\/2024\/01\/WhatsApp-Image-2024-01-05-at-8.20.32-AM-768x1024.jpeg\" alt=\"\" class=\"wp-image-182545\" srcset=\"https:\/\/visionpeninsular.com\/mid\/wp-content\/uploads\/2024\/01\/WhatsApp-Image-2024-01-05-at-8.20.32-AM-768x1024.jpeg 768w, https:\/\/visionpeninsular.com\/mid\/wp-content\/uploads\/2024\/01\/WhatsApp-Image-2024-01-05-at-8.20.32-AM-225x300.jpeg 225w, https:\/\/visionpeninsular.com\/mid\/wp-content\/uploads\/2024\/01\/WhatsApp-Image-2024-01-05-at-8.20.32-AM.jpeg 1080w\" sizes=\"(max-width: 768px) 100vw, 768px\" \/><figcaption> \u00a0Susana Gamboa Salazar interpuso una queja contra la designaci\u00f3n de Rommel Pacheco como candidato de Morena. Foto: Cortes\u00eda <\/figcaption><\/figure><\/div>\n<div class='share-to-whatsapp-wrapper'><div class='share-on-whsp'>Share on: <\/div><a data-text='Pide cese a la designaci\u00f3n de Rommel Pacheco' data-link='https:\/\/visionpeninsular.com\/mid\/pide-cese-a-la-designacion-de-rommel-pacheco\/' class='whatsapp-button whatsapp-share'>WhatsApp<\/a><div class='clear '><\/div><\/div>","protected":false},"excerpt":{"rendered":"<p>\u2022El designado candidato jam\u00e1s lider\u00f3 las encuestas y el proceso interno careci\u00f3 de transparencia y democracia, se\u00f1al\u00f3 Beatriz Gamboa M\u00e9rida, Yucat\u00e1n, a 5 de enero de 2023.\u2013 \u00a0Susana Beatriz Gamboa Salazar, ex aspirante a la candidatura de Morena a la alcald\u00eda de M\u00e9rida y militante fundadora desde 2017, present\u00f3 una queja formal ante la Comisi\u00f3n &hellip;<\/p>\n","protected":false},"author":11,"featured_media":182545,"comment_status":"open","ping_status":"open","sticky":false,"template":"","format":"standard","meta":{"_mi_skip_tracking":false},"categories":[49,37],"tags":[40231,31775,13607,451,157,31233],"_links":{"self":[{"href":"https:\/\/visionpeninsular.com\/mid\/wp-json\/wp\/v2\/posts\/182543"}],"collection":[{"href":"https:\/\/visionpeninsular.com\/mid\/wp-json\/wp\/v2\/posts"}],"about":[{"href":"https:\/\/visionpeninsular.com\/mid\/wp-json\/wp\/v2\/types\/post"}],"author":[{"embeddable":true,"href":"https:\/\/visionpeninsular.com\/mid\/wp-json\/wp\/v2\/users\/11"}],"replies":[{"embeddable":true,"href":"https:\/\/visionpeninsular.com\/mid\/wp-json\/wp\/v2\/comments?post=182543"}],"version-history":[{"count":1,"href":"https:\/\/visionpeninsular.com\/mid\/wp-json\/wp\/v2\/posts\/182543\/revisions"}],"predecessor-version":[{"id":182546,"href":"https:\/\/visionpeninsular.com\/mid\/wp-json\/wp\/v2\/posts\/182543\/revisions\/182546"}],"wp:featuredmedia":[{"embeddable":true,"href":"https:\/\/visionpeninsular.com\/mid\/wp-json\/wp\/v2\/media\/182545"}],"wp:attachment":[{"href":"https:\/\/visionpeninsular.com\/mid\/wp-json\/wp\/v2\/media?parent=182543"}],"wp:term":[{"taxonomy":"category","embeddable":true,"href":"https:\/\/visionpeninsular.com\/mid\/wp-json\/wp\/v2\/categories?post=182543"},{"taxonomy":"post_tag","embeddable":true,"href":"https:\/\/visionpeninsular.com\/mid\/wp-json\/wp\/v2\/tags?post=182543"}],"curies":[{"name":"wp","href":"https:\/\/api.w.org\/{rel}","templated":true}]}}