{"id":182452,"date":"2024-01-03T12:41:06","date_gmt":"2024-01-03T18:41:06","guid":{"rendered":"https:\/\/visionpeninsular.com\/mid\/?p=182452"},"modified":"2024-01-03T12:47:26","modified_gmt":"2024-01-03T18:47:26","slug":"reconoce-el-andres-manuel-el-trabajo-del-gobierno-de-mauricio-vila-en-seguridad-y-combate-a-la-pobreza","status":"publish","type":"post","link":"https:\/\/visionpeninsular.com\/mid\/reconoce-el-andres-manuel-el-trabajo-del-gobierno-de-mauricio-vila-en-seguridad-y-combate-a-la-pobreza\/","title":{"rendered":"Reconoce Andr\u00e9s Manuel el trabajo del Gobierno de Mauricio Vila  en seguridad y combate a la pobreza"},"content":{"rendered":"\n<ul><li><strong><em>Los resultados del Gobierno de Vila Dosal fueron destacados durante la conferencia ma\u00f1anera del Presidente que se realiz\u00f3 en M\u00e9rida.<\/em><\/strong><\/li><li><strong><em>El Gobernador present\u00f3 las acciones que se est\u00e1n realizando en seguridad y los proyectos estrat\u00e9gicos que est\u00e1n transformando Yucat\u00e1n.<\/em><\/strong><\/li><\/ul>\n\n\n\n<p>&nbsp;M\u00e9rida, Yucat\u00e1n, 3 de enero de 2024.- El Presidente Andr\u00e9s Manuel L\u00f3pez Obrador reconoci\u00f3 el trabajo que ha realizado el Gobernador Mauricio Vila Dosal para mantener a Yucat\u00e1n como el estado m\u00e1s seguro del pa\u00eds y que m\u00e1s desarrollo econ\u00f3mico y bienestar, as\u00ed como combate a la pobreza han presentado para su gente, durante su acostumbrada conferencia ma\u00f1anera que este d\u00eda se llev\u00f3 a cabo en la capital yucateca.<\/p>\n\n\n\n<p>&nbsp;Acompa\u00f1ado de Vila Dosal, el Presidente celebr\u00f3 la importante reducci\u00f3n de la pobreza que se ha logrado en la entidad, as\u00ed como la labor que se ha hecho en la actual administraci\u00f3n estatal para sentar las bases y construir la infraestructura que Yucat\u00e1n necesita para que en el futuro se tengan las condiciones para que el avance sea mayor en el mediano y largo plazo.<\/p>\n\n\n\n<p>&nbsp;El jefe del Ejecutivo federal resalt\u00f3 el crecimiento econ\u00f3mico que ha reportado la entidad, lo que se refleja en la mejora de las condiciones de vida de los trabajadores, pues se ha incrementado el ingreso de las familias, se ha aumentado el salario m\u00ednimo y el salario promedio de los que permanecen inscritos al seguro social.<\/p>\n\n\n\n<p>&nbsp;&#8220;Y el crecimiento es hacia el futuro y que no se detenga lo que ya se inici\u00f3. Y esto se debe a que se ha consolidando la vocaci\u00f3n productiva del estado, adem\u00e1s de que tienen un buen Gobernador, con el que hemos podido trabajar de manera coordinada&#8221;, puntualiz\u00f3 L\u00f3pez Obrador.<\/p>\n\n\n\n<figure class=\"wp-block-image size-full\"><img loading=\"lazy\" width=\"500\" height=\"330\" src=\"https:\/\/visionpeninsular.com\/mid\/wp-content\/uploads\/2024\/01\/manane-2.jpg\" alt=\"\" class=\"wp-image-182455\" srcset=\"https:\/\/visionpeninsular.com\/mid\/wp-content\/uploads\/2024\/01\/manane-2.jpg 500w, https:\/\/visionpeninsular.com\/mid\/wp-content\/uploads\/2024\/01\/manane-2-300x198.jpg 300w, https:\/\/visionpeninsular.com\/mid\/wp-content\/uploads\/2024\/01\/manane-2-310x205.jpg 310w\" sizes=\"(max-width: 500px) 100vw, 500px\" \/><\/figure>\n\n\n\n<p>&nbsp;El primer mandatario resalt\u00f3 que este crecimiento a mediano y largo plazo va a ser impulsado, en gran parte, por la importante inversi\u00f3n p\u00fablica que se ha hecho en materia de infraestructura, en proyectos como la ampliaci\u00f3n del Puerto de Altura de Progreso para avanzar m\u00e1s en el comercio con la costa este de los Estados Unidos, las plantas de ciclo combinado para garantizar energ\u00eda el\u00e9ctrica para 20 o 30 a\u00f1os, el Tren Maya, el de las zonas arqueol\u00f3gicas, entre otras.<\/p>\n\n\n\n<p>&nbsp;Finalmente, el Presidente afirm\u00f3 que ha trabajado muy bien con el Gobierno de Mauricio Vila Dosal, ya que se ha caracterizado por siempre poner por delante el inter\u00e9s del pueblo de Yucat\u00e1n y M\u00e9xico.<\/p>\n\n\n\n<p>&nbsp;En su participaci\u00f3n en la conferencia de prensa, el Gobernador agradeci\u00f3 que el trabajo coordinado y el aprecio hacia los yucatecos que se vea reflejado en obras importantes que est\u00e1n generando un antes y un despu\u00e9s en el estado.<\/p>\n\n\n\n<p>&nbsp;Desde la Base A\u00e9rea Militar n\u00famero 8, Vila Dosal present\u00f3 lo que se est\u00e1 realizando en materia de seguridad para preservar el ambiente de tranquilidad que aqu\u00ed prevalecen, donde destac\u00f3 que en 2023 Yucat\u00e1n fue el estado m\u00e1s pac\u00edfico de M\u00e9xico, de acuerdo con el Instituto para la Econom\u00eda; mientras que somos la entidad con menor incidencia delictiva del pa\u00eds.<\/p>\n\n\n\n<p>&nbsp;Ante los titulares de las Secretar\u00edas de Gobernaci\u00f3n (Segob), Luis Mar\u00eda Alcalde Luj\u00e1n, y de Defensa Nacional (Sedena), Luis Crescencio Sandoval Gonz\u00e1lez, el Gobernador se\u00f1al\u00f3 que estos indicadores son resultado de la estrategia de seguridad que ha impulsado su administraci\u00f3n, donde se ha aumentado el presupuesto de la Secretar\u00eda de Seguridad P\u00fablica (SSP) en un 138% del 2018 al 2024, adem\u00e1s que se ha equipado a la corporaci\u00f3n policiaca a trav\u00e9s del esquema Yucat\u00e1n aseguro, con equipamiento, capacitaci\u00f3n y mejores condiciones laborales para los elementos.<\/p>\n\n\n\n<p>&nbsp;Tambi\u00e9n, record\u00f3 que la SSP fue premiada internacionalmente con el premio &#8220;Triple Arco&#8221; de la Comisi\u00f3n de Acreditaci\u00f3n para Agencias de Aplicaci\u00f3n de la Ley (CALEA, por sus siglas en ingl\u00e9s) al acreditar sus tres programas: el de Aplicaci\u00f3n de la ley, sus Centros de Comunicaciones y las academias de entrenamiento; mientras que en implementaci\u00f3n de justicia se han creado 5 nuevas unidades de especializaci\u00f3n en la Fiscal\u00eda General del Estado (FGE).<\/p>\n\n\n\n<figure class=\"wp-block-image size-full\"><img loading=\"lazy\" width=\"500\" height=\"333\" src=\"https:\/\/visionpeninsular.com\/mid\/wp-content\/uploads\/2024\/01\/manane-3.jpg\" alt=\"\" class=\"wp-image-182456\" srcset=\"https:\/\/visionpeninsular.com\/mid\/wp-content\/uploads\/2024\/01\/manane-3.jpg 500w, https:\/\/visionpeninsular.com\/mid\/wp-content\/uploads\/2024\/01\/manane-3-300x200.jpg 300w, https:\/\/visionpeninsular.com\/mid\/wp-content\/uploads\/2024\/01\/manane-3-310x205.jpg 310w\" sizes=\"(max-width: 500px) 100vw, 500px\" \/><\/figure>\n\n\n\n<p>&nbsp;Aunado a ello, Vila Dosal destac\u00f3 que en su Gobierno se han entregado m\u00e1s de 2 mil veh\u00edculos de seguridad y de protecci\u00f3n civil y se ha enfocado en mejorar condiciones de la polic\u00eda, con salarios competitivos, esquemas para acceder a atenci\u00f3n m\u00e9dica privada en caso de accidentes de trabajo, la posibilidad de obtener un cr\u00e9dito del Instituto del Fondo Nacional de Vivienda de los Trabajadores (Infonavit), as\u00ed como se becas para la universidad a sus hijos que cubren el 100% de inscripci\u00f3n y colegiatura.<\/p>\n\n\n\n<p>&nbsp;Por otra parte, el Gobernador tambi\u00e9n habl\u00f3 de los proyectos estrat\u00e9gicos que se est\u00e1n realizando en la entidad y que son fundamentales para el desarrollo de la entidad, como la ampliaci\u00f3n del Puerto de Altura de Progreso, proyecto que va por buen camino ya que se ha entregado la convocatoria con las bases de licitaci\u00f3n y se espera que inicie obra finales de este mes o principios de febrero.<\/p>\n\n\n\n<p>&nbsp;Tambi\u00e9n, resalt\u00f3 el Tren Maya que impulsar\u00e1 el desarrollo tur\u00edstico y econ\u00f3mico de la entidad; la ampliaci\u00f3n del ducto de gas natural; as\u00ed como la construcci\u00f3n de las dos plantas de Ciclo Combinado, la M\u00e9rida y Valladolid, ambas con avance de m\u00e1s de 70 por cierto y que estar\u00edan concluidas este a\u00f1o para garantizar abasto de energ\u00eda el\u00e9ctrica para pr\u00f3ximos 25 a\u00f1os.<\/p>\n\n\n\n<p>&nbsp;Otros proyectos que apunt\u00f3 Vila Dosal fue la ampliaci\u00f3n de la Universidad de las Artes de Yucat\u00e1n, trabajos que pr\u00f3ximamente estar\u00e1n siendo inaugurados, as\u00ed como el Ie-Tram, que ya est\u00e1 funcionando en dos rutas y que est\u00e1 transformando la movilidad de Yucat\u00e1n; y la remodelaci\u00f3n del estadio Kukulc\u00e1n.<\/p>\n\n\n\n<figure class=\"wp-block-image size-full\"><img loading=\"lazy\" width=\"500\" height=\"333\" src=\"https:\/\/visionpeninsular.com\/mid\/wp-content\/uploads\/2024\/01\/manane-4.jpg\" alt=\"\" class=\"wp-image-182457\" srcset=\"https:\/\/visionpeninsular.com\/mid\/wp-content\/uploads\/2024\/01\/manane-4.jpg 500w, https:\/\/visionpeninsular.com\/mid\/wp-content\/uploads\/2024\/01\/manane-4-300x200.jpg 300w, https:\/\/visionpeninsular.com\/mid\/wp-content\/uploads\/2024\/01\/manane-4-310x205.jpg 310w\" sizes=\"(max-width: 500px) 100vw, 500px\" \/><\/figure>\n\n\n\n<p>&nbsp;En el tema de fortalecimiento a la salud, el Gobernador destac\u00f3 que por primera vez se est\u00e1n construyendo 3 hospitales al mismo tiempo: la recuperaci\u00f3n del de Ticul, el Naval de Progreso que est\u00e1 a cargo de la Secretar\u00eda de Marina y el nuevo Hospital O&#8217;Hor\u00e1n, que ser\u00e1 el m\u00e1s grande erigido en el actual sexenio, con 300 camas.<\/p>\n\n\n\n<p>&nbsp;El Presidente Andr\u00e9s Manuel L\u00f3pez Obrador se encuentra en Yucat\u00e1n para encabezar, junto con el Gobernador Mauricio Vila Dosal, la Conmemoraci\u00f3n el 100 aniversario luctuoso de Felipe Carrillo Puerto en el municipio de Motul.<\/p>\n<div class='share-to-whatsapp-wrapper'><div class='share-on-whsp'>Share on: <\/div><a data-text='Reconoce Andr\u00e9s Manuel el trabajo del Gobierno de Mauricio Vila  en seguridad y combate a la pobreza' data-link='https:\/\/visionpeninsular.com\/mid\/reconoce-el-andres-manuel-el-trabajo-del-gobierno-de-mauricio-vila-en-seguridad-y-combate-a-la-pobreza\/' class='whatsapp-button whatsapp-share'>WhatsApp<\/a><div class='clear '><\/div><\/div>","protected":false},"excerpt":{"rendered":"<p>Los resultados del Gobierno de Vila Dosal fueron destacados durante la conferencia ma\u00f1anera del Presidente que se realiz\u00f3 en M\u00e9rida.El Gobernador present\u00f3 las acciones que se est\u00e1n realizando en seguridad y los proyectos estrat\u00e9gicos que est\u00e1n transformando Yucat\u00e1n. &nbsp;M\u00e9rida, Yucat\u00e1n, 3 de enero de 2024.- El Presidente Andr\u00e9s Manuel L\u00f3pez Obrador reconoci\u00f3 el trabajo que &hellip;<\/p>\n","protected":false},"author":5,"featured_media":182454,"comment_status":"open","ping_status":"open","sticky":false,"template":"","format":"standard","meta":{"_mi_skip_tracking":false},"categories":[49,37],"tags":[13658,40198,185,40199],"_links":{"self":[{"href":"https:\/\/visionpeninsular.com\/mid\/wp-json\/wp\/v2\/posts\/182452"}],"collection":[{"href":"https:\/\/visionpeninsular.com\/mid\/wp-json\/wp\/v2\/posts"}],"about":[{"href":"https:\/\/visionpeninsular.com\/mid\/wp-json\/wp\/v2\/types\/post"}],"author":[{"embeddable":true,"href":"https:\/\/visionpeninsular.com\/mid\/wp-json\/wp\/v2\/users\/5"}],"replies":[{"embeddable":true,"href":"https:\/\/visionpeninsular.com\/mid\/wp-json\/wp\/v2\/comments?post=182452"}],"version-history":[{"count":2,"href":"https:\/\/visionpeninsular.com\/mid\/wp-json\/wp\/v2\/posts\/182452\/revisions"}],"predecessor-version":[{"id":182459,"href":"https:\/\/visionpeninsular.com\/mid\/wp-json\/wp\/v2\/posts\/182452\/revisions\/182459"}],"wp:featuredmedia":[{"embeddable":true,"href":"https:\/\/visionpeninsular.com\/mid\/wp-json\/wp\/v2\/media\/182454"}],"wp:attachment":[{"href":"https:\/\/visionpeninsular.com\/mid\/wp-json\/wp\/v2\/media?parent=182452"}],"wp:term":[{"taxonomy":"category","embeddable":true,"href":"https:\/\/visionpeninsular.com\/mid\/wp-json\/wp\/v2\/categories?post=182452"},{"taxonomy":"post_tag","embeddable":true,"href":"https:\/\/visionpeninsular.com\/mid\/wp-json\/wp\/v2\/tags?post=182452"}],"curies":[{"name":"wp","href":"https:\/\/api.w.org\/{rel}","templated":true}]}}