{"id":18239,"date":"2016-12-08T07:34:10","date_gmt":"2016-12-08T13:34:10","guid":{"rendered":"http:\/\/visionpeninsular.com\/mid\/?p=18239"},"modified":"2016-12-08T07:34:55","modified_gmt":"2016-12-08T13:34:55","slug":"piden-destitucion-titular-sagarpa","status":"publish","type":"post","link":"https:\/\/visionpeninsular.com\/mid\/piden-destitucion-titular-sagarpa\/","title":{"rendered":"Comunidades Mayas piden destituci\u00f3n del titular de la SAGARPA"},"content":{"rendered":"<p>Jorge Fern\u00e1ndez Mendiburu, representante legal de las Comunidades Mayas, anunci\u00f3 que presentar\u00e1 un incidente de violaci\u00f3n al amparo ante el Juez de Distrito debido a que si bien la Suprema Corte de Justicia de la Naci\u00f3n (SCJN) suspendi\u00f3 la siembra transg\u00e9nica mientras se efect\u00fae la consulta a pueblos mayas, sin embargo, este proceso ha registrado una serie de violaciones.<\/p>\n<p>Por ello, Fern\u00e1ndez Mendiburo indic\u00f3 que tambi\u00e9n se pedir\u00e1 la destituci\u00f3n del delegado de Campeche de la SAGARPA, Lucio Lastra Ortiz pues en d\u00edas pasados \u00e9ste funcionario anunci\u00f3 que la siembra de soya transg\u00e9nica podr\u00eda sembrarse en Dzibalch\u00e9n sin que la consulta haya concluido, es decir, una clara Violaci\u00f3n a la sentencia del SCJN, enfatiz\u00f3. <\/p>\n<p>Y es que en la Comisi\u00f3n Interamericana de Derechos Humanos (CIDH) la propia SENASICA admiti\u00f3 que en Campeche si se siembra soya transg\u00e9nica en al menos 336 hect\u00e1reas, donde 10 predios con 305 hect\u00e1reas corresponden a Hopelch\u00e9n y otras 31 hect\u00e1reas pertenecen a seis municipios de Campeche. <\/p>\n<p>Por lo que se presentara este recurso ante el Juez para que se cumpla con la sentencia del SCJN y la consulta en los pueblos mayas sea una realidad. <\/p>\n<div class='share-to-whatsapp-wrapper'><div class='share-on-whsp'>Share on: <\/div><a data-text='Comunidades Mayas piden destituci\u00f3n del titular de la SAGARPA' data-link='https:\/\/visionpeninsular.com\/mid\/piden-destitucion-titular-sagarpa\/' class='whatsapp-button whatsapp-share'>WhatsApp<\/a><div class='clear '><\/div><\/div>","protected":false},"excerpt":{"rendered":"<p>Jorge Fern\u00e1ndez Mendiburu, representante legal de las Comunidades Mayas, anunci\u00f3 que presentar\u00e1 un incidente de violaci\u00f3n al amparo ante el Juez de Distrito debido a que si bien la Suprema Corte de Justicia de la Naci\u00f3n (SCJN) suspendi\u00f3 la siembra transg\u00e9nica mientras se efect\u00fae la consulta a pueblos mayas, sin embargo, este proceso ha registrado &hellip;<\/p>\n","protected":false},"author":1,"featured_media":18240,"comment_status":"open","ping_status":"open","sticky":false,"template":"","format":"standard","meta":{"_mi_skip_tracking":false},"categories":[45],"tags":[200,875,257,4293],"_links":{"self":[{"href":"https:\/\/visionpeninsular.com\/mid\/wp-json\/wp\/v2\/posts\/18239"}],"collection":[{"href":"https:\/\/visionpeninsular.com\/mid\/wp-json\/wp\/v2\/posts"}],"about":[{"href":"https:\/\/visionpeninsular.com\/mid\/wp-json\/wp\/v2\/types\/post"}],"author":[{"embeddable":true,"href":"https:\/\/visionpeninsular.com\/mid\/wp-json\/wp\/v2\/users\/1"}],"replies":[{"embeddable":true,"href":"https:\/\/visionpeninsular.com\/mid\/wp-json\/wp\/v2\/comments?post=18239"}],"version-history":[{"count":2,"href":"https:\/\/visionpeninsular.com\/mid\/wp-json\/wp\/v2\/posts\/18239\/revisions"}],"predecessor-version":[{"id":18242,"href":"https:\/\/visionpeninsular.com\/mid\/wp-json\/wp\/v2\/posts\/18239\/revisions\/18242"}],"wp:featuredmedia":[{"embeddable":true,"href":"https:\/\/visionpeninsular.com\/mid\/wp-json\/wp\/v2\/media\/18240"}],"wp:attachment":[{"href":"https:\/\/visionpeninsular.com\/mid\/wp-json\/wp\/v2\/media?parent=18239"}],"wp:term":[{"taxonomy":"category","embeddable":true,"href":"https:\/\/visionpeninsular.com\/mid\/wp-json\/wp\/v2\/categories?post=18239"},{"taxonomy":"post_tag","embeddable":true,"href":"https:\/\/visionpeninsular.com\/mid\/wp-json\/wp\/v2\/tags?post=18239"}],"curies":[{"name":"wp","href":"https:\/\/api.w.org\/{rel}","templated":true}]}}