{"id":182374,"date":"2023-12-30T19:15:39","date_gmt":"2023-12-31T01:15:39","guid":{"rendered":"https:\/\/visionpeninsular.com\/mid\/?p=182374"},"modified":"2023-12-30T19:15:40","modified_gmt":"2023-12-31T01:15:40","slug":"defensores-de-la-selva-maya-denuncian-que-perforaron-cavernas-para-el-tren-maya","status":"publish","type":"post","link":"https:\/\/visionpeninsular.com\/mid\/defensores-de-la-selva-maya-denuncian-que-perforaron-cavernas-para-el-tren-maya\/","title":{"rendered":"Defensores de la Selva Maya denuncian que perforaron cavernas para el Tren Maya"},"content":{"rendered":"\n<h2 class=\"has-text-align-center\">\u2022El sistema de r\u00edos subterr\u00e1neos y cenotes de Aktun T\u2019uyul, en Quintana Roo, fue da\u00f1ado para colocar pilas de concreto en el Tramo 5 del megaproyecto, advierten los ambientalistas en la red social X<\/h2>\n\n\n\n<p>M\u00e9rida, Yucat\u00e1n, a 30 de diciembre de 2023.\u2013 A trav\u00e9s de la red social X, activistas y defensores de la Selva Maya documentaron con v\u00eddeos y fotograf\u00edas que se realizaron tres perforaciones para pilas de concreto en el Tramo 5 Sur del Tren Maya, bajo&nbsp; el sistema Aktun T\u2019uyul.<\/p>\n\n\n\n<p>\u201cSe\u00f1or presidente (Andr\u00e9s Manuel L\u00f3pez Obrador) usted dijo que no se iban a vulnerar las cavernas y si se est\u00e1n vulnerando. A\u00fan no sabemos qu\u00e9 pasar\u00e1 con todo el fierro que se est\u00e1n disolviendo en algunas (cavernas) que est\u00e1n atravesando el sistema\u201d, se\u00f1al\u00f3 el consultor ambiental Guillermo DChristy en un v\u00eddeo que public\u00f3 en su cuenta de X.<\/p>\n\n\n\n<p>El desastre ambiental que se registra en la Pen\u00ednsula de Yucat\u00e1n, a\u00f1adi\u00f3 en el mensaje, es resultado de no tener los estudios del suelo y previos. \u201cDesde\u00f1aron la ciencia, es una chamba pendiente que tendr\u00e1 que retomar la pr\u00f3xima gesti\u00f3n para remediar y destituir todos estos sistemas\u201d, coment\u00f3.<\/p>\n\n\n\n<p>El usuario @miguelgmooo subi\u00f3 un v\u00eddeo para denunciar p\u00fablicamente que dicho sistema milenario de r\u00edos subterr\u00e1neos y cavernas corre peligro por un megaproyecto que rompe con el medio ambiente, contamina el agua todos los d\u00edas.<\/p>\n\n\n\n<p>\u201cLa capacidad de agua del acu\u00edfero corre en riesgo por un sistema corrupto de desarrollo que ya existe en la zona. Este megaproyecto, no promete nada bueno para el desarrollo y es la condena final para este territorio y las generaciones que vienen. \u00bfPor qu\u00e9 har\u00edan un tren aqu\u00ed? \u00bfQu\u00e9 alguien me explique? \u00bfPor qu\u00e9 intervendr\u00edan estos acu\u00edferos?\u201d, abund\u00f3.<\/p>\n\n\n\n<p>Adem\u00e1s, coment\u00f3 que lo anteriormente expuesto son las pruebas de la ilegalidad e insensatez que promueve el \u201cTren Militar\u201d, en el que todos los d\u00edas se vulneran los cenotes. \u201cEste tren es ilegal, el pilotaje no existe en su Manifestaci\u00f3n de Impacto Ambiental\u201d, afirm\u00f3.<\/p>\n\n\n\n<figure class=\"wp-block-image size-large\"><img loading=\"lazy\" width=\"1024\" height=\"1024\" src=\"https:\/\/visionpeninsular.com\/mid\/wp-content\/uploads\/2023\/12\/WhatsApp-Image-2023-12-30-at-7.05.25-PM-1024x1024.jpeg\" alt=\"\" class=\"wp-image-182376\" srcset=\"https:\/\/visionpeninsular.com\/mid\/wp-content\/uploads\/2023\/12\/WhatsApp-Image-2023-12-30-at-7.05.25-PM-1024x1024.jpeg 1024w, https:\/\/visionpeninsular.com\/mid\/wp-content\/uploads\/2023\/12\/WhatsApp-Image-2023-12-30-at-7.05.25-PM-300x300.jpeg 300w, https:\/\/visionpeninsular.com\/mid\/wp-content\/uploads\/2023\/12\/WhatsApp-Image-2023-12-30-at-7.05.25-PM-150x150.jpeg 150w, https:\/\/visionpeninsular.com\/mid\/wp-content\/uploads\/2023\/12\/WhatsApp-Image-2023-12-30-at-7.05.25-PM-768x768.jpeg 768w, https:\/\/visionpeninsular.com\/mid\/wp-content\/uploads\/2023\/12\/WhatsApp-Image-2023-12-30-at-7.05.25-PM.jpeg 1280w\" sizes=\"(max-width: 1024px) 100vw, 1024px\" \/><figcaption>Defensores de la Selva Maya evidencian en la red social X el da\u00f1o al sistema de cavernas y r\u00edos subterr\u00e1neos Aktun T&#8217;uyul, en el Tramo 5 Sur del Tren Maya, por la perforaci\u00f3n de tres cavernas para poner pilas de concreto. FOTOGRAF\u00cdAS: https:\/\/x.com\/gchristy65<\/figcaption><\/figure>\n\n\n\n<p><\/p>\n\n\n\n<p><\/p>\n\n\n\n<p><\/p>\n\n\n\n<p><\/p>\n<div class='share-to-whatsapp-wrapper'><div class='share-on-whsp'>Share on: <\/div><a data-text='Defensores de la Selva Maya denuncian que perforaron cavernas para el Tren Maya' data-link='https:\/\/visionpeninsular.com\/mid\/defensores-de-la-selva-maya-denuncian-que-perforaron-cavernas-para-el-tren-maya\/' class='whatsapp-button whatsapp-share'>WhatsApp<\/a><div class='clear '><\/div><\/div>","protected":false},"excerpt":{"rendered":"<p>\u2022El sistema de r\u00edos subterr\u00e1neos y cenotes de Aktun T\u2019uyul, en Quintana Roo, fue da\u00f1ado para colocar pilas de concreto en el Tramo 5 del megaproyecto, advierten los ambientalistas en la red social X M\u00e9rida, Yucat\u00e1n, a 30 de diciembre de 2023.\u2013 A trav\u00e9s de la red social X, activistas y defensores de la Selva &hellip;<\/p>\n","protected":false},"author":11,"featured_media":182376,"comment_status":"open","ping_status":"open","sticky":false,"template":"","format":"standard","meta":{"_mi_skip_tracking":false},"categories":[47,39],"tags":[431,13658,646,475,323,39998,40168,40167,40169],"_links":{"self":[{"href":"https:\/\/visionpeninsular.com\/mid\/wp-json\/wp\/v2\/posts\/182374"}],"collection":[{"href":"https:\/\/visionpeninsular.com\/mid\/wp-json\/wp\/v2\/posts"}],"about":[{"href":"https:\/\/visionpeninsular.com\/mid\/wp-json\/wp\/v2\/types\/post"}],"author":[{"embeddable":true,"href":"https:\/\/visionpeninsular.com\/mid\/wp-json\/wp\/v2\/users\/11"}],"replies":[{"embeddable":true,"href":"https:\/\/visionpeninsular.com\/mid\/wp-json\/wp\/v2\/comments?post=182374"}],"version-history":[{"count":1,"href":"https:\/\/visionpeninsular.com\/mid\/wp-json\/wp\/v2\/posts\/182374\/revisions"}],"predecessor-version":[{"id":182377,"href":"https:\/\/visionpeninsular.com\/mid\/wp-json\/wp\/v2\/posts\/182374\/revisions\/182377"}],"wp:featuredmedia":[{"embeddable":true,"href":"https:\/\/visionpeninsular.com\/mid\/wp-json\/wp\/v2\/media\/182376"}],"wp:attachment":[{"href":"https:\/\/visionpeninsular.com\/mid\/wp-json\/wp\/v2\/media?parent=182374"}],"wp:term":[{"taxonomy":"category","embeddable":true,"href":"https:\/\/visionpeninsular.com\/mid\/wp-json\/wp\/v2\/categories?post=182374"},{"taxonomy":"post_tag","embeddable":true,"href":"https:\/\/visionpeninsular.com\/mid\/wp-json\/wp\/v2\/tags?post=182374"}],"curies":[{"name":"wp","href":"https:\/\/api.w.org\/{rel}","templated":true}]}}