{"id":182271,"date":"2023-12-29T20:04:15","date_gmt":"2023-12-30T02:04:15","guid":{"rendered":"https:\/\/visionpeninsular.com\/mid\/?p=182271"},"modified":"2023-12-29T20:05:47","modified_gmt":"2023-12-30T02:05:47","slug":"amisy-felicita-a-la-ciudadania-valiente-y-defensora-de-la-ley-3de3","status":"publish","type":"post","link":"https:\/\/visionpeninsular.com\/mid\/amisy-felicita-a-la-ciudadania-valiente-y-defensora-de-la-ley-3de3\/","title":{"rendered":"AMISY  felicita a la ciudadan\u00eda valiente y defensora  de la \u201cLey 3de3\u201d"},"content":{"rendered":"\n<p>\u00a1\u00a1BRAVO YUCAT\u00c1N!! \u00a1GRACIAS MEDIOS de COMUNICACI\u00d3N!!<\/p>\n\n\n\n<p>AMISY Felicita, Reconoce y Agradece que, como parte de una ciudadan\u00eda informada y solidaria con nuestra \u201cLey 3de3 Contra la Violencia\u201d en las \u00faltimas semanas, se ha despertado el inter\u00e9s de ACTUAR en defensa de la ley promovida desde #TodasM\u00e9xico y #LasConstituyentes en el \u00e1mbito Nacional y por #AMISY en Yucat\u00e1n.<\/p>\n\n\n\n<p>Para todas y todos quienes se est\u00e1n SUMANDO en la promoci\u00f3n de AMPAROS que proceden ante la diversa Violaci\u00f3n Constitucional ejecutada en el Congreso del Estado de Yucat\u00e1n, concretada por Bancadas del PAN. PRI, PANAL y PVEM del Congreso del Estado de Yucat\u00e1n, como promoventes de esta Ley, valoramos y reconocemos todas las aportaciones que sumen para APLICACI\u00d3N PLENA del Esp\u00edritu de la ley:<\/p>\n\n\n\n<p>NINGUNA PERSONA CON ANTECEDENTES DE VIOLENCIA PODR\u00c1 SER FUNCIONARIO &#8211; CANDIDATO en YUCAT\u00c1N!!!<\/p>\n\n\n\n<p>Agenda de las Mujeres para la Igualdad Sustantiva en Yucat\u00e1n &#8211; AMISY<\/p>\n\n\n\n<p>-Ma. EUGENIA N\u00da\u00d1EZ ZAPATA<\/p>\n\n\n\n<p>&#8211; RITA FARJAT V\u00c1ZQUEZ<\/p>\n\n\n\n<p>&#8211; LIGIA VERA GAMBOA<\/p>\n\n\n\n<p>&#8211; LYDIA LAUCIRICA GUANCHE<\/p>\n\n\n\n<p>&#8211; LAYDA RODRIGUEZ TORRES<\/p>\n<div class='share-to-whatsapp-wrapper'><div class='share-on-whsp'>Share on: <\/div><a data-text='AMISY  felicita a la ciudadan\u00eda valiente y defensora  de la \u201cLey 3de3\u201d' data-link='https:\/\/visionpeninsular.com\/mid\/amisy-felicita-a-la-ciudadania-valiente-y-defensora-de-la-ley-3de3\/' class='whatsapp-button whatsapp-share'>WhatsApp<\/a><div class='clear '><\/div><\/div>","protected":false},"excerpt":{"rendered":"<p>\u00a1\u00a1BRAVO YUCAT\u00c1N!! \u00a1GRACIAS MEDIOS de COMUNICACI\u00d3N!! AMISY Felicita, Reconoce y Agradece que, como parte de una ciudadan\u00eda informada y solidaria con nuestra \u201cLey 3de3 Contra la Violencia\u201d en las \u00faltimas semanas, se ha despertado el inter\u00e9s de ACTUAR en defensa de la ley promovida desde #TodasM\u00e9xico y #LasConstituyentes en el \u00e1mbito Nacional y por #AMISY &hellip;<\/p>\n","protected":false},"author":5,"featured_media":143421,"comment_status":"open","ping_status":"open","sticky":false,"template":"","format":"standard","meta":{"_mi_skip_tracking":false},"categories":[49,37],"tags":[12920,40135],"_links":{"self":[{"href":"https:\/\/visionpeninsular.com\/mid\/wp-json\/wp\/v2\/posts\/182271"}],"collection":[{"href":"https:\/\/visionpeninsular.com\/mid\/wp-json\/wp\/v2\/posts"}],"about":[{"href":"https:\/\/visionpeninsular.com\/mid\/wp-json\/wp\/v2\/types\/post"}],"author":[{"embeddable":true,"href":"https:\/\/visionpeninsular.com\/mid\/wp-json\/wp\/v2\/users\/5"}],"replies":[{"embeddable":true,"href":"https:\/\/visionpeninsular.com\/mid\/wp-json\/wp\/v2\/comments?post=182271"}],"version-history":[{"count":1,"href":"https:\/\/visionpeninsular.com\/mid\/wp-json\/wp\/v2\/posts\/182271\/revisions"}],"predecessor-version":[{"id":182273,"href":"https:\/\/visionpeninsular.com\/mid\/wp-json\/wp\/v2\/posts\/182271\/revisions\/182273"}],"wp:featuredmedia":[{"embeddable":true,"href":"https:\/\/visionpeninsular.com\/mid\/wp-json\/wp\/v2\/media\/143421"}],"wp:attachment":[{"href":"https:\/\/visionpeninsular.com\/mid\/wp-json\/wp\/v2\/media?parent=182271"}],"wp:term":[{"taxonomy":"category","embeddable":true,"href":"https:\/\/visionpeninsular.com\/mid\/wp-json\/wp\/v2\/categories?post=182271"},{"taxonomy":"post_tag","embeddable":true,"href":"https:\/\/visionpeninsular.com\/mid\/wp-json\/wp\/v2\/tags?post=182271"}],"curies":[{"name":"wp","href":"https:\/\/api.w.org\/{rel}","templated":true}]}}