{"id":182122,"date":"2023-12-26T14:34:49","date_gmt":"2023-12-26T20:34:49","guid":{"rendered":"https:\/\/visionpeninsular.com\/mid\/?p=182122"},"modified":"2023-12-26T14:34:50","modified_gmt":"2023-12-26T20:34:50","slug":"alcalde-de-merida-celebra-la-navidad-con-abuelitos-del-centro-renacer","status":"publish","type":"post","link":"https:\/\/visionpeninsular.com\/mid\/alcalde-de-merida-celebra-la-navidad-con-abuelitos-del-centro-renacer\/","title":{"rendered":"Alcalde de M\u00e9rida celebra la Navidad con abuelitos del centro \u00abRenacer\u00bb"},"content":{"rendered":"\n<p>Con una tradicional posada de Navidad, las y los abuelitos del Centro Integral para la Plenitud de Personas Mayores \u00abRenacer\u00bb, disfrutaron de divertidos momentos donde estuvo presente el alcalde de M\u00e9rida Alejandro Ruz Castro y su esposa Ver\u00f3nica Cetina Arjona, presidenta del DIF municipal.<\/p>\n\n\n\n<p>Con la petici\u00f3n de posada en la que participaron autoridades municipales, Santa y la se\u00f1ora Claus, el Grinch y duendes, interpretados por estudiantes de la licenciatura de enfermer\u00eda y pasantes del \u00e1rea de psicolog\u00eda del Centro Universitario Siglo XXI, las personas mayores disfrutaron de un gran festejo navide\u00f1o lleno de muestras de cari\u00f1o, apapachos y aplausos.<\/p>\n\n\n\n<p><strong>Una excelente oportunidad para ser solidarios<\/strong><\/p>\n\n\n\n<p>En su mensaje, el presidente municipal mencion\u00f3 que estos d\u00edas de fiesta son una excelente oportunidad para ser solidarios con las personas m\u00e1s vulnerables, en especial con las personas mayores, quienes han dedicado gran parte de sus vidas a trabajar por el desarrollo de la ciudad.<\/p>\n\n\n\n<figure class=\"wp-block-image size-full\"><img loading=\"lazy\" width=\"768\" height=\"493\" src=\"https:\/\/visionpeninsular.com\/mid\/wp-content\/uploads\/2023\/12\/CASA-PLENITUD-NAVIDAD-1-scaled-1.jpeg\" alt=\"\" class=\"wp-image-182125\" srcset=\"https:\/\/visionpeninsular.com\/mid\/wp-content\/uploads\/2023\/12\/CASA-PLENITUD-NAVIDAD-1-scaled-1.jpeg 768w, https:\/\/visionpeninsular.com\/mid\/wp-content\/uploads\/2023\/12\/CASA-PLENITUD-NAVIDAD-1-scaled-1-300x193.jpeg 300w\" sizes=\"(max-width: 768px) 100vw, 768px\" \/><\/figure>\n\n\n\n<p>\u00abUno de nuestros compromisos primordiales como Ayuntamiento de M\u00e9rida, es brindar las mejores condiciones posibles de vida a las personas mayores, ya que refleja el grado de valor humano y \u00e9tico que nos mantiene unidos como sociedad\u00bb, expres\u00f3.<\/p>\n\n\n\n<p>Acompa\u00f1ado de Silvia Sarti Gonz\u00e1lez, directora del DIF Municipal y Susy Pasos Alpuche, Jefa del Departamento de Atenci\u00f3n a Personas Mayores, el alcalde agreg\u00f3 en la posada de Navidad que una de las mejores formas de demostrar que M\u00e9rida es, y contin\u00faa siendo, una ciudad con rostro humano, es a trav\u00e9s del trabajo que realiza el DIF de M\u00e9rida en el centro \u00abRenacer\u00bb, donde se busca ofrecer una vida digna a las personas de la tercera edad que no tienen hogar o familia que vele por ellas.<\/p>\n\n\n\n<p>\u201cEstoy profundamente emocionado por estar con ustedes y por ver esa alegr\u00eda que traen todas y todos, es una alegr\u00eda que contagia y emociona, y que nos impulsa a seguir haciendo nuestro mejor esfuerzo para continuar dando espacios dignos para que ustedes puedan disfrutar\u201d, coment\u00f3.<\/p>\n\n\n\n<p><strong>Emoci\u00f3n a tope en el centro \u00abRenacer\u00bb<\/strong><\/p>\n\n\n\n<p>Por espacio de hora y media, las risas, cantos y aplausos llenaron de magia y felicidad el festejo que el Ayuntamiento, en coordinaci\u00f3n con la instituci\u00f3n educativa prepar\u00f3 para agasajar a las y los residentes del centro \u00abRenacer\u00bb que no dejaron de entonar las canciones navide\u00f1as.<\/p>\n\n\n\n<p>Ataviados con gorritos y bufandas y miradas de entusiasmo las y los abuelitos recibieron regalos y detalles de manos del presidente municipal y de su esposa Ver\u00f3nica Cetina; asimismo, le dieron con gran emoci\u00f3n a la pi\u00f1ata mientras los presentes los animaban con aplausos y gritos al tono de \u201cdale, dale, dale, no pierdas el tino, porque si lo pierdes, pierdes el camino\u201d.<\/p>\n\n\n\n<figure class=\"wp-block-image size-full\"><img loading=\"lazy\" width=\"768\" height=\"501\" src=\"https:\/\/visionpeninsular.com\/mid\/wp-content\/uploads\/2023\/12\/CASA-PLENITUD-NAVIDAD-3-scaled-1.jpeg\" alt=\"\" class=\"wp-image-182126\" srcset=\"https:\/\/visionpeninsular.com\/mid\/wp-content\/uploads\/2023\/12\/CASA-PLENITUD-NAVIDAD-3-scaled-1.jpeg 768w, https:\/\/visionpeninsular.com\/mid\/wp-content\/uploads\/2023\/12\/CASA-PLENITUD-NAVIDAD-3-scaled-1-300x196.jpeg 300w\" sizes=\"(max-width: 768px) 100vw, 768px\" \/><\/figure>\n\n\n\n<p>Igualmente, el alcalde Alejandro Ruz, agradeci\u00f3 a las y los abuelitos por todos los a\u00f1os de vida y sabidur\u00eda que le han regalado al municipio, contribuyendo a qu\u00e9 hoy sea una ciudad de paz, segura, amable y solidaria con quienes la habitan y la visitan.<\/p>\n\n\n\n<p>Cabe se\u00f1alar que, actualmente el albergue atiende a 22 personas mayores de 60 a\u00f1os o m\u00e1s que se encontraban en estado de desamparo y abandono social, el objetivo es poder brindarles protecci\u00f3n f\u00edsica, mental y social mediante servicios de alojamiento, alimentaci\u00f3n, vestido, atenci\u00f3n m\u00e9dica y rehabilitaci\u00f3n, as\u00ed como actividades ocupacionales, recreativas y culturales, con el prop\u00f3sito de promover su desarrollo integral y gozar de una vida digna.<\/p>\n\n\n\n<p>Adicionalmente, el Centro Integral para la Plenitud del Adulto Mayor \u201cRenacer\u201d, \u00fanico en el Sureste de M\u00e9xico, ubicado en el fraccionamiento Juan Pablo II, tambi\u00e9n atiende a unos 300 usuarias y usuarios de 60 a\u00f1os o m\u00e1s, ofreci\u00e9ndoles actividades f\u00edsicas, culturales, de terapia ocupacional e inclusi\u00f3n laboral y educativas y de desarrollo, con el fin de mantener y optimizar una vida m\u00e1s larga y saludable para ellas y ellos.<\/p>\n<div class='share-to-whatsapp-wrapper'><div class='share-on-whsp'>Share on: <\/div><a data-text='Alcalde de M\u00e9rida celebra la Navidad con abuelitos del centro \u00abRenacer\u00bb' data-link='https:\/\/visionpeninsular.com\/mid\/alcalde-de-merida-celebra-la-navidad-con-abuelitos-del-centro-renacer\/' class='whatsapp-button whatsapp-share'>WhatsApp<\/a><div class='clear '><\/div><\/div>","protected":false},"excerpt":{"rendered":"<p>Con una tradicional posada de Navidad, las y los abuelitos del Centro Integral para la Plenitud de Personas Mayores \u00abRenacer\u00bb, disfrutaron de divertidos momentos donde estuvo presente el alcalde de M\u00e9rida Alejandro Ruz Castro y su esposa Ver\u00f3nica Cetina Arjona, presidenta del DIF municipal. Con la petici\u00f3n de posada en la que participaron autoridades municipales, &hellip;<\/p>\n","protected":false},"author":5,"featured_media":182124,"comment_status":"open","ping_status":"open","sticky":false,"template":"","format":"standard","meta":{"_mi_skip_tracking":false},"categories":[49,37],"tags":[13587,4166,1519],"_links":{"self":[{"href":"https:\/\/visionpeninsular.com\/mid\/wp-json\/wp\/v2\/posts\/182122"}],"collection":[{"href":"https:\/\/visionpeninsular.com\/mid\/wp-json\/wp\/v2\/posts"}],"about":[{"href":"https:\/\/visionpeninsular.com\/mid\/wp-json\/wp\/v2\/types\/post"}],"author":[{"embeddable":true,"href":"https:\/\/visionpeninsular.com\/mid\/wp-json\/wp\/v2\/users\/5"}],"replies":[{"embeddable":true,"href":"https:\/\/visionpeninsular.com\/mid\/wp-json\/wp\/v2\/comments?post=182122"}],"version-history":[{"count":1,"href":"https:\/\/visionpeninsular.com\/mid\/wp-json\/wp\/v2\/posts\/182122\/revisions"}],"predecessor-version":[{"id":182127,"href":"https:\/\/visionpeninsular.com\/mid\/wp-json\/wp\/v2\/posts\/182122\/revisions\/182127"}],"wp:featuredmedia":[{"embeddable":true,"href":"https:\/\/visionpeninsular.com\/mid\/wp-json\/wp\/v2\/media\/182124"}],"wp:attachment":[{"href":"https:\/\/visionpeninsular.com\/mid\/wp-json\/wp\/v2\/media?parent=182122"}],"wp:term":[{"taxonomy":"category","embeddable":true,"href":"https:\/\/visionpeninsular.com\/mid\/wp-json\/wp\/v2\/categories?post=182122"},{"taxonomy":"post_tag","embeddable":true,"href":"https:\/\/visionpeninsular.com\/mid\/wp-json\/wp\/v2\/tags?post=182122"}],"curies":[{"name":"wp","href":"https:\/\/api.w.org\/{rel}","templated":true}]}}