{"id":182090,"date":"2023-12-25T09:00:00","date_gmt":"2023-12-25T15:00:00","guid":{"rendered":"https:\/\/visionpeninsular.com\/mid\/?p=182090"},"modified":"2023-12-23T22:06:15","modified_gmt":"2023-12-24T04:06:15","slug":"el-frio-desata-la-dermatitis-seborreica","status":"publish","type":"post","link":"https:\/\/visionpeninsular.com\/mid\/el-frio-desata-la-dermatitis-seborreica\/","title":{"rendered":"El fr\u00edo desata la Dermatitis Seborreica"},"content":{"rendered":"\n<h2 class=\"has-text-align-center\">\u2022Especialista recomienda mantener la piel hidratada y evitar la resequedad<\/h2>\n\n\n\n<p>M\u00e9rida, Yucat\u00e1n, a 25 de diciembre de 2023.\u2013 El director del Centro Dermatol\u00f3gico de Yucat\u00e1n, Jos\u00e9 Cer\u00f3n Espinosa, advirti\u00f3 que las bajas temperaturas podr\u00edan provocar la aparici\u00f3n de enfermedades en la piel que, adem\u00e1s de no ser est\u00e9ticas, irritan y generan comez\u00f3n como es la dermatitis seborreica.<\/p>\n\n\n\n<p>\u201cEn estos momentos en los que descienden las temperaturas, hay un problema muy frecuente que se llama dermatitis seborreica y esa generalmente aparece en el centro de la cara; primeramente, en forma de resequedad y posteriormente se convierte en una placa roja y descamativa que est\u00e1n generalmente en las cejas, alrededor de la nariz, boca, patillas, detr\u00e1s de las orejas y en la piel cabelluda en forma de caspa\u201d, explic\u00f3 el especialista.<\/p>\n\n\n\n<p>Est\u00e1 condici\u00f3n m\u00e9dica se ve acentuada por el estr\u00e9s y aunque es m\u00e1s frecuente durante la \u00e9poca de fr\u00edo, tambi\u00e9n se suele presentar en d\u00edas de calor extremo. \u201cLa temperatura es un factor muy importante porque cuando hace mucho calor sudamos y algunas enfermedades pueden empeorar por la presencia del sudor que es muy \u00e1cido\u201d, se\u00f1al\u00f3.<\/p>\n\n\n\n<p>Para combatir esta enfermedad en la piel, el galeno recomend\u00f3 evitar la resequedad y, por el contrario, mantener una piel sana e hidratada. \u201cEn estos momentos se recomienda mantener la piel lubricada para que sean menos los s\u00edntomas, en especial la comez\u00f3n que puede ir empeorando.<\/p>\n\n\n\n<p>\u201cNunca dejamos de recomendar que, aunque estemos con fr\u00edo y no haya mucho sol, no debemos dejar de utilizar el bloqueador solar, porque haya calor o fr\u00edo, vamos a recibir el mismo impacto y da\u00f1o en la piel\u201d, dijo Cer\u00f3n Espinosa.<\/p>\n\n\n\n<p>La importancia de aplicar protector solar en todo el cuerpo, o al menos en las zonas donde pegue directamente el Sol, en especial el rostro, cuello y brazos, \u201cas\u00ed nos va a proteger del sol y a mantener hidratada la piel, porque ahorita con el fr\u00edo se va resecando\u201d, dijo.<\/p>\n\n\n\n<div class=\"wp-block-image\"><figure class=\"aligncenter size-full\"><img loading=\"lazy\" width=\"621\" height=\"621\" src=\"https:\/\/visionpeninsular.com\/mid\/wp-content\/uploads\/2023\/12\/VP_25D_DERMATITIS.jpeg\" alt=\"\" class=\"wp-image-182092\" srcset=\"https:\/\/visionpeninsular.com\/mid\/wp-content\/uploads\/2023\/12\/VP_25D_DERMATITIS.jpeg 621w, https:\/\/visionpeninsular.com\/mid\/wp-content\/uploads\/2023\/12\/VP_25D_DERMATITIS-300x300.jpeg 300w, https:\/\/visionpeninsular.com\/mid\/wp-content\/uploads\/2023\/12\/VP_25D_DERMATITIS-150x150.jpeg 150w\" sizes=\"(max-width: 621px) 100vw, 621px\" \/><figcaption>Dermatitis Seborreica, una de las enfermedades provocada por el descenso de las temperaturas. Experto en la salud de la piel recomienda el uso del bloqueador solar para humectarla. Fotograf\u00eda:  <a href=\"https:\/\/www.65ymas.com\/uploads\/s1\/10\/28\/76\/dermatitis-seborreica_1_621x621.jpeg\">65ymas.com<\/a><\/figcaption><\/figure><\/div>\n<div class='share-to-whatsapp-wrapper'><div class='share-on-whsp'>Share on: <\/div><a data-text='El fr\u00edo desata la Dermatitis Seborreica' data-link='https:\/\/visionpeninsular.com\/mid\/el-frio-desata-la-dermatitis-seborreica\/' class='whatsapp-button whatsapp-share'>WhatsApp<\/a><div class='clear '><\/div><\/div>","protected":false},"excerpt":{"rendered":"<p>\u2022Especialista recomienda mantener la piel hidratada y evitar la resequedad M\u00e9rida, Yucat\u00e1n, a 25 de diciembre de 2023.\u2013 El director del Centro Dermatol\u00f3gico de Yucat\u00e1n, Jos\u00e9 Cer\u00f3n Espinosa, advirti\u00f3 que las bajas temperaturas podr\u00edan provocar la aparici\u00f3n de enfermedades en la piel que, adem\u00e1s de no ser est\u00e9ticas, irritan y generan comez\u00f3n como es la &hellip;<\/p>\n","protected":false},"author":11,"featured_media":182092,"comment_status":"open","ping_status":"open","sticky":false,"template":"","format":"standard","meta":{"_mi_skip_tracking":false},"categories":[49,37],"tags":[40087,40089,40088,109,523],"_links":{"self":[{"href":"https:\/\/visionpeninsular.com\/mid\/wp-json\/wp\/v2\/posts\/182090"}],"collection":[{"href":"https:\/\/visionpeninsular.com\/mid\/wp-json\/wp\/v2\/posts"}],"about":[{"href":"https:\/\/visionpeninsular.com\/mid\/wp-json\/wp\/v2\/types\/post"}],"author":[{"embeddable":true,"href":"https:\/\/visionpeninsular.com\/mid\/wp-json\/wp\/v2\/users\/11"}],"replies":[{"embeddable":true,"href":"https:\/\/visionpeninsular.com\/mid\/wp-json\/wp\/v2\/comments?post=182090"}],"version-history":[{"count":1,"href":"https:\/\/visionpeninsular.com\/mid\/wp-json\/wp\/v2\/posts\/182090\/revisions"}],"predecessor-version":[{"id":182093,"href":"https:\/\/visionpeninsular.com\/mid\/wp-json\/wp\/v2\/posts\/182090\/revisions\/182093"}],"wp:featuredmedia":[{"embeddable":true,"href":"https:\/\/visionpeninsular.com\/mid\/wp-json\/wp\/v2\/media\/182092"}],"wp:attachment":[{"href":"https:\/\/visionpeninsular.com\/mid\/wp-json\/wp\/v2\/media?parent=182090"}],"wp:term":[{"taxonomy":"category","embeddable":true,"href":"https:\/\/visionpeninsular.com\/mid\/wp-json\/wp\/v2\/categories?post=182090"},{"taxonomy":"post_tag","embeddable":true,"href":"https:\/\/visionpeninsular.com\/mid\/wp-json\/wp\/v2\/tags?post=182090"}],"curies":[{"name":"wp","href":"https:\/\/api.w.org\/{rel}","templated":true}]}}