{"id":181998,"date":"2023-12-22T12:21:52","date_gmt":"2023-12-22T18:21:52","guid":{"rendered":"https:\/\/visionpeninsular.com\/mid\/?p=181998"},"modified":"2023-12-22T12:21:53","modified_gmt":"2023-12-22T18:21:53","slug":"inicia-el-invierno-se-esperan-39-frentes-frios-mas-para-esta-temporada","status":"publish","type":"post","link":"https:\/\/visionpeninsular.com\/mid\/inicia-el-invierno-se-esperan-39-frentes-frios-mas-para-esta-temporada\/","title":{"rendered":"Inicia el invierno; se esperan 39 frentes fr\u00edos m\u00e1s para esta temporada"},"content":{"rendered":"\n<p>Las temperaturas que se han sentido en la zona peninsular son producto del Frente Frio No. 17 que se ir\u00e1 disipando este viernes para alcanzar una temperatura promedio de 18 grados en la noche de Navidad, se\u00f1al\u00f3 Enrique Alcocer Basto director de Protecci\u00f3n Civil del Estado de Yucat\u00e1n.<\/p>\n\n\n\n<p>Declar\u00f3 que, la informaci\u00f3n proporcionada a la poblaci\u00f3n ha servido en tareas preventivas y hasta el momento no se han requerido de la apertura de albergues en las colonias del sur de la ciudad donde el term\u00f3metro ha reportado 10 grados de temperatura, se\u00f1al\u00f3.<\/p>\n\n\n\n<p>Dijo que, con el inicio del invierno -21 de diciembre- se espera la llegada de 39 eventos hasta terminar la temporada en marzo pr\u00f3ximo. Puntualiz\u00f3 que, los reportes indican que, el clima en la pen\u00ednsula de Yucat\u00e1n se mantendr\u00e1 estable en los pr\u00f3ximos d\u00edas y se espera una noche navide\u00f1a fresca, pero no con calor como se ha sentido en los \u00faltimos d\u00edas durante el d\u00eda.<\/p>\n\n\n\n<p>Alcocer Basto destac\u00f3 que, Protecci\u00f3n Civil del Estado se mantiene alerta monitoreando los aspectos climatol\u00f3gicos para atender alg\u00fan requerimiento de protecci\u00f3n, primordialmente en las colonias del sur de la ciudad donde hay asentamientos suburbanos en casas muy humildes y donde la poblaci\u00f3n reciente m\u00e1s la bajada de temperaturas.<\/p>\n\n\n\n<p>De momento, puntualiz\u00f3, no ha sido necesario; sin embargo, se est\u00e1n realizando visitas e inspecciones a esas zonas. Declar\u00f3 que, si bien, la sensaci\u00f3n t\u00e9rmica durante la noche ha sido de 10 grados cent\u00edgrados, esta condici\u00f3n \u00fanicamente se presenta en las madrugadas y no es una temperatura constante, dijo.<\/p>\n\n\n\n<p>Agreg\u00f3 que, la informaci\u00f3n que ofrece la dependencia es para las personas con problemas respiratorios, ante estas temporadas de bajas temperaturas a fin de mejorar sus condiciones de prevenci\u00f3n, de acuerdo con las exigencias del sector salud y acudan al m\u00e9dico en caso de ser necesario.<\/p>\n\n\n\n<p>Sobre este tema, el reporte climatol\u00f3gico del Ciafeme Uady indic\u00f3 que, debido a los efectos de los remanentes de la masa de aire fr\u00edo que acompa\u00f1\u00f3 al Frente Fr\u00edo No. 17 se anticipa amanecer de fresco a fr\u00edo y de fr\u00edo a muy fr\u00edo.<\/p>\n\n\n\n<p>El ambiente templado a algo caluroso y de algo caluroso a caluroso hacia el mediod\u00eda o primeras horas de la tarde con cielo de mayormente despejado a medio nublado, soplar\u00e1n vientos del este y frescos del noreste por la tarde esper\u00e1ndose que las temperaturas m\u00ednimas sean de entre 13,0 \u00b0C a 15,0 \u00b0C<\/p>\n\n\n\n<p>En el cintur\u00f3n de cenotes central, ex zona henequenera, sur y cono sur y de entre 17,0 \u00b0C a 19,0 \u00b0C en la costa y de 15,0 \u00b0C a 17,0 \u00b0C en la ciudad de M\u00e9rida y en el resto del estado al amanecer y las temperaturas m\u00e1ximas de entre 26,0 \u00b0C a 28,0 \u00b0C en la costa y de 27,0 \u00b0C a 29,0 \u00b0C en la ciudad de M\u00e9rida y de 28,0 \u00b0C a 30,0 \u00b0C en el resto del estado hacia el mediod\u00eda o en las primeras horas de la tarde.<\/p>\n\n\n\n<p>As\u00ed mismo, se espera una sensaci\u00f3n t\u00e9rmica de entre 28,0 \u00b0C a 30,0 \u00b0C una radiaci\u00f3n solar de 900 a 1.000 watts\/m2, una radiaci\u00f3n ultravioleta de 6 a 7 unidades, una humedad m\u00e1xima de de 95 % a 100 % al amanecer y una humedad m\u00ednima de 55% a 60% hacia el mediod\u00eda o en las primeras horas de la tarde.<\/p>\n<div class='share-to-whatsapp-wrapper'><div class='share-on-whsp'>Share on: <\/div><a data-text='Inicia el invierno; se esperan 39 frentes fr\u00edos m\u00e1s para esta temporada' data-link='https:\/\/visionpeninsular.com\/mid\/inicia-el-invierno-se-esperan-39-frentes-frios-mas-para-esta-temporada\/' class='whatsapp-button whatsapp-share'>WhatsApp<\/a><div class='clear '><\/div><\/div>","protected":false},"excerpt":{"rendered":"<p>Las temperaturas que se han sentido en la zona peninsular son producto del Frente Frio No. 17 que se ir\u00e1 disipando este viernes para alcanzar una temperatura promedio de 18 grados en la noche de Navidad, se\u00f1al\u00f3 Enrique Alcocer Basto director de Protecci\u00f3n Civil del Estado de Yucat\u00e1n. Declar\u00f3 que, la informaci\u00f3n proporcionada a la &hellip;<\/p>\n","protected":false},"author":5,"featured_media":182000,"comment_status":"open","ping_status":"open","sticky":false,"template":"","format":"standard","meta":{"_mi_skip_tracking":false},"categories":[50,37],"tags":[40064,13490,40063,8488],"_links":{"self":[{"href":"https:\/\/visionpeninsular.com\/mid\/wp-json\/wp\/v2\/posts\/181998"}],"collection":[{"href":"https:\/\/visionpeninsular.com\/mid\/wp-json\/wp\/v2\/posts"}],"about":[{"href":"https:\/\/visionpeninsular.com\/mid\/wp-json\/wp\/v2\/types\/post"}],"author":[{"embeddable":true,"href":"https:\/\/visionpeninsular.com\/mid\/wp-json\/wp\/v2\/users\/5"}],"replies":[{"embeddable":true,"href":"https:\/\/visionpeninsular.com\/mid\/wp-json\/wp\/v2\/comments?post=181998"}],"version-history":[{"count":1,"href":"https:\/\/visionpeninsular.com\/mid\/wp-json\/wp\/v2\/posts\/181998\/revisions"}],"predecessor-version":[{"id":182001,"href":"https:\/\/visionpeninsular.com\/mid\/wp-json\/wp\/v2\/posts\/181998\/revisions\/182001"}],"wp:featuredmedia":[{"embeddable":true,"href":"https:\/\/visionpeninsular.com\/mid\/wp-json\/wp\/v2\/media\/182000"}],"wp:attachment":[{"href":"https:\/\/visionpeninsular.com\/mid\/wp-json\/wp\/v2\/media?parent=181998"}],"wp:term":[{"taxonomy":"category","embeddable":true,"href":"https:\/\/visionpeninsular.com\/mid\/wp-json\/wp\/v2\/categories?post=181998"},{"taxonomy":"post_tag","embeddable":true,"href":"https:\/\/visionpeninsular.com\/mid\/wp-json\/wp\/v2\/tags?post=181998"}],"curies":[{"name":"wp","href":"https:\/\/api.w.org\/{rel}","templated":true}]}}