{"id":181830,"date":"2023-12-18T21:57:52","date_gmt":"2023-12-19T03:57:52","guid":{"rendered":"https:\/\/visionpeninsular.com\/mid\/?p=181830"},"modified":"2023-12-18T22:31:44","modified_gmt":"2023-12-19T04:31:44","slug":"empresarios-yucatecos-con-perdidas-millonarias-por-contenedores-bloqueados-en-aduana","status":"publish","type":"post","link":"https:\/\/visionpeninsular.com\/mid\/empresarios-yucatecos-con-perdidas-millonarias-por-contenedores-bloqueados-en-aduana\/","title":{"rendered":"Empresarios yucatecos con p\u00e9rdidas millonarias por contenedores bloqueados en aduana"},"content":{"rendered":"\n<h2 class=\"has-text-align-center\">\u2022 \u201cDesde hace m\u00e1s de dos o tres semanas, tenemos contenedores de perecederos, de carne o de exportaciones de frutas y vegetales que se van principalmente a Europa\u201d: Alejandro Guerrero<\/h2>\n\n\n\n<p>M\u00e9rida, Yucat\u00e1n, a 18 de diciembre de 2023.\u2013 Empresarios exportadores locales reportaron p\u00e9rdidas millonarias, debido a que 49 contenedores est\u00e1n varados en la aduna de Progreso, que no han podido salir debido a un cambio en la inspecci\u00f3n por parte de las autoridades competentes, dio a conocer Alejandro Guerrero Lozano, presidente de la Industria Manufacturera de Exportaci\u00f3n (Index) Yucat\u00e1n.<\/p>\n\n\n\n<p>\u201cTenemos contenedores varados desde hace m\u00e1s de dos o tres semanas y esto genera p\u00e9rdidas, especialmente cuando se habla de perecederos, de carne o de exportaciones de frutas y vegetales que se van principalmente a Europa donde un contenedor no puede estar mucho tiempo\u201d, coment\u00f3.<\/p>\n\n\n\n<p>&nbsp;\u201cTenemos problemas de capacidad en el puerto, tenemos problemas con la aduana que est\u00e1 escaneando al 100% todos los contenedores de exportaci\u00f3n, cosa que antes no se hac\u00eda y que est\u00e1 generando un cuello de botella con p\u00e9rdidas para las empresas\u201d, abund\u00f3.<\/p>\n\n\n\n<p>El tambi\u00e9n presidente del Consejo Coordinador Empresarial (CCE) Yucat\u00e1n explic\u00f3 que, para solucionar este problema, desde la semana pasada trabajan con el Gobierno del Estado y la Secretar\u00eda de Fomento Econ\u00f3mico y del Trabajo (SEFOET), por lo que se espera que en los pr\u00f3ximos d\u00edas se destrabe.<\/p>\n\n\n\n<p>Este cambio en las revisiones se dio hace tres semanas, pues regularmente en Yucat\u00e1n s\u00f3lo revisaban contenedores de importaci\u00f3n de manera selectiva y aleatoria, pero por indicaciones de la oficina central se empezaron a inspeccionar el 100% de los contenedores que salen de Yucat\u00e1n, sin tener el equipo necesario para hacerlo. \u201cSe tiene &nbsp;solo un equipo de rayos x, cuando el puerto de Progreso requiere m\u00e1s equipos\u201d, dijo.<\/p>\n\n\n\n<p>Ya se tuvieron pl\u00e1ticas con los responsables de la aduana y con los encargados de la Operaci\u00f3n del puerto de Altura, quienes les han dicho que requieren m\u00e1s o menos dos meses para tener las instalaciones listas para escanearlas todos los contenedores, pero la industria manufacturera de exportaci\u00f3n no puede esperar tanto tiempo, asever\u00f3.<\/p>\n\n\n\n<p>\u201cLos perecederos necesitan salir y llegar a tiempo, porque los anaqueles de las tiendas donde estar\u00edan esos productos est\u00e1n quedando vac\u00edos y la industria que estaba exportando ropa para surtir esta temporada navide\u00f1a no va a poder llegar\u201d, coment\u00f3.<\/p>\n\n\n\n<p>Adem\u00e1s, expuso, el costo de estad\u00eda es de m\u00e1s de dos mil pesos por d\u00eda en el Puerto y si se multiplica por dos o tres semanas es una perdida, que incluso puede generar penalidades o una p\u00e9rdida del mercado, porque lo que va a pasar es que los clientes van a buscar un puerto por donde salir y sea m\u00e1s r\u00e1pido y Progreso va a perder carga.<\/p>\n\n\n\n<figure class=\"wp-block-image size-large\"><img loading=\"lazy\" width=\"1024\" height=\"576\" src=\"https:\/\/visionpeninsular.com\/mid\/wp-content\/uploads\/2023\/12\/VP_18D_PROGRESO-1024x576.jpg\" alt=\"\" class=\"wp-image-181832\" srcset=\"https:\/\/visionpeninsular.com\/mid\/wp-content\/uploads\/2023\/12\/VP_18D_PROGRESO-1024x576.jpg 1024w, https:\/\/visionpeninsular.com\/mid\/wp-content\/uploads\/2023\/12\/VP_18D_PROGRESO-300x169.jpg 300w, https:\/\/visionpeninsular.com\/mid\/wp-content\/uploads\/2023\/12\/VP_18D_PROGRESO-768x432.jpg 768w, https:\/\/visionpeninsular.com\/mid\/wp-content\/uploads\/2023\/12\/VP_18D_PROGRESO.jpg 1200w\" sizes=\"(max-width: 1024px) 100vw, 1024px\" \/><figcaption>Contenedores en la aduana del Puerto de Altura varados porque no hay los suficientes rayos x para acelerar la revisi\u00f3n. Foto: Cortes\u00eda<\/figcaption><\/figure>\n<div class='share-to-whatsapp-wrapper'><div class='share-on-whsp'>Share on: <\/div><a data-text='Empresarios yucatecos con p\u00e9rdidas millonarias por contenedores bloqueados en aduana' data-link='https:\/\/visionpeninsular.com\/mid\/empresarios-yucatecos-con-perdidas-millonarias-por-contenedores-bloqueados-en-aduana\/' class='whatsapp-button whatsapp-share'>WhatsApp<\/a><div class='clear '><\/div><\/div>","protected":false},"excerpt":{"rendered":"<p>\u2022 \u201cDesde hace m\u00e1s de dos o tres semanas, tenemos contenedores de perecederos, de carne o de exportaciones de frutas y vegetales que se van principalmente a Europa\u201d: Alejandro Guerrero M\u00e9rida, Yucat\u00e1n, a 18 de diciembre de 2023.\u2013 Empresarios exportadores locales reportaron p\u00e9rdidas millonarias, debido a que 49 contenedores est\u00e1n varados en la aduna de &hellip;<\/p>\n","protected":false},"author":11,"featured_media":181832,"comment_status":"open","ping_status":"open","sticky":false,"template":"","format":"standard","meta":{"_mi_skip_tracking":false},"categories":[49,37],"tags":[40011,35391,40010,15863,31628],"_links":{"self":[{"href":"https:\/\/visionpeninsular.com\/mid\/wp-json\/wp\/v2\/posts\/181830"}],"collection":[{"href":"https:\/\/visionpeninsular.com\/mid\/wp-json\/wp\/v2\/posts"}],"about":[{"href":"https:\/\/visionpeninsular.com\/mid\/wp-json\/wp\/v2\/types\/post"}],"author":[{"embeddable":true,"href":"https:\/\/visionpeninsular.com\/mid\/wp-json\/wp\/v2\/users\/11"}],"replies":[{"embeddable":true,"href":"https:\/\/visionpeninsular.com\/mid\/wp-json\/wp\/v2\/comments?post=181830"}],"version-history":[{"count":2,"href":"https:\/\/visionpeninsular.com\/mid\/wp-json\/wp\/v2\/posts\/181830\/revisions"}],"predecessor-version":[{"id":181838,"href":"https:\/\/visionpeninsular.com\/mid\/wp-json\/wp\/v2\/posts\/181830\/revisions\/181838"}],"wp:featuredmedia":[{"embeddable":true,"href":"https:\/\/visionpeninsular.com\/mid\/wp-json\/wp\/v2\/media\/181832"}],"wp:attachment":[{"href":"https:\/\/visionpeninsular.com\/mid\/wp-json\/wp\/v2\/media?parent=181830"}],"wp:term":[{"taxonomy":"category","embeddable":true,"href":"https:\/\/visionpeninsular.com\/mid\/wp-json\/wp\/v2\/categories?post=181830"},{"taxonomy":"post_tag","embeddable":true,"href":"https:\/\/visionpeninsular.com\/mid\/wp-json\/wp\/v2\/tags?post=181830"}],"curies":[{"name":"wp","href":"https:\/\/api.w.org\/{rel}","templated":true}]}}