{"id":181749,"date":"2023-12-16T12:29:29","date_gmt":"2023-12-16T18:29:29","guid":{"rendered":"https:\/\/visionpeninsular.com\/mid\/?p=181749"},"modified":"2023-12-16T12:29:31","modified_gmt":"2023-12-16T18:29:31","slug":"aprueba-cabildo-mas-programas-y-acciones-para-el-desarrollo-de-merida-y-sus-comisarias","status":"publish","type":"post","link":"https:\/\/visionpeninsular.com\/mid\/aprueba-cabildo-mas-programas-y-acciones-para-el-desarrollo-de-merida-y-sus-comisarias\/","title":{"rendered":"Aprueba Cabildo m\u00e1s programas y acciones para el desarrollo de M\u00e9rida y sus comisar\u00edas"},"content":{"rendered":"\n<p>M\u00e9rida, Yucat\u00e1n, 15 de diciembre de 2023. A propuesta del Alcalde Alejandro Ruz Castro, las y los integrantes del Cabildo autorizaron celebrar un Convenio de Colaboraci\u00f3n entre el Ayuntamiento de M\u00e9rida y el Centro de Capacitaci\u00f3n para el Trabajo Industrial (CECATI) n\u00famero 6, con el prop\u00f3sito de ofrecer m\u00e1s oportunidades de capacitaci\u00f3n educativa y profesional a las y los habitantes de M\u00e9rida y sus comisar\u00edas.<\/p>\n\n\n\n<p>\u201cEl crecimiento y la generaci\u00f3n de oportunidades para el desarrollo econ\u00f3mico de las familias de M\u00e9rida debe ser gradual y equitativa, es por ello que desde el Ayuntamiento seguimos apoyando con programas y acciones con el fin de que cuenten con un abanico de opciones que les permita reforzar sus conocimientos y as\u00ed alcanzar un mejor bienestar para sus familias\u201d, apunt\u00f3.<\/p>\n\n\n\n<p>En sesi\u00f3n ordinaria realizada este viernes en el sal\u00f3n de Cabildo \u201cRosa Torre Gonz\u00e1lez\u201d, se explic\u00f3 que con este acuerdo, la ciudadan\u00eda podr\u00e1 acceder a cursos de capacitaci\u00f3n en los rubros de: \u201cPlomer\u00eda b\u00e1sica\u201d, \u201cSoldadura B\u00e1sica\u201d, \u201cElectricidad residencial 1\u201d, \u201cHerrer\u00eda I\u201d \u201cPanes finos batidos\u201d \u201cInstalaci\u00f3n y mantenimiento de calentadores de agua\u201d, Electricidad residencial 2\u201d, \u201cAutomatizaci\u00f3n de Portones de herrer\u00eda\u201d, \u201cInstalaci\u00f3n y mantenimiento de aire acondicionado\u201d, \u201cInstalaci\u00f3n y aplicaci\u00f3n de merengues\u201d y \u201cReparaci\u00f3n mec\u00e1nica de aire acondicionado nivel I\u201d, lo que les permitir\u00e1 adquirir mejores habilidades para desarrollar alg\u00fan emprendimiento, fortalecer sus negocios o postularse para un mejor puesto&nbsp; en el mercado laboral.<\/p>\n\n\n\n<p>En otros asuntos, las y los regidores aprobaron la conformaci\u00f3n de la Comisi\u00f3n T\u00e9cnica Municipal Especializada en el Servicio P\u00fablico de Mercados, organismo mediante el cual se busca analizar, garantizar y ofrecer certeza jur\u00eddica y legal a los concesionarios de los mercados municipales.<\/p>\n\n\n\n<p>En su intervenci\u00f3n, Ruz Castro gradeci\u00f3 la participaci\u00f3n y el inter\u00e9s de las y los regidores al aprobar esta comisi\u00f3n que se encargar\u00e1 de analizar y rendir un dictamen de viabilidad sobre las solicitudes de regularizaci\u00f3n que sean presentadas por las y los ciudadanos.<\/p>\n\n\n\n<p>\u201cVa a ser un trabajo arduo, pero a trav\u00e9s de este organismo vamos a poder dar certeza jur\u00eddica a todos los locatarios de los mercados centrales y los perif\u00e9ricos para que puedan tener la tranquilidad de que el espacio donde laboran les pertenece\u201d, expres\u00f3 el Presidente Municipal.<\/p>\n\n\n\n<p>La Comisi\u00f3n tendr\u00e1 como secretario de la misma al regidor Ricardo Eligio de Jes\u00fas Ascencio Maldonado y junto con \u00e9l participan el secretario municipal, Julio Enrique Sauma Castillo y los regidores, Ram\u00f3n Alberto May Euan, Oscar Eduardo Medina Cruz, y Fernando Jos\u00e9 Alcocer \u00c1vila, as\u00ed como personal de la subdirecci\u00f3n de mercados.<\/p>\n\n\n\n<p>Al inicio de la sesi\u00f3n, tambi\u00e9n se aprob\u00f3 la cuenta p\u00fablica correspondiente al mes de noviembre en el cual los ingresos ascendieron a 483 millones 152 mil 827 pesos sumando un total acumulado de 5 mil 586 millones 222 mil 322 pesos; en cuanto a los gastos ejercidos en ese mismo mes, se inform\u00f3 que fue por la cantidad de 576 millones 770 mil 841 pesos, sumando un total acumulado de 4 mil 804 millones 387 mil 750 pesos.<\/p>\n\n\n\n<p>Por otro lado, en la sesi\u00f3n ordinaria de Cabildo se ratific\u00f3 el Convenio para la Soluci\u00f3n de Conflictos de L\u00edmites Territoriales Intermunicipales entre los municipios de M\u00e9rida y Tixp\u00e9ual, a fin de que ambas jurisdicciones queden en com\u00fan acuerdo respecto a los l\u00edmites territoriales que les pertenece.<\/p>\n\n\n\n<p>En otros asuntos, las y los regidores tambi\u00e9n aprobaron aceptar en donaci\u00f3n, a t\u00edtulo gratuito, el predio n\u00famero 869 ubicado en la calle 23 del fraccionamiento Ciudad Caucel otorgado por la empresa \u201cPromotores de Vivienda de Caucel\u201d.<\/p>\n\n\n\n<p>Asimismo, se autoriz\u00f3 la celebraci\u00f3n de tres Contratos de Traslado de Dominio de Bienes Inmuebles ubicados en el Fraccionamiento Santa Cruz, Segunda Etapa, a favor los ciudadanos Carlos Manuel Balam May, Ramiro Alcocer Novelo y Adriana Violeta Burgos Mart\u00ednez, beneficiarios del programa de Ahorro, Subsidio y Cr\u00e9dito para la Vivienda Progresiva \u201cTu Casa\u201d.<\/p>\n\n\n\n<p>Finalmente, tambi\u00e9n se aprob\u00f3 la Convocatoria y bases de la Licitaci\u00f3n P\u00fablica No. LP- 2023-ADQ-REJILLAS-03, para adquirir con Recursos de Participaciones, los bienes siguientes: Rejillas electroforjadas por inmersi\u00f3n en caliente de superficie lisa de 0.50 mts. de ancho y 2.00 mt. de longitud; de 0.50 mt. de ancho y 1.00 mt. de longitud y de 0.50 mt. de ancho y 0.50 mt. de longitud, requerida por la Direcci\u00f3n de Servicios P\u00fablicos Municipales.<\/p>\n\n\n\n<p><strong>Sesi\u00f3n Extraordinaria.<\/strong><\/p>\n\n\n\n<p>Al t\u00e9rmino de la sesi\u00f3n ordinaria, se realiz\u00f3 otra extraordinaria en la que el cuerpo edilicio aprob\u00f3 el presupuesto de Egresos para ejercicio fiscal de M\u00e9rida 2024 por la cantidad de 5 mil 979 millones 145 mil 199 pesos, que aplicar\u00e1 a diversos rubros a fin de continuar con el desarrollo del Municipio en el que se brinde servicios y obras de calidad a las y los meridanos.<\/p>\n\n\n\n<p>Asimismo, se autoriz\u00f3 un techo financiero de 4 mil 110 millones 526 mil 237 pesos que ser\u00e1 ejercido para las actividades de la presente administraci\u00f3n misma que comprende de enero a septiembre de ese mismo a\u00f1o, quedando un saldo por 1 mil 868 millones 618 mil 962 pesos para lo que resta del a\u00f1o, es decir de septiembre a diciembre de 2024.<\/p>\n<div class='share-to-whatsapp-wrapper'><div class='share-on-whsp'>Share on: <\/div><a data-text='Aprueba Cabildo m\u00e1s programas y acciones para el desarrollo de M\u00e9rida y sus comisar\u00edas' data-link='https:\/\/visionpeninsular.com\/mid\/aprueba-cabildo-mas-programas-y-acciones-para-el-desarrollo-de-merida-y-sus-comisarias\/' class='whatsapp-button whatsapp-share'>WhatsApp<\/a><div class='clear '><\/div><\/div>","protected":false},"excerpt":{"rendered":"<p>M\u00e9rida, Yucat\u00e1n, 15 de diciembre de 2023. A propuesta del Alcalde Alejandro Ruz Castro, las y los integrantes del Cabildo autorizaron celebrar un Convenio de Colaboraci\u00f3n entre el Ayuntamiento de M\u00e9rida y el Centro de Capacitaci\u00f3n para el Trabajo Industrial (CECATI) n\u00famero 6, con el prop\u00f3sito de ofrecer m\u00e1s oportunidades de capacitaci\u00f3n educativa y profesional &hellip;<\/p>\n","protected":false},"author":5,"featured_media":181751,"comment_status":"open","ping_status":"open","sticky":false,"template":"","format":"standard","meta":{"_mi_skip_tracking":false},"categories":[49,37],"tags":[39481,13587,39980],"_links":{"self":[{"href":"https:\/\/visionpeninsular.com\/mid\/wp-json\/wp\/v2\/posts\/181749"}],"collection":[{"href":"https:\/\/visionpeninsular.com\/mid\/wp-json\/wp\/v2\/posts"}],"about":[{"href":"https:\/\/visionpeninsular.com\/mid\/wp-json\/wp\/v2\/types\/post"}],"author":[{"embeddable":true,"href":"https:\/\/visionpeninsular.com\/mid\/wp-json\/wp\/v2\/users\/5"}],"replies":[{"embeddable":true,"href":"https:\/\/visionpeninsular.com\/mid\/wp-json\/wp\/v2\/comments?post=181749"}],"version-history":[{"count":1,"href":"https:\/\/visionpeninsular.com\/mid\/wp-json\/wp\/v2\/posts\/181749\/revisions"}],"predecessor-version":[{"id":181752,"href":"https:\/\/visionpeninsular.com\/mid\/wp-json\/wp\/v2\/posts\/181749\/revisions\/181752"}],"wp:featuredmedia":[{"embeddable":true,"href":"https:\/\/visionpeninsular.com\/mid\/wp-json\/wp\/v2\/media\/181751"}],"wp:attachment":[{"href":"https:\/\/visionpeninsular.com\/mid\/wp-json\/wp\/v2\/media?parent=181749"}],"wp:term":[{"taxonomy":"category","embeddable":true,"href":"https:\/\/visionpeninsular.com\/mid\/wp-json\/wp\/v2\/categories?post=181749"},{"taxonomy":"post_tag","embeddable":true,"href":"https:\/\/visionpeninsular.com\/mid\/wp-json\/wp\/v2\/tags?post=181749"}],"curies":[{"name":"wp","href":"https:\/\/api.w.org\/{rel}","templated":true}]}}