{"id":181515,"date":"2023-12-11T20:13:59","date_gmt":"2023-12-12T02:13:59","guid":{"rendered":"https:\/\/visionpeninsular.com\/mid\/?p=181515"},"modified":"2023-12-11T20:14:00","modified_gmt":"2023-12-12T02:14:00","slug":"llega-el-paseo-navideno-de-las-flores-a-uman-durante-esta-temporada-decembrina","status":"publish","type":"post","link":"https:\/\/visionpeninsular.com\/mid\/llega-el-paseo-navideno-de-las-flores-a-uman-durante-esta-temporada-decembrina\/","title":{"rendered":"Llega el Paseo Navide\u00f1o de las Flores a Um\u00e1n durante esta temporada decembrina"},"content":{"rendered":"\n<ul><li><strong><em>La muestra estar\u00e1 desde hoy y hasta el 6 de enero en un horario de 9:00 a 22:00 horas a un costado de la iglesia San Francisco de As\u00eds de este municipio.<\/em><\/strong><\/li><\/ul>\n\n\n\n<p>M\u00e9rida, Yucat\u00e1n, 11 de diciembre de 2023.- Habitantes de Um\u00e1n pueden disfrutar, en esta temporada decembrina, el atractivo Paseo Navide\u00f1o de las Flores, con figuras como Santa Claus, los Reyes Magos, un duende, un mu\u00f1eco de nieve y un reno, formadas por m\u00e1s de 30 mil flores, entre petunias de varios colores, kalanchoes, panalillos, ageratos, cempazuchitl y la t\u00edpica Flor de Nochebuena para los tapetes vegetales.<\/p>\n\n\n\n<figure class=\"wp-block-image size-full\"><img loading=\"lazy\" width=\"600\" height=\"399\" src=\"https:\/\/visionpeninsular.com\/mid\/wp-content\/uploads\/2023\/12\/floripan-3.jpg\" alt=\"\" class=\"wp-image-181518\" srcset=\"https:\/\/visionpeninsular.com\/mid\/wp-content\/uploads\/2023\/12\/floripan-3.jpg 600w, https:\/\/visionpeninsular.com\/mid\/wp-content\/uploads\/2023\/12\/floripan-3-300x200.jpg 300w, https:\/\/visionpeninsular.com\/mid\/wp-content\/uploads\/2023\/12\/floripan-3-310x205.jpg 310w\" sizes=\"(max-width: 600px) 100vw, 600px\" \/><\/figure>\n\n\n\n<p>Esta exposici\u00f3n que promueve el Gobernador Mauricio Vila Dosal para acercar a la poblaci\u00f3n yucateca momentos de diversi\u00f3n y sano esparcimiento, estar\u00e1 desde hoy y hasta el 6 de enero en un horario de 9:00 a 22:00 horas a un costado de la iglesia San Francisco de As\u00eds de este municipio.&nbsp;&nbsp;<\/p>\n\n\n\n<figure class=\"wp-block-image size-full\"><img loading=\"lazy\" width=\"600\" height=\"396\" src=\"https:\/\/visionpeninsular.com\/mid\/wp-content\/uploads\/2023\/12\/floripan-4.jpg\" alt=\"\" class=\"wp-image-181519\" srcset=\"https:\/\/visionpeninsular.com\/mid\/wp-content\/uploads\/2023\/12\/floripan-4.jpg 600w, https:\/\/visionpeninsular.com\/mid\/wp-content\/uploads\/2023\/12\/floripan-4-300x198.jpg 300w, https:\/\/visionpeninsular.com\/mid\/wp-content\/uploads\/2023\/12\/floripan-4-310x205.jpg 310w\" sizes=\"(max-width: 600px) 100vw, 600px\" \/><\/figure>\n\n\n\n<p>Sorprendido de ver un Santa Claus formado con flores, estaba el peque\u00f1o Luis con su mam\u00e1 Sandra Rojas, quienes acudieron al Paseo Navide\u00f1o de las Flores para presenciar la tan esperada muestra.<\/p>\n\n\n\n<p>\u201cMe encantan las flores, en la casa tenemos sembrados muchos \u00e1rboles de frutas y flores, por eso cuando nos enteramos que iban a poner esto, le dije a mi hijo tenemos que ir a verlo y, la verdad, nos encant\u00f3, es muy bonito, qu\u00e9 bueno que ahora pudieron traerlo a Um\u00e1n\u201d, destac\u00f3 Sandra.<\/p>\n\n\n\n<figure class=\"wp-block-image size-full\"><img loading=\"lazy\" width=\"600\" height=\"404\" src=\"https:\/\/visionpeninsular.com\/mid\/wp-content\/uploads\/2023\/12\/floripan-6.jpg\" alt=\"\" class=\"wp-image-181520\" srcset=\"https:\/\/visionpeninsular.com\/mid\/wp-content\/uploads\/2023\/12\/floripan-6.jpg 600w, https:\/\/visionpeninsular.com\/mid\/wp-content\/uploads\/2023\/12\/floripan-6-300x202.jpg 300w, https:\/\/visionpeninsular.com\/mid\/wp-content\/uploads\/2023\/12\/floripan-6-110x75.jpg 110w\" sizes=\"(max-width: 600px) 100vw, 600px\" \/><\/figure>\n\n\n\n<p>Cabe recordar que en d\u00edas pasados el Gobernador Mauricio Vila inaugur\u00f3 en M\u00e9rida el Paseo Navide\u00f1o de las Flores en la Explanada c\u00edvica del Parque de La Plancha, considerado el mejor de M\u00e9xico, donde la gente podr\u00e1 observar un tapete vegetal con figuras como los Reyes Magos, un nacimiento, as\u00ed como esculturas vegetales que incluyen una pi\u00f1ata, osos polares y el personaje principal de la navidad, Santa Claus.<\/p>\n\n\n\n<p>Junto a sus amigas Ximena y Doris, Daniela Dzul acudi\u00f3 a visitar esta exhibici\u00f3n despu\u00e9s de la escuela, donde actualmente cursa el tercer a\u00f1o de secundaria.<\/p>\n\n\n\n<figure class=\"wp-block-image size-full\"><img loading=\"lazy\" width=\"600\" height=\"396\" src=\"https:\/\/visionpeninsular.com\/mid\/wp-content\/uploads\/2023\/12\/floripan-7.jpg\" alt=\"\" class=\"wp-image-181521\" srcset=\"https:\/\/visionpeninsular.com\/mid\/wp-content\/uploads\/2023\/12\/floripan-7.jpg 600w, https:\/\/visionpeninsular.com\/mid\/wp-content\/uploads\/2023\/12\/floripan-7-300x198.jpg 300w, https:\/\/visionpeninsular.com\/mid\/wp-content\/uploads\/2023\/12\/floripan-7-310x205.jpg 310w\" sizes=\"(max-width: 600px) 100vw, 600px\" \/><\/figure>\n\n\n\n<p>\u201cEst\u00e1 muy padre y colorido, nos gust\u00f3 mucho, adem\u00e1s as\u00ed tenemos un lugar donde ir despu\u00e9s de clases o venir con nuestras familias a pasear. El a\u00f1o pasado fuimos a M\u00e9rida a verlo, pero ahorita lo tenemos cerca para venir las veces que queramos\u201d, coment\u00f3 la joven.<\/p>\n\n\n\n<p>As\u00ed como en Um\u00e1n, familias vallisoletanas podr\u00e1n apreciar esta exhibici\u00f3n a partir del 13 de diciembre en el parque Sisal, a un lado del convento de San Bernardino de Siena. Ah\u00ed podr\u00e1n apreciar figuras como arbolitos navide\u00f1os, un trineo tirado por renos, elfos y osos polares.<\/p>\n\n\n\n<figure class=\"wp-block-image size-full\"><img loading=\"lazy\" width=\"600\" height=\"425\" src=\"https:\/\/visionpeninsular.com\/mid\/wp-content\/uploads\/2023\/12\/floripan-8.jpg\" alt=\"\" class=\"wp-image-181522\" srcset=\"https:\/\/visionpeninsular.com\/mid\/wp-content\/uploads\/2023\/12\/floripan-8.jpg 600w, https:\/\/visionpeninsular.com\/mid\/wp-content\/uploads\/2023\/12\/floripan-8-300x213.jpg 300w\" sizes=\"(max-width: 600px) 100vw, 600px\" \/><\/figure>\n\n\n\n<p>Mientras que en Izamal, grandes y peque\u00f1os podr\u00e1n gozar del 15 de diciembre al 6 de enero de representaciones de arte vegetal con Santa Claus entregando regalos, mu\u00f1ecos de nieve, un cascanueces, la tradicional pi\u00f1ata y un caballito de madera, en la calle del convento.<\/p>\n\n\n\n<figure class=\"wp-block-image size-full\"><img loading=\"lazy\" width=\"600\" height=\"398\" src=\"https:\/\/visionpeninsular.com\/mid\/wp-content\/uploads\/2023\/12\/floripan-9.jpg\" alt=\"\" class=\"wp-image-181523\" srcset=\"https:\/\/visionpeninsular.com\/mid\/wp-content\/uploads\/2023\/12\/floripan-9.jpg 600w, https:\/\/visionpeninsular.com\/mid\/wp-content\/uploads\/2023\/12\/floripan-9-300x199.jpg 300w, https:\/\/visionpeninsular.com\/mid\/wp-content\/uploads\/2023\/12\/floripan-9-310x205.jpg 310w\" sizes=\"(max-width: 600px) 100vw, 600px\" \/><\/figure>\n\n\n\n<p>El recorrido del Paseo Navide\u00f1o de las Flores ser\u00e1 gratuito para toda la familia en los municipios antes mencionados y tendr\u00e1 un horario de 9:00 a 22:00 horas.<\/p>\n<div class='share-to-whatsapp-wrapper'><div class='share-on-whsp'>Share on: <\/div><a data-text='Llega el Paseo Navide\u00f1o de las Flores a Um\u00e1n durante esta temporada decembrina' data-link='https:\/\/visionpeninsular.com\/mid\/llega-el-paseo-navideno-de-las-flores-a-uman-durante-esta-temporada-decembrina\/' class='whatsapp-button whatsapp-share'>WhatsApp<\/a><div class='clear '><\/div><\/div>","protected":false},"excerpt":{"rendered":"<p>La muestra estar\u00e1 desde hoy y hasta el 6 de enero en un horario de 9:00 a 22:00 horas a un costado de la iglesia San Francisco de As\u00eds de este municipio. M\u00e9rida, Yucat\u00e1n, 11 de diciembre de 2023.- Habitantes de Um\u00e1n pueden disfrutar, en esta temporada decembrina, el atractivo Paseo Navide\u00f1o de las Flores, &hellip;<\/p>\n","protected":false},"author":5,"featured_media":181517,"comment_status":"open","ping_status":"open","sticky":false,"template":"","format":"standard","meta":{"_mi_skip_tracking":false},"categories":[49,37],"tags":[39909,185,34084,145],"_links":{"self":[{"href":"https:\/\/visionpeninsular.com\/mid\/wp-json\/wp\/v2\/posts\/181515"}],"collection":[{"href":"https:\/\/visionpeninsular.com\/mid\/wp-json\/wp\/v2\/posts"}],"about":[{"href":"https:\/\/visionpeninsular.com\/mid\/wp-json\/wp\/v2\/types\/post"}],"author":[{"embeddable":true,"href":"https:\/\/visionpeninsular.com\/mid\/wp-json\/wp\/v2\/users\/5"}],"replies":[{"embeddable":true,"href":"https:\/\/visionpeninsular.com\/mid\/wp-json\/wp\/v2\/comments?post=181515"}],"version-history":[{"count":1,"href":"https:\/\/visionpeninsular.com\/mid\/wp-json\/wp\/v2\/posts\/181515\/revisions"}],"predecessor-version":[{"id":181524,"href":"https:\/\/visionpeninsular.com\/mid\/wp-json\/wp\/v2\/posts\/181515\/revisions\/181524"}],"wp:featuredmedia":[{"embeddable":true,"href":"https:\/\/visionpeninsular.com\/mid\/wp-json\/wp\/v2\/media\/181517"}],"wp:attachment":[{"href":"https:\/\/visionpeninsular.com\/mid\/wp-json\/wp\/v2\/media?parent=181515"}],"wp:term":[{"taxonomy":"category","embeddable":true,"href":"https:\/\/visionpeninsular.com\/mid\/wp-json\/wp\/v2\/categories?post=181515"},{"taxonomy":"post_tag","embeddable":true,"href":"https:\/\/visionpeninsular.com\/mid\/wp-json\/wp\/v2\/tags?post=181515"}],"curies":[{"name":"wp","href":"https:\/\/api.w.org\/{rel}","templated":true}]}}