{"id":181471,"date":"2023-12-11T09:32:02","date_gmt":"2023-12-11T15:32:02","guid":{"rendered":"https:\/\/visionpeninsular.com\/mid\/?p=181471"},"modified":"2023-12-11T09:32:03","modified_gmt":"2023-12-11T15:32:03","slug":"la-sociedad-yucateca-se-volco-en-las-calles-de-merida-para-apoyar-a-xochitl-galvez","status":"publish","type":"post","link":"https:\/\/visionpeninsular.com\/mid\/la-sociedad-yucateca-se-volco-en-las-calles-de-merida-para-apoyar-a-xochitl-galvez\/","title":{"rendered":"La Sociedad Yucateca se volc\u00f3 en las calles de M\u00e9rida para apoyar a X\u00f3chitl G\u00e1lvez"},"content":{"rendered":"\n<h2 class=\"has-text-align-center\">\u2022Ciudadanos desde diversos puntos de la capital yucateca salieron con gran \u00e1nimo para hacer diversas rutas llevando un mensaje de \u00e1nimo para los meridanos <\/h2>\n\n\n\n<p>M\u00e9rida, Yucat\u00e1n, a 11 de diciembre de 2023.\u2013 Numeroso grupo de ciudadanos participaron ayer domingo en la caravana vehicular en apoyo a X\u00f3chitl G\u00e1lvez Ruiz, precandidata de la coalici\u00f3n \u201cFuerza y Coraz\u00f3n por M\u00e9xico\u201d para la presidencia de la Rep\u00fablica; se calcul\u00f3 que participaron aproximadamente 500 veh\u00edculos en total.<\/p>\n\n\n\n<p>La magna caravana sali\u00f3 de cinco puntos de partida de M\u00e9rida: El Parque de la Paz, estacionamiento del Polif\u00f3rum Zamn\u00e1, en la glorieta del monumento al Juego de Pelota en el fraccionamiento del Parque, Plaza Altabrisa y el parque de la comisar\u00eda de Chablekal para luego unirse en un ambiente festivo en un costado del llamado \u201cmalec\u00f3n\u201d de Pensiones.<\/p>\n\n\n\n<p>Hay que destacar que, fuera de algunos pol\u00edticos, la presencia y participaci\u00f3n m\u00e1s notables fueron, en mayoritaria, de la ciudadan\u00eda que de manera voluntaria y con \u00e1nimos de mejorar a M\u00e9xico se sumaron a este proyecto. <\/p>\n\n\n\n<p>Por eso es importante reconocer el trabajo realizado por las Organizaciones de la Sociedad Civil y colectivos ciudadanos unidos y espont\u00e1neos en redes sociales que apoyan a la precandidata de \u201cFuerza y Coraz\u00f3n por M\u00e9xico\u201d.<\/p>\n\n\n\n<p>Estos grupos han demostrado su compromiso y entrega para atrabajar en equipo con ella &#8211; con X\u00d3CHITL- para reconstruir el pa\u00eds , para que sea un mejor lugar para vivir y por eso grupos aut\u00f3nomos , org\u00e1nicos, de la ciudadan\u00eda buscan impulsar cada d\u00eda m\u00e1s la participaci\u00f3n de las y los yucatecos a favor de X\u00f3chitl G\u00e1lvez de cara al 2024.<\/p>\n\n\n\n<p>Durante los recorridos se fueron dando manifestaciones espont\u00e1neas de quienes ve\u00edan con asombro y alegr\u00eda el paso de las diversas caravanas haciendo se\u00f1ales positivas o bien haciendo sonar el claxon de sus veh\u00edculos; y fueron muy pocas las expresiones negativas que se pudieron observar.<\/p>\n\n\n\n<figure class=\"wp-block-image size-full\"><img loading=\"lazy\" width=\"1024\" height=\"576\" src=\"https:\/\/visionpeninsular.com\/mid\/wp-content\/uploads\/2023\/12\/IMG-20231211-WA0009.jpg\" alt=\"\" class=\"wp-image-181473\" srcset=\"https:\/\/visionpeninsular.com\/mid\/wp-content\/uploads\/2023\/12\/IMG-20231211-WA0009.jpg 1024w, https:\/\/visionpeninsular.com\/mid\/wp-content\/uploads\/2023\/12\/IMG-20231211-WA0009-300x169.jpg 300w, https:\/\/visionpeninsular.com\/mid\/wp-content\/uploads\/2023\/12\/IMG-20231211-WA0009-768x432.jpg 768w\" sizes=\"(max-width: 1024px) 100vw, 1024px\" \/><figcaption>Caravana en apoyo a X\u00f3chitl G\u00e0lvez Ruiz, precandidata de la coalici\u00f3n Fuerza y Coraz\u00f3n por M\u00e9xico para la presidencia. Fotograf\u00eda: Visi\u00f3n Peninsular<\/figcaption><\/figure>\n\n\n\n<figure class=\"wp-block-image size-full\"><img loading=\"lazy\" width=\"768\" height=\"1024\" src=\"https:\/\/visionpeninsular.com\/mid\/wp-content\/uploads\/2023\/12\/IMG-20231211-WA0006.jpg\" alt=\"\" class=\"wp-image-181474\" srcset=\"https:\/\/visionpeninsular.com\/mid\/wp-content\/uploads\/2023\/12\/IMG-20231211-WA0006.jpg 768w, https:\/\/visionpeninsular.com\/mid\/wp-content\/uploads\/2023\/12\/IMG-20231211-WA0006-225x300.jpg 225w\" sizes=\"(max-width: 768px) 100vw, 768px\" \/><figcaption>Diana Canto Moreno, Mar\u00eda Eugenia N\u00fa\u00f1ez Zapata y Rita Farjat en la caravana de apoyo a X\u00f3chitl. <\/figcaption><\/figure>\n\n\n\n<figure class=\"wp-block-image size-full\"><img loading=\"lazy\" width=\"1024\" height=\"768\" src=\"https:\/\/visionpeninsular.com\/mid\/wp-content\/uploads\/2023\/12\/IMG-20231211-WA0010.jpg\" alt=\"\" class=\"wp-image-181475\" srcset=\"https:\/\/visionpeninsular.com\/mid\/wp-content\/uploads\/2023\/12\/IMG-20231211-WA0010.jpg 1024w, https:\/\/visionpeninsular.com\/mid\/wp-content\/uploads\/2023\/12\/IMG-20231211-WA0010-300x225.jpg 300w, https:\/\/visionpeninsular.com\/mid\/wp-content\/uploads\/2023\/12\/IMG-20231211-WA0010-768x576.jpg 768w\" sizes=\"(max-width: 1024px) 100vw, 1024px\" \/><figcaption>Simpatizantes y ciudadanos en el malec\u00f3n de Pensiones al concluir la caravana. Fotos: VP<\/figcaption><\/figure>\n<div class='share-to-whatsapp-wrapper'><div class='share-on-whsp'>Share on: <\/div><a data-text='La Sociedad Yucateca se volc\u00f3 en las calles de M\u00e9rida para apoyar a X\u00f3chitl G\u00e1lvez' data-link='https:\/\/visionpeninsular.com\/mid\/la-sociedad-yucateca-se-volco-en-las-calles-de-merida-para-apoyar-a-xochitl-galvez\/' class='whatsapp-button whatsapp-share'>WhatsApp<\/a><div class='clear '><\/div><\/div>","protected":false},"excerpt":{"rendered":"<p>\u2022Ciudadanos desde diversos puntos de la capital yucateca salieron con gran \u00e1nimo para hacer diversas rutas llevando un mensaje de \u00e1nimo para los meridanos M\u00e9rida, Yucat\u00e1n, a 11 de diciembre de 2023.\u2013 Numeroso grupo de ciudadanos participaron ayer domingo en la caravana vehicular en apoyo a X\u00f3chitl G\u00e1lvez Ruiz, precandidata de la coalici\u00f3n \u201cFuerza y &hellip;<\/p>\n","protected":false},"author":11,"featured_media":181473,"comment_status":"open","ping_status":"open","sticky":false,"template":"","format":"standard","meta":{"_mi_skip_tracking":false},"categories":[49,37],"tags":[39880,39620,31775,39881,13607,37255],"_links":{"self":[{"href":"https:\/\/visionpeninsular.com\/mid\/wp-json\/wp\/v2\/posts\/181471"}],"collection":[{"href":"https:\/\/visionpeninsular.com\/mid\/wp-json\/wp\/v2\/posts"}],"about":[{"href":"https:\/\/visionpeninsular.com\/mid\/wp-json\/wp\/v2\/types\/post"}],"author":[{"embeddable":true,"href":"https:\/\/visionpeninsular.com\/mid\/wp-json\/wp\/v2\/users\/11"}],"replies":[{"embeddable":true,"href":"https:\/\/visionpeninsular.com\/mid\/wp-json\/wp\/v2\/comments?post=181471"}],"version-history":[{"count":1,"href":"https:\/\/visionpeninsular.com\/mid\/wp-json\/wp\/v2\/posts\/181471\/revisions"}],"predecessor-version":[{"id":181476,"href":"https:\/\/visionpeninsular.com\/mid\/wp-json\/wp\/v2\/posts\/181471\/revisions\/181476"}],"wp:featuredmedia":[{"embeddable":true,"href":"https:\/\/visionpeninsular.com\/mid\/wp-json\/wp\/v2\/media\/181473"}],"wp:attachment":[{"href":"https:\/\/visionpeninsular.com\/mid\/wp-json\/wp\/v2\/media?parent=181471"}],"wp:term":[{"taxonomy":"category","embeddable":true,"href":"https:\/\/visionpeninsular.com\/mid\/wp-json\/wp\/v2\/categories?post=181471"},{"taxonomy":"post_tag","embeddable":true,"href":"https:\/\/visionpeninsular.com\/mid\/wp-json\/wp\/v2\/tags?post=181471"}],"curies":[{"name":"wp","href":"https:\/\/api.w.org\/{rel}","templated":true}]}}