{"id":181340,"date":"2023-12-07T19:40:00","date_gmt":"2023-12-08T01:40:00","guid":{"rendered":"https:\/\/visionpeninsular.com\/mid\/?p=181340"},"modified":"2023-12-07T19:40:03","modified_gmt":"2023-12-08T01:40:03","slug":"veronica-camino-va-por-la-senaduria-de-morena-en-yucatan-bajan-a-ramirez-marin","status":"publish","type":"post","link":"https:\/\/visionpeninsular.com\/mid\/veronica-camino-va-por-la-senaduria-de-morena-en-yucatan-bajan-a-ramirez-marin\/","title":{"rendered":"Ver\u00f3nica Camino va por la senadur\u00eda de Morena en Yucat\u00e1n; bajan a Ram\u00edrez Mar\u00edn"},"content":{"rendered":"\n<p>La dirigencia nacional de Morena determin\u00f3, mediante un proceso de insaculaci\u00f3n, &nbsp;que en Yucat\u00e1n sea una mujer quien vaya en la primera f\u00f3rmula para el Senado por la coalici\u00f3n Seguimos Haciendo Historia, integrada por ese instituto pol\u00edtico, PVEM y PT.<\/p>\n\n\n\n<p>Ser\u00e1 la actual senadora Ver\u00f3nica Noem\u00ed Camino Farjat quien vaya en primera f\u00f3rmula, disipando as\u00ed las dudas que el PVEM que ser\u00eda Jorge Carlos Ram\u00edrez Mar\u00edn quien encabezar\u00eda la f\u00f3rmula para el Senado.<\/p>\n\n\n\n<figure class=\"wp-block-image size-full\"><img loading=\"lazy\" width=\"600\" height=\"400\" src=\"https:\/\/visionpeninsular.com\/mid\/wp-content\/uploads\/2023\/12\/pa-bajo.jpg\" alt=\"\" class=\"wp-image-181343\" srcset=\"https:\/\/visionpeninsular.com\/mid\/wp-content\/uploads\/2023\/12\/pa-bajo.jpg 600w, https:\/\/visionpeninsular.com\/mid\/wp-content\/uploads\/2023\/12\/pa-bajo-300x200.jpg 300w\" sizes=\"(max-width: 600px) 100vw, 600px\" \/><\/figure>\n\n\n\n<p>Ver\u00f3nica Camino y Ram\u00edrez Mar\u00edn repiten f\u00f3rmula, pero a diferencia de 2018 se invierten los papeles, ya que la \u00fanica con un esca\u00f1o asegurado en la C\u00e1mara Alta es la legisladora, independientemente si gane o pierda en las urnas.<\/p>\n<div class='share-to-whatsapp-wrapper'><div class='share-on-whsp'>Share on: <\/div><a data-text='Ver\u00f3nica Camino va por la senadur\u00eda de Morena en Yucat\u00e1n; bajan a Ram\u00edrez Mar\u00edn' data-link='https:\/\/visionpeninsular.com\/mid\/veronica-camino-va-por-la-senaduria-de-morena-en-yucatan-bajan-a-ramirez-marin\/' class='whatsapp-button whatsapp-share'>WhatsApp<\/a><div class='clear '><\/div><\/div>","protected":false},"excerpt":{"rendered":"<p>La dirigencia nacional de Morena determin\u00f3, mediante un proceso de insaculaci\u00f3n, &nbsp;que en Yucat\u00e1n sea una mujer quien vaya en la primera f\u00f3rmula para el Senado por la coalici\u00f3n Seguimos Haciendo Historia, integrada por ese instituto pol\u00edtico, PVEM y PT. Ser\u00e1 la actual senadora Ver\u00f3nica Noem\u00ed Camino Farjat quien vaya en primera f\u00f3rmula, disipando as\u00ed &hellip;<\/p>\n","protected":false},"author":5,"featured_media":181342,"comment_status":"open","ping_status":"open","sticky":false,"template":"","format":"standard","meta":{"_mi_skip_tracking":false},"categories":[50,37],"tags":[39840,39839],"_links":{"self":[{"href":"https:\/\/visionpeninsular.com\/mid\/wp-json\/wp\/v2\/posts\/181340"}],"collection":[{"href":"https:\/\/visionpeninsular.com\/mid\/wp-json\/wp\/v2\/posts"}],"about":[{"href":"https:\/\/visionpeninsular.com\/mid\/wp-json\/wp\/v2\/types\/post"}],"author":[{"embeddable":true,"href":"https:\/\/visionpeninsular.com\/mid\/wp-json\/wp\/v2\/users\/5"}],"replies":[{"embeddable":true,"href":"https:\/\/visionpeninsular.com\/mid\/wp-json\/wp\/v2\/comments?post=181340"}],"version-history":[{"count":1,"href":"https:\/\/visionpeninsular.com\/mid\/wp-json\/wp\/v2\/posts\/181340\/revisions"}],"predecessor-version":[{"id":181344,"href":"https:\/\/visionpeninsular.com\/mid\/wp-json\/wp\/v2\/posts\/181340\/revisions\/181344"}],"wp:featuredmedia":[{"embeddable":true,"href":"https:\/\/visionpeninsular.com\/mid\/wp-json\/wp\/v2\/media\/181342"}],"wp:attachment":[{"href":"https:\/\/visionpeninsular.com\/mid\/wp-json\/wp\/v2\/media?parent=181340"}],"wp:term":[{"taxonomy":"category","embeddable":true,"href":"https:\/\/visionpeninsular.com\/mid\/wp-json\/wp\/v2\/categories?post=181340"},{"taxonomy":"post_tag","embeddable":true,"href":"https:\/\/visionpeninsular.com\/mid\/wp-json\/wp\/v2\/tags?post=181340"}],"curies":[{"name":"wp","href":"https:\/\/api.w.org\/{rel}","templated":true}]}}